{"id":75130,"date":"2019-01-26T11:24:10","date_gmt":"2019-01-26T08:24:10","guid":{"rendered":"https:\/\/www.sorubak.com\/blog\/?p=75130"},"modified":"2019-01-26T11:24:10","modified_gmt":"2019-01-26T08:24:10","slug":"art-arda-nasil-yazilir-tdk","status":"publish","type":"post","link":"https:\/\/www.sorubak.com\/blog\/art-arda-nasil-yazilir-tdk.html","title":{"rendered":"Art Arda Nas\u0131l Yaz\u0131l\u0131r? tdk"},"content":{"rendered":"<p><strong>Art Arda m\u0131? Ard Arda m\u0131? Nas\u0131l Yaz\u0131l\u0131r? (TDK)<\/strong><\/p>\n<h3><strong>Art Arda ne demektir?<\/strong><\/h3>\n<p>Kelime<strong>\u00a0<\/strong>anlam\u0131 olarak birbirini takip eden, ard\u0131 s\u0131ra gelen anlam\u0131na gelmektedir.<\/p>\n<p><strong>&#8220;<\/strong>Art arda<strong>&#8221; s\u00f6zc\u00fc\u011f\u00fcn\u00fcn yaz\u0131m\u0131 nas\u0131ld\u0131r?\u00a0<\/strong>&#8220;Art arda&#8221; kelimesinin do\u011fru \u015fekilde yaz\u0131m\u0131 ne \u015fekilde olmal\u0131d\u0131r? Art arda yoksa ard arda m\u0131? T\u00fcrk Dil Kurumu (TDK) taraf\u0131ndan do\u011fru yaz\u0131m\u0131 belirtilmi\u015f olan &#8220;<strong>art arda<\/strong>&#8221; s\u00f6zc\u00fc\u011f\u00fcn\u00fcn T\u00fcrk\u00e7e&#8217;ye uygun olarak yaz\u0131m\u0131 nas\u0131ld\u0131r? &#8220;Art arda&#8221; kelimesinin do\u011fru \u015fekilde yaz\u0131m\u0131. \u0130\u015fte T\u00fcrk Dil Kurumu taraf\u0131ndan\u00a0 belirtilmi\u015f olan verilere g\u00f6re &#8220;<strong>art arda<\/strong>&#8221; kelimesinin do\u011fru olarak yaz\u0131m\u0131 \u015fu \u015fekildedir:<\/p>\n<h3><strong>Art Arda Nas\u0131l Yaz\u0131l\u0131r?<\/strong><\/h3>\n<p>ard arda <span style=\"background-color: #ff0000;\"><strong>\u00d7 (yanl\u0131\u015f)<\/strong><\/span><\/p>\n<p>art arda <span style=\"background-color: #00ff00;\">&#x2714; (do\u011fru)<\/span><\/p>\n<h3><strong>Art arda m\u0131, Ard arda m\u0131?<\/strong><\/h3>\n<p>Kelimenin do\u011fru yaz\u0131l\u0131\u015f\u0131: <strong>art arda<\/strong><\/p>\n<h3><strong>Art arda\u00a0<\/strong><strong>\u00d6rnek C\u00fcmlede Kullan\u0131m\u0131<\/strong><\/h3>\n<p><strong>&#8211;\u00a0<\/strong>T\u00fcm s\u0131k\u0131nt\u0131lar\u0131n\u00a0<strong>art arda\u00a0<\/strong>gelmesi onu ciddi anlamda y\u0131pratm\u0131\u015ft\u0131.<\/p>\n<p>&#8211; \u0130ki \u00e7ocu\u011funu da\u00a0<strong>art\u00a0arda\u00a0<\/strong>d\u00fcnyaya getirdi.<\/p>\n<p>&#8211; Her biri\u00a0<strong>art arda\u00a0<\/strong>g\u00f6\u00e7\u00fcp gittiler hayat\u0131m\u0131zdan.<\/p>\n<p>&#8211;\u00a0<strong>Art arda<\/strong>\u00a0gelen iki dolmu\u015f da t\u0131kl\u0131m t\u0131kl\u0131m doluydu.<\/p>\n<p>&#8211; B\u00fct\u00fcn masraflar<strong>\u00a0art arda<\/strong>\u00a0geldi\u011finden eli bu ay bir hayli s\u0131k\u0131\u015fm\u0131\u015ft\u0131.<\/p>\n<p>&#8211; T\u00fcm \u00e7al\u0131\u015fmalar\u00a0<strong>art arda<\/strong>\u00a0gelmi\u015fti ve bu da onu \u00e7ok yormu\u015ftu.<\/p>\n<p>&#8211; Ya\u011fmur ve kar birbirini izleyerek\u00a0<strong>art arda\u00a0<\/strong>ya\u011fm\u0131\u015ft\u0131.<\/p>\n<p>&#8211;\u00a0<strong>Art arda\u00a0<\/strong>gelen ya\u011fmur ve g\u00f6kku\u015fa\u011f\u0131 hepimizi \u015fa\u015f\u0131rtm\u0131\u015ft\u0131.<\/p>\n<p>&#8211; \u0130ki karde\u015f masada <strong>art arda<\/strong> oturmu\u015flard\u0131.<\/p>\n<p><strong>&#8211; Art arda<\/strong>gelen iki arkada\u015f ayak\u00fcst\u00fc bir \u015feyler konu\u015fup ayr\u0131ld\u0131lar.<\/p>\n","protected":false},"excerpt":{"rendered":"<p>Art Arda m\u0131? Ard Arda m\u0131? Nas\u0131l Yaz\u0131l\u0131r? (TDK) Art Arda ne demektir? Kelime\u00a0anlam\u0131 olarak birbirini takip eden, ard\u0131 s\u0131ra gelen anlam\u0131na gelmektedir. &#8220;Art arda&#8221; s\u00f6zc\u00fc\u011f\u00fcn\u00fcn yaz\u0131m\u0131 nas\u0131ld\u0131r?\u00a0&#8220;Art arda&#8221; kelimesinin do\u011fru \u015fekilde yaz\u0131m\u0131 ne \u015fekilde olmal\u0131d\u0131r? Art arda yoksa ard arda m\u0131? T\u00fcrk Dil Kurumu (TDK) taraf\u0131ndan do\u011fru yaz\u0131m\u0131 belirtilmi\u015f olan &#8220;art arda&#8221; s\u00f6zc\u00fc\u011f\u00fcn\u00fcn T\u00fcrk\u00e7e&#8217;ye &#8230; <a title=\"Art Arda Nas\u0131l Yaz\u0131l\u0131r? tdk\" class=\"read-more\" href=\"https:\/\/www.sorubak.com\/blog\/art-arda-nasil-yazilir-tdk.html\" aria-label=\"More on Art Arda Nas\u0131l Yaz\u0131l\u0131r? tdk\">Devam\u0131n\u0131 oku&#8230;<\/a><\/p>\n","protected":false},"author":1,"featured_media":75013,"comment_status":"open","ping_status":"open","sticky":false,"template":"","format":"standard","meta":{"footnotes":""},"categories":[21562],"tags":[21612,21611],"class_list":["post-75130","post","type-post","status-publish","format-standard","has-post-thumbnail","hentry","category-nasil-yazilir","tag-ard-arda-mi","tag-art-arda-mi"],"_links":{"self":[{"href":"https:\/\/www.sorubak.com\/blog\/wp-json\/wp\/v2\/posts\/75130","targetHints":{"allow":["GET"]}}],"collection":[{"href":"https:\/\/www.sorubak.com\/blog\/wp-json\/wp\/v2\/posts"}],"about":[{"href":"https:\/\/www.sorubak.com\/blog\/wp-json\/wp\/v2\/types\/post"}],"author":[{"embeddable":true,"href":"https:\/\/www.sorubak.com\/blog\/wp-json\/wp\/v2\/users\/1"}],"replies":[{"embeddable":true,"href":"https:\/\/www.sorubak.com\/blog\/wp-json\/wp\/v2\/comments?post=75130"}],"version-history":[{"count":0,"href":"https:\/\/www.sorubak.com\/blog\/wp-json\/wp\/v2\/posts\/75130\/revisions"}],"wp:featuredmedia":[{"embeddable":true,"href":"https:\/\/www.sorubak.com\/blog\/wp-json\/wp\/v2\/media\/75013"}],"wp:attachment":[{"href":"https:\/\/www.sorubak.com\/blog\/wp-json\/wp\/v2\/media?parent=75130"}],"wp:term":[{"taxonomy":"category","embeddable":true,"href":"https:\/\/www.sorubak.com\/blog\/wp-json\/wp\/v2\/categories?post=75130"},{"taxonomy":"post_tag","embeddable":true,"href":"https:\/\/www.sorubak.com\/blog\/wp-json\/wp\/v2\/tags?post=75130"}],"curies":[{"name":"wp","href":"https:\/\/api.w.org\/{rel}","templated":true}]}}