{"id":75105,"date":"2019-01-25T10:40:46","date_gmt":"2019-01-25T07:40:46","guid":{"rendered":"https:\/\/www.sorubak.com\/blog\/?p=75105"},"modified":"2019-01-25T10:41:03","modified_gmt":"2019-01-25T07:41:03","slug":"2019-meb-yonetici-atama-takvimi","status":"publish","type":"post","link":"https:\/\/www.sorubak.com\/blog\/2019-meb-yonetici-atama-takvimi.html","title":{"rendered":"2019 MEB Y\u00f6netici Atama Takvimi"},"content":{"rendered":"<p><strong>Milli E\u011fitim Bakanl\u0131\u011f\u0131&#8217;n\u0131n 2019 y\u0131l\u0131 y\u00f6netici g\u00f6revlendirme yaz\u0131s\u0131 yay\u0131mland\u0131. Yaz\u0131ya g\u00f6re, s\u00fcre\u00e7 18 \u015eubat&#8217;ta ba\u015flay\u0131p 19 Nisan&#8217;da tamamlanacak.<\/strong><\/p>\n<p><strong>\u0130\u015fte MEB&#8217;in resmi olarak DYS \u00fczerinden illere g\u00f6nderdi\u011fi duyuru ve takvim:<\/strong><\/p>\n<p><strong>2019YILI E\u011e\u0130T\u0130M KURUMLARI Y\u00d6NET\u0130C\u0130 G\u00d6REVLEND\u0130R\u0130LMES\u0130NE \u0130L\u0130\u015eK\u0130N DUYURU<\/strong><\/p>\n<p>Milli E\u011fitim Bakanl\u0131\u011f\u0131 E\u011fitim Kurumlar\u0131na Y\u00f6netici G\u00f6revlendirme Y\u00f6netmeli\u011fi h\u00fck\u00fcmleri gere\u011fi e\u011fitim kurumlar\u0131na ekte g\u00f6nderilen takvime g\u00f6re yeniden ve ilk defa g\u00f6revlendirme suretiyle a\u015fa\u011f\u0131daki esaslara g\u00f6re valiliklerce ba\u015fvuru al\u0131narak g\u00f6revlendirme yap\u0131lacakt\u0131r.<\/p>\n<p>E\u011fitim kurumlar\u0131 y\u00f6neticiliklerine g\u00f6revlendirmeler, ilk defa ve yeniden olmak \u00fczere ger\u00e7ekle\u015ftirilecek olup \u00f6nce mevcut y\u00f6neticilerin yeniden g\u00f6revlendirmeleri, daha sonra ilk defa y\u00f6netici olacaklar\u0131n g\u00f6revlendirmeleri yap\u0131lacakt\u0131r.<br \/>\nYeniden g\u00f6revlendirmeler ekteki takvim \u00e7er\u00e7evesinde ger\u00e7ekle\u015ftirilecek olup, ilk defa g\u00f6revlendirileceklere ili\u015fkin takvim ise \u00d6SYM taraf\u0131ndan yap\u0131lacak se\u00e7me s\u0131nav\u0131 duyurusundan sonra ayr\u0131ca yay\u0131nlanacakt\u0131r.<\/p>\n<p><strong>A- E\u011e\u0130T\u0130M KURUMU Y\u00d6NET\u0130C\u0130L\u0130KLER\u0130NE YEN\u0130DEN G\u00d6REVLEND\u0130RME<\/strong><\/p>\n<p>a) Mevcut y\u00f6neticilerin g\u00f6rev s\u00fcrelerinin de\u011ferlendirilmesi<\/p>\n<p>1- Y\u00f6neticilikte ge\u00e7en d\u00f6rt y\u0131ll\u0131k s\u00fcrenin hesab\u0131nda; en son yap\u0131lan g\u00f6revlendirme tarihinden itibaren ayn\u0131 unvanla ge\u00e7irilen hizmet s\u00fcrelerinin toplam\u0131 esas al\u0131nacakt\u0131r.<\/p>\n<p>2- D\u00f6rt y\u0131ll\u0131k g\u00f6rev s\u00fcresinin hesab\u0131nda; 14\/06\/2019tarihinden \u00f6nce ayn\u0131 e\u011fitim kurumunda ayn\u0131 unvanla ge\u00e7en g\u00f6rev s\u00fcrelerinin tamam\u0131 dikkate al\u0131nacakt\u0131r.<\/p>\n<p>3- Ayn\u0131 e\u011fitim kurumunda sekiz y\u0131ll\u0131k g\u00f6rev s\u00fcresinin hesab\u0131nda; 14\/06\/2019tarihinden \u00f6nce ayn\u0131 e\u011fitim kurumunda ayn\u0131 unvanla ge\u00e7en g\u00f6rev s\u00fcrelerinin toplam\u0131 dikkate al\u0131nacakt\u0131r.<\/p>\n<p>4- Bulundu\u011fu e\u011fitim kurumundaki d\u00f6rt y\u0131ll\u0131k s\u00fcrenin hesab\u0131nda, di\u011fer e\u011fitim kurumlar\u0131nda kurucu m\u00fcd\u00fcrl\u00fck ve m\u00fcd\u00fcr yetkili \u00f6\u011fretmenlikte ge\u00e7en s\u00fcreler ile y\u00f6neticilikte (m\u00fcd\u00fcr, m\u00fcd\u00fcr ba\u015fyard\u0131mc\u0131s\u0131, m\u00fcd\u00fcr yard\u0131mc\u0131s\u0131) vekaleten ve ge\u00e7ici g\u00f6rev kapsam\u0131nda ge\u00e7en s\u00fcreler dikkate al\u0131nmayacakt\u0131r.<\/p>\n<p>5- Bulundu\u011fu e\u011fitim kurumundaki d\u00f6rt y\u0131ll\u0131k s\u00fcrenin hesab\u0131na, y\u0131ll\u0131k izin, hastal\u0131k izni, ayl\u0131ks\u0131z izin, y\u00f6neticilik (m\u00fcd\u00fcr, m\u00fcd\u00fcr ba\u015fyard\u0131mc\u0131 ve m\u00fcd\u00fcr yard\u0131mc\u0131s\u0131) d\u0131\u015f\u0131ndaki ge\u00e7ici g\u00f6rev ve benzeri nedenlerle fiilen yap\u0131lmayan y\u00f6neticilik g\u00f6revleri de dahil edilecektir.<\/p>\n<p>6- Y\u00f6neticilik g\u00f6revi herhangi bir sebeple \u00fczerinden al\u0131nanlardan, i\u015flemin y\u00fcr\u00fct\u00fclmesinin durdurulmas\u0131 veya iptaline ili\u015fkin verilen yarg\u0131 karar\u0131 gere\u011fince y\u00f6neticilik g\u00f6revine d\u00f6nd\u00fcr\u00fclenlerin g\u00f6rev s\u00fcrelerinin hesab\u0131na, y\u00f6neticilik g\u00f6revinden al\u0131nd\u0131klar\u0131 tarih ile yeniden y\u00f6neticili\u011fe d\u00f6nd\u00fcr\u00fcld\u00fckleri tarih aras\u0131nda ge\u00e7en s\u00fcreler de dahil edilecektir.<\/p>\n<p>7- D\u00f6rt y\u0131ll\u0131k y\u00f6neticilik g\u00f6rev s\u00fcresi dolan m\u00fcd\u00fcr ba\u015fyard\u0131mc\u0131lar\u0131 istemeleri halinde Y\u00f6netmeli\u011fin ge\u00e7ici 2 inci maddesi gere\u011fi yeniden g\u00f6revlendirme kapsam\u0131nda m\u00fcd\u00fcr yard\u0131mc\u0131l\u0131\u011f\u0131nda g\u00f6revlendirilmek \u00fczere ba\u015fvuruda bulunabileceklerdir. Bu \u015fekilde ba\u015fvuruda bulunan m\u00fcd\u00fcr ba\u015fyard\u0131mc\u0131lar\u0131n\u0131n ba\u015fvurular\u0131 Y\u00f6netmeli\u011fin 28 inci maddesine g\u00f6re de\u011ferlendirilecektir.<\/p>\n<p>8- Yeniden g\u00f6revlendirilecek adaylar\u0131n Ek-1 form \u00fczerinden yap\u0131lacak de\u011ferlendirmelerinde, de\u011ferlendirme ba\u015fvurusunun son g\u00fcn\u00fcnden sonra d\u00fczenlenmi\u015f belgeler dikkate al\u0131nmayacakt\u0131r.<\/p>\n<p>9- Yeniden g\u00f6revlendirmesi yap\u0131lan e\u011fitim kurumu y\u00f6neticilerinden, g\u00f6revlendirmelerin ilan edildi\u011fi tarihten itibaren be\u015f g\u00fcn i\u00e7inde g\u00f6revine ba\u015flayamayaca\u011f\u0131n\u0131 dilek\u00e7e ile beyan edenlerin g\u00f6revlendirmeleri iptal edilecektir. Bunun d\u0131\u015f\u0131nda iptal talebinde bulunanlar\u0131n g\u00f6revlendirmeleri iptal edilmeyecektir.<\/p>\n<p>b) Yeniden g\u00f6revlendirme ba\u015fvurular\u0131<\/p>\n<p>1- Bulunduklar\u0131 e\u011fitim kurumunda ayn\u0131 unvanda d\u00f6rt y\u0131ll\u0131k g\u00f6rev s\u00fcresini dolduran y\u00f6neticiler ayn\u0131 ya da farkl\u0131 e\u011fitim kurumlar\u0131na; bulunduklar\u0131 e\u011fitim kurumunda ayn\u0131 unvanda sekiz y\u0131ll\u0131k g\u00f6rev s\u00fcresini dolduran y\u00f6neticiler ise farkl\u0131 e\u011fitim kurumlar\u0131na yeniden g\u00f6revlendirilmek \u00fczere ba\u015fvuruda bulunabileceklerdir.<\/p>\n<p>2- M\u00fcd\u00fcrl\u00fc\u011fe yeniden g\u00f6revlendirileceklerin Y\u00f6netmeli\u011fin 5 inci Maddesinin 1 inci F\u0131kras\u0131n\u0131n (c) bendi ile 27 \u00fcnc\u00fc maddesinde belirtilen \u015fartlar ile di\u011fer \u015fartlar\u0131 ta\u015f\u0131malar\u0131 gerekmektedir.<\/p>\n<p>3- M\u00fcd\u00fcr yard\u0131mc\u0131l\u0131\u011f\u0131na yeniden g\u00f6revlendirilecekler Y\u00f6netmeli\u011fin 5 inci maddesinin 1 inci f\u0131kras\u0131n\u0131n (c) bendi ve 28 inci maddesinde belirtilen \u015fartlar ile di\u011fer \u015fartlar\u0131 ta\u015f\u0131malar\u0131 gerekmektedir.<\/p>\n<p>4- Halen m\u00fcd\u00fcr ba\u015fyard\u0131mc\u0131s\u0131 olarak g\u00f6rev yapanlardan, bulunduklar\u0131 e\u011fitim kurumlarda d\u00f6rt y\u0131ll\u0131k g\u00f6rev s\u00fcresini dolduranlar Y\u00f6netmeli\u011fin Ge\u00e7ici 2 inci maddesi uyar\u0131nca m\u00fcd\u00fcr yard\u0131mc\u0131s\u0131 olarak g\u00f6revlendirme iste\u011finde bulunabileceklerdir.<\/p>\n<p>c) Yeniden g\u00f6revlendirme<\/p>\n<p>Yeniden g\u00f6revlendirmeler, De\u011ferlendirme Komisyonlar\u0131 taraf\u0131ndan Y\u00f6netmelik eki Ek-1 Form \u00fczerinden yap\u0131lacak de\u011ferlendirme sonucu olu\u015fan puanlar dikkate al\u0131narak puan \u00fcst\u00fcnl\u00fc\u011f\u00fcne g\u00f6re yap\u0131lacakt\u0131r.<\/p>\n<p><strong>B- E\u011e\u0130T\u0130M KURUMU Y\u00d6NET\u0130C\u0130L\u0130KLER\u0130NE \u0130LK DEFA G\u00d6REVLEND\u0130RME<\/strong><\/p>\n<p>a) \u0130lk defa g\u00f6revlendirme ba\u015fvurular\u0131<\/p>\n<p>1- M\u00fcd\u00fcr ve m\u00fcd\u00fcr yard\u0131mc\u0131l\u0131\u011f\u0131na ilk defa g\u00f6revlendirilecekler ile daha \u00f6nce y\u00f6neticilik g\u00f6revinde bulunup halen \u00f6\u011fretmen olarak g\u00f6rev yapanlardan y\u00f6neticili\u011fe g\u00f6revlendirilecekleri kapsamaktad\u0131r. Y\u00f6neticili\u011fe ilk defa g\u00f6revlendirme yaz\u0131l\u0131 s\u0131nav ve s\u00f6zl\u00fc s\u0131nav sonucuna g\u00f6re yap\u0131lacakt\u0131r.<\/p>\n<p>2- M\u00fcd\u00fcr ve m\u00fcd\u00fcr yard\u0131mc\u0131l\u0131\u011f\u0131 bo\u015f bulunan e\u011fitim kurumlar\u0131 ile d\u00f6rt ve sekiz y\u0131ll\u0131k g\u00f6rev s\u00fcresini dolduran m\u00fcd\u00fcr ve m\u00fcd\u00fcr yard\u0131mc\u0131lar\u0131ndan bo\u015falacak e\u011fitim kurumlar\u0131, il milli e\u011fitim m\u00fcd\u00fcrl\u00fcklerince duyurulacakt\u0131r.<\/p>\n<p>3- M\u00fcd\u00fcrl\u00fc\u011fe ilk defa g\u00f6revlendirilecekler Y\u00f6netmeli\u011fin 5 ve 24 \u00fcnc\u00fc maddelerinde belirtilen \u015fartlar ile di\u011fer \u015fartlar\u0131 ta\u015f\u0131malar\u0131 gerekmektedir.<\/p>\n<p>4- M\u00fcd\u00fcr yard\u0131mc\u0131l\u0131\u011f\u0131na ilk defa g\u00f6revlendirilecekler Y\u00f6netmeli\u011fin 5 ve 25 inci maddesinde belirtilen \u015fartlar ile di\u011fer \u015fartlar\u0131 ta\u015f\u0131malar\u0131 gerekmektedir.<\/p>\n<p>b) \u0130lk defa g\u00f6revlendirme<\/p>\n<p>\u0130lk defa g\u00f6revlendirmelerde, adaylar\u0131n yaz\u0131l\u0131 s\u0131nav puan\u0131n\u0131n %80&#8217;\u0131 ile s\u00f6zl\u00fc s\u0131nav puan\u0131n\u0131n %20&#8217;\u0131 dikkate al\u0131narak g\u00f6revlendirmeye esas puanlar\u0131 belirlenecektir. G\u00f6revlendirmeler belirlenen puanlar ile tercihleri dikkate al\u0131narak puan \u00fcst\u00fcnl\u00fc\u011f\u00fc esas\u0131na g\u00f6re yap\u0131lacakt\u0131r.<\/p>\n<p><strong>C- YEN\u0130DEN VE \u0130LK DEFA G\u00d6REVLEND\u0130RMELERDE D\u0130KKATE ALINACAK D\u0130\u011eER HUSUSLAR<\/strong><\/p>\n<p>1- Adaylar, ayn\u0131 g\u00f6revlendirme d\u00f6neminde y\u00f6neticilik g\u00f6revine yeniden g\u00f6revlendirme ya da ilk defa g\u00f6revlendirme kapsam\u0131ndaki ba\u015fvurulardan sadece birisi i\u00e7in ba\u015fvuruda bulunulabileceklerdir.<\/p>\n<p>2- Y\u00f6netmeli\u011fin 4 \u00fcnc\u00fc maddesinin 1 inci f\u0131kras\u0131n\u0131n (h) bendinde; &#8220;\u00d6\u011fretmen: Milli E\u011fitim Bakanl\u0131\u011f\u0131na ba\u011fl\u0131 her derece ve t\u00fcrdeki \u00f6rg\u00fcn ve yayg\u0131n e\u011fitim kurumlar\u0131nda 657 say\u0131l\u0131 Kanunun 4 \u00fcnc\u00fc maddesinin birinci f\u0131kras\u0131n\u0131n (A) ve (B) bentleri kapsam\u0131nda e\u011fitim ve \u00f6\u011fretim hizmeti y\u00fcr\u00fctenleri&#8230; ifade eder.&#8221; \u015feklinde tan\u0131mlanm\u0131\u015ft\u0131r. Bu tan\u0131mdan hareketle, \u015fartlar\u0131 ta\u015f\u0131yan s\u00f6zle\u015fmeli \u00f6\u011fretmenler de e\u011fitim kurumu y\u00f6neticiliklerine g\u00f6revlendirilmek \u00fczere ba\u015fvuruda bulanabileceklerdir.<\/p>\n<p>3- Y\u00f6netmeli\u011fin 5 inci maddesinin birinci f\u0131kras\u0131n\u0131n (c) bendinde, &#8220;G\u00f6revlendirilece\u011fi e\u011fitim kurumu ile ayn\u0131 t\u00fcrdeki e\u011fitim kurumlar\u0131ndan birine \u00f6\u011fretmen olarak atanabilecek nitelikte olmak ve g\u00f6revlendirilece\u011fi e\u011fitim kurumu ile ayn\u0131 t\u00fcrdeki e\u011fitim kurumlar\u0131ndan birinde ayl\u0131k kar\u015f\u0131l\u0131\u011f\u0131nda okutabilece\u011fi ders bulunmak.&#8221; h\u00fckm\u00fcne yer verilmi\u015ftir. G\u00f6revlendirmeler bu h\u00fck\u00fcm esas al\u0131narak yap\u0131laca\u011f\u0131ndan, ba\u015fvurular da buna g\u00f6re yap\u0131lacakt\u0131r.<\/p>\n<p>\u00d6rnek 1- Bir orta\u00f6\u011fretim kurumu b\u00fcnyesinde a\u00e7\u0131lan anas\u0131n\u0131f\u0131na atamas\u0131 yap\u0131lan okul \u00f6ncesi \u00f6\u011fretmeninin her ne kadar bu e\u011fitim kurumuna \u00f6\u011fretmen olarak atamas\u0131 yap\u0131labiliyor ise de okul \u00f6ncesi \u00f6\u011fretmeni alan\u0131 itibar\u0131yla orta\u00f6\u011fretim kurumuna \u00f6\u011fretmen olarak atanabilecek nitelikte olmad\u0131\u011f\u0131ndan bu e\u011fitim kurumuna y\u00f6netici olarak da g\u00f6revlendirilemeyecektir.<\/p>\n<p>\u00d6rnek 2- Elektrik \u00d6\u011fretmenli\u011fi\/E\u011fitimi alan\u0131 bulunmayan orta\u00f6\u011fretim kurumlar\u0131 i\u00e7inde yer alan mesleki ve teknik e\u011fitim kurumlar\u0131na alan\u0131 Elektrik \u00d6\u011fretmenli\u011fi\/E\u011fitimi olan bir \u00f6\u011fretmen emsali mesleki ve teknik e\u011fitim kurumlar\u0131nda bu alan\u0131n bulundu\u011fu dikkate al\u0131narak y\u00f6netici olarak g\u00f6revlendirilebilecektir.<\/p>\n<p>4- E\u011fitim kurumu y\u00f6neticili\u011finden 2018 alan de\u011fi\u015fikli\u011fine ba\u011fl\u0131 olarak ayr\u0131lanlar Y\u00f6netmeli\u011fin 34 \u00fcnc\u00fc maddesinin ikinci f\u0131kras\u0131nda \u00f6ng\u00f6r\u00fclen bir y\u0131ll\u0131k s\u00fcreyi beklemeden Y\u00f6netmelik h\u00fck\u00fcmlerine g\u00f6re ilk defa g\u00f6revlendirme kapsam\u0131nda y\u00f6neticilik g\u00f6revine ba\u015fvuruda bulunabileceklerdir.<\/p>\n<p><strong>D- YETK\u0130 VE SORUMLULUKLAR<\/strong><\/p>\n<p>1- Adaylar, ba\u015fvurular\u0131na esas MEBB\u0130S kay\u0131tlar\u0131ndaki bilgilerin d\u00fczeltilmesi ve g\u00fcncellenmesinden kendileri sorumlu olacakt\u0131r. Bu itibarla, ba\u015fvuru \u00f6ncesinde MEBB\u0130S kay\u0131tlar\u0131ndaki bilgilerin g\u00fcncellenmesi gerekmektedir. Adaylar\u0131n MEBB\u0130S kay\u0131tlar\u0131ndaki bilgilerinde eksiklik ya da yanl\u0131\u015fl\u0131k olmas\u0131na ba\u011fl\u0131 olarak hatal\u0131 ba\u015fvuru yapm\u0131\u015f olmalar\u0131 halinde ba\u015fvurular\u0131 ge\u00e7ersiz say\u0131lacakt\u0131r.<\/p>\n<p>2- Ba\u015fvuru a\u015famas\u0131nda kar\u015f\u0131la\u015f\u0131lan sorunlarla ilgili MEBB\u0130S mod\u00fcl\u00fcnde yer alan &#8220;Yard\u0131m Masas\u0131&#8221; dan teknik destek istenebilecektir.<\/p>\n<p>3- Ba\u015fvurunun, zaman\u0131nda ve do\u011fru bir \u015fekilde yap\u0131lmas\u0131ndan aday sorumlu olacakt\u0131r. Aday\u0131n, ba\u015fvuru bilgilerinin do\u011frulu\u011funun kontrol\u00fc ve zaman\u0131nda onaylanmas\u0131ndan, s\u0131ras\u0131yla, aday\u0131n kadrosunun bulundu\u011fu &#8220;okul\/kurum m\u00fcd\u00fcrl\u00fc\u011f\u00fc ile il\u00e7e ve il milli e\u011fitim m\u00fcd\u00fcrl\u00fckleri&#8221; sorumlu olacakt\u0131r.<\/p>\n<p>4- Ba\u015fvurusu kabul edilip, \u015fartlar\u0131 ta\u015f\u0131mad\u0131\u011f\u0131 sonradan anla\u015f\u0131lan adaylar\u0131n g\u00f6revlendirmesi yap\u0131lmayacak, g\u00f6revlendirme yap\u0131lm\u0131\u015f olsa dahi iptal edilecektir.<\/p>\n<p>5- Y\u00f6netici g\u00f6revlendirmelerine ili\u015fkin i\u015flemler, duyuru ekinde bulunan takvimde belirtilen s\u00fcreler i\u00e7erisinde sonu\u00e7land\u0131r\u0131lacakt\u0131r.<\/p>\n<p><img decoding=\"async\" src=\"https:\/\/www.sorubak.com\/images\/teog\/19n.jpg\" \/><\/p>\n","protected":false},"excerpt":{"rendered":"<p>Milli E\u011fitim Bakanl\u0131\u011f\u0131&#8217;n\u0131n 2019 y\u0131l\u0131 y\u00f6netici g\u00f6revlendirme yaz\u0131s\u0131 yay\u0131mland\u0131. Yaz\u0131ya g\u00f6re, s\u00fcre\u00e7 18 \u015eubat&#8217;ta ba\u015flay\u0131p 19 Nisan&#8217;da tamamlanacak. \u0130\u015fte MEB&#8217;in resmi olarak DYS \u00fczerinden illere g\u00f6nderdi\u011fi duyuru ve takvim: 2019YILI E\u011e\u0130T\u0130M KURUMLARI Y\u00d6NET\u0130C\u0130 G\u00d6REVLEND\u0130R\u0130LMES\u0130NE \u0130L\u0130\u015eK\u0130N DUYURU Milli E\u011fitim Bakanl\u0131\u011f\u0131 E\u011fitim Kurumlar\u0131na Y\u00f6netici G\u00f6revlendirme Y\u00f6netmeli\u011fi h\u00fck\u00fcmleri gere\u011fi e\u011fitim kurumlar\u0131na ekte g\u00f6nderilen takvime g\u00f6re yeniden ve ilk &#8230; <a title=\"2019 MEB Y\u00f6netici Atama Takvimi\" class=\"read-more\" href=\"https:\/\/www.sorubak.com\/blog\/2019-meb-yonetici-atama-takvimi.html\" aria-label=\"More on 2019 MEB Y\u00f6netici Atama Takvimi\">Devam\u0131n\u0131 oku&#8230;<\/a><\/p>\n","protected":false},"author":1,"featured_media":71024,"comment_status":"open","ping_status":"open","sticky":false,"template":"","format":"standard","meta":{"footnotes":""},"categories":[13484],"tags":[],"class_list":["post-75105","post","type-post","status-publish","format-standard","has-post-thumbnail","hentry","category-meb"],"_links":{"self":[{"href":"https:\/\/www.sorubak.com\/blog\/wp-json\/wp\/v2\/posts\/75105","targetHints":{"allow":["GET"]}}],"collection":[{"href":"https:\/\/www.sorubak.com\/blog\/wp-json\/wp\/v2\/posts"}],"about":[{"href":"https:\/\/www.sorubak.com\/blog\/wp-json\/wp\/v2\/types\/post"}],"author":[{"embeddable":true,"href":"https:\/\/www.sorubak.com\/blog\/wp-json\/wp\/v2\/users\/1"}],"replies":[{"embeddable":true,"href":"https:\/\/www.sorubak.com\/blog\/wp-json\/wp\/v2\/comments?post=75105"}],"version-history":[{"count":0,"href":"https:\/\/www.sorubak.com\/blog\/wp-json\/wp\/v2\/posts\/75105\/revisions"}],"wp:featuredmedia":[{"embeddable":true,"href":"https:\/\/www.sorubak.com\/blog\/wp-json\/wp\/v2\/media\/71024"}],"wp:attachment":[{"href":"https:\/\/www.sorubak.com\/blog\/wp-json\/wp\/v2\/media?parent=75105"}],"wp:term":[{"taxonomy":"category","embeddable":true,"href":"https:\/\/www.sorubak.com\/blog\/wp-json\/wp\/v2\/categories?post=75105"},{"taxonomy":"post_tag","embeddable":true,"href":"https:\/\/www.sorubak.com\/blog\/wp-json\/wp\/v2\/tags?post=75105"}],"curies":[{"name":"wp","href":"https:\/\/api.w.org\/{rel}","templated":true}]}}