{"id":75032,"date":"2019-01-20T19:54:31","date_gmt":"2019-01-20T16:54:31","guid":{"rendered":"https:\/\/www.sorubak.com\/blog\/?p=75032"},"modified":"2019-01-20T19:54:31","modified_gmt":"2019-01-20T16:54:31","slug":"yilbasi-mi-yil-basi-mi-nasil-yazilir-tdk","status":"publish","type":"post","link":"https:\/\/www.sorubak.com\/blog\/yilbasi-mi-yil-basi-mi-nasil-yazilir-tdk.html","title":{"rendered":"Y\u0131lba\u015f\u0131 m\u0131? Y\u0131l ba\u015f\u0131 m\u0131? Nas\u0131l Yaz\u0131l\u0131r? TDK"},"content":{"rendered":"<p><strong>Y\u0131lba\u015f\u0131 m\u0131? Y\u0131l ba\u015f\u0131 m\u0131? Nas\u0131l Yaz\u0131l\u0131r? (TDK)<\/strong><\/p>\n<h3>Y\u0131lba\u015f\u0131 nedir?<\/h3>\n<p>Her y\u0131l ocak ay\u0131n\u0131n ilk g\u00fcn\u00fc, yeni y\u0131l\u0131n ba\u015flad\u0131\u011f\u0131 g\u00fcn olarak kabul edilir.<\/p>\n<p><strong>Y\u0131lba\u015f\u0131<\/strong>, yeni bir takvim y\u0131l\u0131n\u0131n ba\u015flad\u0131\u011f\u0131 ve takvimin y\u0131l say\u0131s\u0131n\u0131n bir artt\u0131\u011f\u0131 zaman. Pek \u00e7ok k\u00fclt\u00fcrde bu olay bir \u015fekilde kutlanmaktad\u0131r. G\u00fcn\u00fcm\u00fczde en \u00e7ok kullan\u0131lan takvim olan Miladi takvimin yeni y\u0131l\u0131 1 Ocak&#8217;a denk gelmektedir. Bir\u00e7ok \u00fclke 1 Ocak&#8217;\u0131 resm\u00ee tatil olarak belirlemi\u015ftir<\/p>\n<p>&#8220;<strong>Y\u0131lba\u015f\u0131<\/strong>&#8221; s\u00f6zc\u00fc\u011f\u00fcn\u00fcn yaz\u0131m\u0131 nas\u0131ld\u0131r? Y\u0131lba\u015f\u0131\u00a0m\u0131 yoksa y\u0131lba\u015f\u0131 m\u0131?\u00a0&#8220;<strong>Y\u0131lba\u015f\u0131<\/strong>&#8221; kelimesinin do\u011fru \u015fekilde yaz\u0131m\u0131 ne \u015fekilde olmal\u0131d\u0131r? T\u00fcrk Dil Kurumu (TDK) taraf\u0131ndan do\u011fru yaz\u0131m\u0131 belirtilmi\u015f olan &#8220;y\u0131lba\u015f\u0131&#8221; s\u00f6zc\u00fc\u011f\u00fcn\u00fcn ayr\u0131 m\u0131 yoksa biti\u015fik olarak m\u0131 yaz\u0131lmal\u0131d\u0131r? &#8220;<strong>Y\u0131lba\u015f\u0131<\/strong>&#8221; kelimesinin do\u011fru \u015fekilde yaz\u0131m\u0131. \u0130\u015fte T\u00fcrk Dil Kurumu taraf\u0131ndan\u00a0 belirtilmi\u015f olan verilere g\u00f6re &#8220;<strong>y\u0131lba\u015f\u0131<\/strong>&#8221; kelimesinin do\u011fru olarak yaz\u0131m\u0131 \u015fu \u015fekildedir:<\/p>\n<h3>Y\u0131lba\u015f\u0131 nas\u0131l yaz\u0131l\u0131r?<\/h3>\n<p>y\u0131l ba\u015f\u0131\u00a0<span style=\"background-color: #ff0000;\"><strong>\u00a0 \u00d7 (Yanl\u0131\u015f)\u00a0\u00a0<\/strong><\/span><\/p>\n<p>y\u0131lba\u015f\u0131\u00a0<span style=\"background-color: #00ff00;\"> \u00a0&#x2714; (Do\u011fru)\u00a0<\/span><\/p>\n<h3><strong>Y\u0131lba\u015f\u0131 m\u0131? Y\u0131l ba\u015f\u0131 m\u0131?<\/strong><\/h3>\n<p>S\u00f6zc\u00fc\u011f\u00fcn do\u011fru \u015fekilde yaz\u0131m\u0131\u00a0<strong>Y\u0131lba\u015f\u0131 <\/strong>\u015feklindedir.<\/p>\n<h3><strong>Y\u0131lba\u015f\u0131\u00a0<\/strong><strong style=\"font-size: 16px;\">\u00d6rnek C\u00fcmlede Kullan\u0131m\u0131<\/strong><\/h3>\n<p>&#8211;\u00a0<strong>Y\u0131lba\u015f\u0131<\/strong> ak\u015fam\u0131 i\u00e7in arkada\u015flar\u0131mla t\u00fcm haz\u0131rl\u0131klar\u0131 yapt\u0131k.<\/p>\n<p>&#8211;\u00a0D\u00fcn, 25 ki\u015filik s\u0131n\u0131f\u0131m\u0131zda <strong>y\u0131lba\u015f\u0131<\/strong> \u00e7ekili\u015fi yapt\u0131k.<\/p>\n<p>&#8211;\u00a0Y\u0131lba\u015f\u0131 i\u00e7in t\u00fcm haz\u0131rl\u0131klar\u0131 t\u00fcm teferruat\u0131na kadar titizlikle yapt\u0131k.<\/p>\n<p>&#8211;\u00a0<strong>Y\u0131lba\u015f\u0131<\/strong> organizasyonu i\u00e7in hi\u00e7bir malzeme eksikli\u011fi kalmad\u0131.<\/p>\n<p>&#8211;\u00a0Maa\u015flar\u0131m\u0131z, y\u0131lba\u015f\u0131n\u0131n girmesi ile birlikte art\u0131\u015f g\u00f6sterdi.<\/p>\n<p>&#8211;\u00a0<strong>Y\u0131lba\u015f\u0131<\/strong> ile birlikte alaca\u011f\u0131m\u0131z t\u00fcm \u00fcr\u00fcnlere b\u00fcy\u00fck bir zam da kap\u0131da bizi bekliyor.<\/p>\n<p>&#8211;\u00a0Ne zaman <strong>y\u0131lba\u015f\u0131<\/strong> haz\u0131rl\u0131\u011f\u0131 yap\u0131lsa b\u00fcy\u00fck bir mutluluk kaplar i\u00e7imi.<\/p>\n<p>&#8211;\u00a0Annemin yapt\u0131\u011f\u0131 hindi, <strong>y\u0131lba\u015f\u0131<\/strong> ak\u015fam\u0131n\u0131n en lezzetli yeme\u011fi oldu.<\/p>\n<p>&#8211;\u00a0Bu y\u0131l <strong>y\u0131lba\u015f\u0131<\/strong>n\u0131 kar ya\u011f\u0131\u015fs\u0131z ge\u00e7irdik.<\/p>\n<p>&#8211;\u00a0<strong>Y\u0131lba\u015f\u0131<\/strong> geceleri her zaman \u00e7ok so\u011fuk ge\u00e7iyor.<\/p>\n","protected":false},"excerpt":{"rendered":"<p>Y\u0131lba\u015f\u0131 m\u0131? Y\u0131l ba\u015f\u0131 m\u0131? Nas\u0131l Yaz\u0131l\u0131r? (TDK) Y\u0131lba\u015f\u0131 nedir? Her y\u0131l ocak ay\u0131n\u0131n ilk g\u00fcn\u00fc, yeni y\u0131l\u0131n ba\u015flad\u0131\u011f\u0131 g\u00fcn olarak kabul edilir. Y\u0131lba\u015f\u0131, yeni bir takvim y\u0131l\u0131n\u0131n ba\u015flad\u0131\u011f\u0131 ve takvimin y\u0131l say\u0131s\u0131n\u0131n bir artt\u0131\u011f\u0131 zaman. Pek \u00e7ok k\u00fclt\u00fcrde bu olay bir \u015fekilde kutlanmaktad\u0131r. G\u00fcn\u00fcm\u00fczde en \u00e7ok kullan\u0131lan takvim olan Miladi takvimin yeni y\u0131l\u0131 1 &#8230; <a title=\"Y\u0131lba\u015f\u0131 m\u0131? Y\u0131l ba\u015f\u0131 m\u0131? Nas\u0131l Yaz\u0131l\u0131r? TDK\" class=\"read-more\" href=\"https:\/\/www.sorubak.com\/blog\/yilbasi-mi-yil-basi-mi-nasil-yazilir-tdk.html\" aria-label=\"More on Y\u0131lba\u015f\u0131 m\u0131? Y\u0131l ba\u015f\u0131 m\u0131? Nas\u0131l Yaz\u0131l\u0131r? TDK\">Devam\u0131n\u0131 oku&#8230;<\/a><\/p>\n","protected":false},"author":1,"featured_media":75013,"comment_status":"open","ping_status":"open","sticky":false,"template":"","format":"standard","meta":{"footnotes":""},"categories":[21562],"tags":[21583],"class_list":["post-75032","post","type-post","status-publish","format-standard","has-post-thumbnail","hentry","category-nasil-yazilir","tag-yilbasi-nasil-yazilir"],"_links":{"self":[{"href":"https:\/\/www.sorubak.com\/blog\/wp-json\/wp\/v2\/posts\/75032","targetHints":{"allow":["GET"]}}],"collection":[{"href":"https:\/\/www.sorubak.com\/blog\/wp-json\/wp\/v2\/posts"}],"about":[{"href":"https:\/\/www.sorubak.com\/blog\/wp-json\/wp\/v2\/types\/post"}],"author":[{"embeddable":true,"href":"https:\/\/www.sorubak.com\/blog\/wp-json\/wp\/v2\/users\/1"}],"replies":[{"embeddable":true,"href":"https:\/\/www.sorubak.com\/blog\/wp-json\/wp\/v2\/comments?post=75032"}],"version-history":[{"count":0,"href":"https:\/\/www.sorubak.com\/blog\/wp-json\/wp\/v2\/posts\/75032\/revisions"}],"wp:featuredmedia":[{"embeddable":true,"href":"https:\/\/www.sorubak.com\/blog\/wp-json\/wp\/v2\/media\/75013"}],"wp:attachment":[{"href":"https:\/\/www.sorubak.com\/blog\/wp-json\/wp\/v2\/media?parent=75032"}],"wp:term":[{"taxonomy":"category","embeddable":true,"href":"https:\/\/www.sorubak.com\/blog\/wp-json\/wp\/v2\/categories?post=75032"},{"taxonomy":"post_tag","embeddable":true,"href":"https:\/\/www.sorubak.com\/blog\/wp-json\/wp\/v2\/tags?post=75032"}],"curies":[{"name":"wp","href":"https:\/\/api.w.org\/{rel}","templated":true}]}}