{"id":74333,"date":"2018-10-25T18:15:15","date_gmt":"2018-10-25T15:15:15","guid":{"rendered":"https:\/\/www.sorubak.com\/blog\/?p=74333"},"modified":"2018-10-25T18:15:15","modified_gmt":"2018-10-25T15:15:15","slug":"sirpsindigi-savasi-sebepleri-ve-sonuclari","status":"publish","type":"post","link":"https:\/\/www.sorubak.com\/blog\/sirpsindigi-savasi-sebepleri-ve-sonuclari.html","title":{"rendered":"S\u0131rps\u0131nd\u0131\u011f\u0131 sava\u015f\u0131 sebepleri ve sonu\u00e7lar\u0131"},"content":{"rendered":"<h3>S\u0131rps\u0131nd\u0131\u011f\u0131 sava\u015f\u0131 sebepleri ve sonu\u00e7lar\u0131<\/h3>\n<h3><strong>S\u0131rps\u0131nd\u0131\u011f\u0131 Sava\u015f\u0131 (1364)<\/strong><\/h3>\n<p><strong>Sebebi: <\/strong>Osmanl\u0131n\u0131n Balkanlarda ilerlemesinden (Edirne\u2019nin Fethi) rahats\u0131z olan S\u0131rp ve Bulgarlar\u0131n Papay\u0131 k\u0131\u015fk\u0131rtmalar\u0131 \u00fczerine Balkan Devletlerinden olu\u015fan (S\u0131rp, Bulgar, Macar, Eflak \u2013 Bo\u011fdan ve Bosnal\u0131lar) Ha\u00e7l\u0131 ordusu kurulmas\u0131.<\/p>\n<p><strong>Sonu\u00e7lar\u0131: <\/strong>Ha\u00e7l\u0131 Ordusu k\u0131sa s\u00fcrede bozguna u\u011frad\u0131.<\/p>\n<p><strong>\u00d6nemi: <\/strong>Bu zaferle Balkan Devletleri \u00fczerindeki Macarlar\u0131n etkisi k\u0131r\u0131lm\u0131\u015f, T\u00fcrklerin Balkanlardaki ilerlemeleri h\u0131z kazanm\u0131\u015ft\u0131r. Zaferden sonra Edirne ba\u015fkent yap\u0131lm\u0131\u015ft\u0131r.<\/p>\n","protected":false},"excerpt":{"rendered":"<p>S\u0131rps\u0131nd\u0131\u011f\u0131 sava\u015f\u0131 sebepleri ve sonu\u00e7lar\u0131 S\u0131rps\u0131nd\u0131\u011f\u0131 Sava\u015f\u0131 (1364) Sebebi: Osmanl\u0131n\u0131n Balkanlarda ilerlemesinden (Edirne\u2019nin Fethi) rahats\u0131z olan S\u0131rp ve Bulgarlar\u0131n Papay\u0131 k\u0131\u015fk\u0131rtmalar\u0131 \u00fczerine Balkan Devletlerinden olu\u015fan (S\u0131rp, Bulgar, Macar, Eflak \u2013 Bo\u011fdan ve Bosnal\u0131lar) Ha\u00e7l\u0131 ordusu kurulmas\u0131. Sonu\u00e7lar\u0131: Ha\u00e7l\u0131 Ordusu k\u0131sa s\u00fcrede bozguna u\u011frad\u0131. \u00d6nemi: Bu zaferle Balkan Devletleri \u00fczerindeki Macarlar\u0131n etkisi k\u0131r\u0131lm\u0131\u015f, T\u00fcrklerin Balkanlardaki ilerlemeleri &#8230; <a title=\"S\u0131rps\u0131nd\u0131\u011f\u0131 sava\u015f\u0131 sebepleri ve sonu\u00e7lar\u0131\" class=\"read-more\" href=\"https:\/\/www.sorubak.com\/blog\/sirpsindigi-savasi-sebepleri-ve-sonuclari.html\" aria-label=\"More on S\u0131rps\u0131nd\u0131\u011f\u0131 sava\u015f\u0131 sebepleri ve sonu\u00e7lar\u0131\">Devam\u0131n\u0131 oku&#8230;<\/a><\/p>\n","protected":false},"author":1,"featured_media":0,"comment_status":"open","ping_status":"open","sticky":false,"template":"","format":"standard","meta":{"footnotes":""},"categories":[14],"tags":[],"class_list":["post-74333","post","type-post","status-publish","format-standard","hentry","category-sosyal-bilgiler"],"_links":{"self":[{"href":"https:\/\/www.sorubak.com\/blog\/wp-json\/wp\/v2\/posts\/74333","targetHints":{"allow":["GET"]}}],"collection":[{"href":"https:\/\/www.sorubak.com\/blog\/wp-json\/wp\/v2\/posts"}],"about":[{"href":"https:\/\/www.sorubak.com\/blog\/wp-json\/wp\/v2\/types\/post"}],"author":[{"embeddable":true,"href":"https:\/\/www.sorubak.com\/blog\/wp-json\/wp\/v2\/users\/1"}],"replies":[{"embeddable":true,"href":"https:\/\/www.sorubak.com\/blog\/wp-json\/wp\/v2\/comments?post=74333"}],"version-history":[{"count":0,"href":"https:\/\/www.sorubak.com\/blog\/wp-json\/wp\/v2\/posts\/74333\/revisions"}],"wp:attachment":[{"href":"https:\/\/www.sorubak.com\/blog\/wp-json\/wp\/v2\/media?parent=74333"}],"wp:term":[{"taxonomy":"category","embeddable":true,"href":"https:\/\/www.sorubak.com\/blog\/wp-json\/wp\/v2\/categories?post=74333"},{"taxonomy":"post_tag","embeddable":true,"href":"https:\/\/www.sorubak.com\/blog\/wp-json\/wp\/v2\/tags?post=74333"}],"curies":[{"name":"wp","href":"https:\/\/api.w.org\/{rel}","templated":true}]}}