{"id":74251,"date":"2018-10-23T22:10:16","date_gmt":"2018-10-23T19:10:16","guid":{"rendered":"https:\/\/www.sorubak.com\/blog\/?p=74251"},"modified":"2018-10-23T22:10:16","modified_gmt":"2018-10-23T19:10:16","slug":"yardimlasma-kurumlarimiz","status":"publish","type":"post","link":"https:\/\/www.sorubak.com\/blog\/yardimlasma-kurumlarimiz.html","title":{"rendered":"Yard\u0131mla\u015fma Kurumlar\u0131m\u0131z"},"content":{"rendered":"<h3><strong>Yard\u0131mla\u015fma Kurumlar\u0131m\u0131z<\/strong><\/h3>\n<p>Dinimiz, toplumsal yard\u0131mla\u015fma ve dayan\u0131\u015fmaya\u00a0b\u00fcy\u00fck \u00f6nem vermi\u015ftir. Peygamberimiz yard\u0131mla\u015fman\u0131n \u00f6nemini \u015f\u00f6yle dile getirmi\u015ftir: \u201c<strong>&#8230;Kim M\u00fcsl\u00fcman karde\u015fine\u00a0yard\u0131m eder ve onun ihtiyac\u0131n\u0131 kar\u015f\u0131larsa Allah da ona yard\u0131m eder. Kim M\u00fcsl\u00fcman\u0131n bir s\u0131k\u0131nt\u0131s\u0131n\u0131 giderirse\u00a0Allah da k\u0131yamet g\u00fcn\u00fcnde onun s\u0131k\u0131nt\u0131lar\u0131ndan birini giderir&#8230;<\/strong>\u201d Hz. Muhammed\u2019in verdi\u011fi bu m\u00fcjdeli haber,\u00a0M\u00fcsl\u00fcmanlar\u0131, toplumsal yard\u0131mla\u015fmaya y\u00f6neltmi\u015ftir. Bu yard\u0131mlar zamanla kurumsal h\u00e2le gelmi\u015ftir.<\/p>\n<p><a href=\"https:\/\/www.sorubak.com\/blog\/wp-content\/uploads\/2018\/10\/yardim.png\"><img loading=\"lazy\" decoding=\"async\" class=\"aligncenter size-full wp-image-74252\" src=\"https:\/\/www.sorubak.com\/blog\/wp-content\/uploads\/2018\/10\/yardim.png\" alt=\"\" width=\"449\" height=\"476\" srcset=\"https:\/\/www.sorubak.com\/blog\/wp-content\/uploads\/2018\/10\/yardim.png 449w, https:\/\/www.sorubak.com\/blog\/wp-content\/uploads\/2018\/10\/yardim-283x300.png 283w\" sizes=\"auto, (max-width: 449px) 100vw, 449px\" \/><\/a><\/p>\n","protected":false},"excerpt":{"rendered":"<p>Yard\u0131mla\u015fma Kurumlar\u0131m\u0131z Dinimiz, toplumsal yard\u0131mla\u015fma ve dayan\u0131\u015fmaya\u00a0b\u00fcy\u00fck \u00f6nem vermi\u015ftir. Peygamberimiz yard\u0131mla\u015fman\u0131n \u00f6nemini \u015f\u00f6yle dile getirmi\u015ftir: \u201c&#8230;Kim M\u00fcsl\u00fcman karde\u015fine\u00a0yard\u0131m eder ve onun ihtiyac\u0131n\u0131 kar\u015f\u0131larsa Allah da ona yard\u0131m eder. Kim M\u00fcsl\u00fcman\u0131n bir s\u0131k\u0131nt\u0131s\u0131n\u0131 giderirse\u00a0Allah da k\u0131yamet g\u00fcn\u00fcnde onun s\u0131k\u0131nt\u0131lar\u0131ndan birini giderir&#8230;\u201d Hz. Muhammed\u2019in verdi\u011fi bu m\u00fcjdeli haber,\u00a0M\u00fcsl\u00fcmanlar\u0131, toplumsal yard\u0131mla\u015fmaya y\u00f6neltmi\u015ftir. Bu yard\u0131mlar zamanla kurumsal h\u00e2le gelmi\u015ftir.<\/p>\n","protected":false},"author":1,"featured_media":0,"comment_status":"open","ping_status":"open","sticky":false,"template":"","format":"standard","meta":{"footnotes":""},"categories":[13811],"tags":[],"class_list":["post-74251","post","type-post","status-publish","format-standard","hentry","category-din-dersi"],"_links":{"self":[{"href":"https:\/\/www.sorubak.com\/blog\/wp-json\/wp\/v2\/posts\/74251","targetHints":{"allow":["GET"]}}],"collection":[{"href":"https:\/\/www.sorubak.com\/blog\/wp-json\/wp\/v2\/posts"}],"about":[{"href":"https:\/\/www.sorubak.com\/blog\/wp-json\/wp\/v2\/types\/post"}],"author":[{"embeddable":true,"href":"https:\/\/www.sorubak.com\/blog\/wp-json\/wp\/v2\/users\/1"}],"replies":[{"embeddable":true,"href":"https:\/\/www.sorubak.com\/blog\/wp-json\/wp\/v2\/comments?post=74251"}],"version-history":[{"count":0,"href":"https:\/\/www.sorubak.com\/blog\/wp-json\/wp\/v2\/posts\/74251\/revisions"}],"wp:attachment":[{"href":"https:\/\/www.sorubak.com\/blog\/wp-json\/wp\/v2\/media?parent=74251"}],"wp:term":[{"taxonomy":"category","embeddable":true,"href":"https:\/\/www.sorubak.com\/blog\/wp-json\/wp\/v2\/categories?post=74251"},{"taxonomy":"post_tag","embeddable":true,"href":"https:\/\/www.sorubak.com\/blog\/wp-json\/wp\/v2\/tags?post=74251"}],"curies":[{"name":"wp","href":"https:\/\/api.w.org\/{rel}","templated":true}]}}