{"id":60658,"date":"2015-12-18T18:37:18","date_gmt":"2015-12-18T16:37:18","guid":{"rendered":"http:\/\/www.sorubak.com\/blog\/?p=60658"},"modified":"2015-12-18T18:38:31","modified_gmt":"2015-12-18T16:38:31","slug":"destekleme-ve-yetistirme-kurslari-baslangic-ve-bitis-tarihleri-2015-2016","status":"publish","type":"post","link":"https:\/\/www.sorubak.com\/blog\/destekleme-ve-yetistirme-kurslari-baslangic-ve-bitis-tarihleri-2015-2016.html","title":{"rendered":"Destekleme ve Yeti\u015ftirme Kurslar\u0131 Ba\u015flang\u0131\u00e7 ve Biti\u015f Tarihleri 2015-2016"},"content":{"rendered":"<p><strong>Destekleme ve Yeti\u015ftirme Kurslar\u0131 ne zaman ba\u015fl\u0131yor?, \u00a0Destekleme ve Yeti\u015ftirme Kurslar\u0131 en zaman sona eriyor? 2015-2016<\/strong><\/p>\n<p>DYK\u2019lar; I. d\u00f6nem, II. d\u00f6nem ve III. d\u00f6nem (yaz) kurslar\u0131 olmak \u00fczere \u00fc\u00e7 d\u00f6nemde a\u00e7\u0131l\u0131r.<br \/>\nI. d\u00f6nem kurslar\u0131, en ge\u00e7 ekim ay\u0131n\u0131n ilk haftas\u0131 ba\u015flar ve yar\u0131y\u0131l tatiline kadar devam eder.<br \/>\nII. d\u00f6nem kurslar\u0131, en ge\u00e7 mart ay\u0131n\u0131n ilk haftas\u0131nda ba\u015flar, ders y\u0131l\u0131n\u0131n sonuna kadar devam eder.<br \/>\nIII. d\u00f6nem kurslar\u0131, ders y\u0131l\u0131n\u0131n bitmesi ile ba\u015flar, bir sonraki ders y\u0131l\u0131n\u0131n ba\u015flamas\u0131na kadar devam eder. Bu kurslar 20 Haziran &#8211; 11 Eyl\u00fcl 2016 tarihleri aras\u0131nda planlan\u0131r.<br \/>\nY\u0131ll\u0131k a\u00e7\u0131lan kurslar I. ve II. d\u00f6nemi kapsayacak \u015fekilde ders y\u0131l\u0131 s\u00fcresince devam eder.<\/p>\n<p>1.1. Bu k\u0131lavuz, Mill\u00ee E\u011fitim Bakanl\u0131\u011f\u0131na ba\u011fl\u0131 resm\u00ee\/\u00f6zel \u00f6rg\u00fcn ve yayg\u0131n e\u011fitim kurumlar\u0131na devam eden \u00f6\u011frenciler ile kursiyerler (mezunlar) i\u00e7in resm\u00ee \u00f6rg\u00fcn ve yayg\u0131n e\u011fitim kurumlar\u0131nda a\u00e7\u0131lan DYK\u2019larla ilgili i\u015f ve i\u015flemleri kapsar.<br \/>\n1.2. Mill\u00ee E\u011fitim Bakanl\u0131\u011f\u0131na ba\u011fl\u0131 resm\u00ee\/\u00f6zel ortaokullar, imam-hatip ortaokullar\u0131, resmi\/\u00f6zel orta\u00f6\u011fretim kurumlar\u0131na devam etmekte olan \u00f6\u011frenciler ile a\u00e7\u0131k \u00f6\u011fretim \u00f6\u011frencilerine y\u00f6nelik kurslar \u00f6rg\u00fcn e\u011fitim kurumlar\u0131nda; kursiyerlere y\u00f6nelik kurslar ise yayg\u0131n e\u011fitim kapsam\u0131nda halk e\u011fitimi merkezi m\u00fcd\u00fcrl\u00fckleri sorumlulu\u011funda a\u00e7\u0131l\u0131r.<br \/>\n1.3. DYK\u2019lar, \u015eubat 2015 tarihli ve 2689 say\u0131l\u0131 Tebli\u011fler Dergisinde yay\u0131mlanan Mill\u00ee E\u011fitim Bakanl\u0131\u011f\u0131 \u00d6rg\u00fcn ve Yayg\u0131n E\u011fitimi Destekleme ve Yeti\u015ftirme Kurslar\u0131 Y\u00f6nergesi h\u00fck\u00fcmlerine g\u00f6re y\u00fcr\u00fct\u00fcl\u00fcr.<br \/>\n1.4. DYK\u2019lar, okul veya kurum m\u00fcd\u00fcrl\u00fc\u011f\u00fcn\u00fcn e-kurs mod\u00fcl\u00fc \u00fczerinden ba\u015fvurusu ve il\/il\u00e7e mill\u00ee e\u011fitim m\u00fcd\u00fcrl\u00fc\u011f\u00fcn\u00fcn onay\u0131 ile a\u00e7\u0131l\u0131r. Kurslar\u0131n onay ve denetimi milli e\u011fitim m\u00fcd\u00fcrl\u00fc\u011f\u00fc ad\u0131na il\/il\u00e7e komisyonlar\u0131 taraf\u0131ndan y\u00fcr\u00fct\u00fcl\u00fcr.<br \/>\n1.5. DYK\u2019da kurslar\u0131n a\u00e7\u0131l\u0131\u015f\/kapan\u0131\u015f, onay, \u00f6\u011fretmen-\u00f6\u011frenci kay\u0131t, ders programlar\u0131, kazan\u0131m testleri vb. i\u015f ve i\u015flemler, e- kurs (http:\/\/odsgm.meb.gov.tr\/kurslar ve http:\/\/e-kurs.eba.gov.tr\/) mod\u00fcl\u00fc \u00fczerinden yap\u0131l\u0131r.<br \/>\n1.6. DYK\u2019larda \u00f6ncelikle il\u00e7ede kadrolu \u00e7al\u0131\u015fan \u00f6\u011fretmenler, kadrolu \u00f6\u011fretmenin ihtiyac\u0131 kar\u015f\u0131lamamas\u0131 durumunda il\u00e7e taraf\u0131ndan \u00e7al\u0131\u015fmas\u0131na onay verilen \u00fccretli \u00f6\u011fretmenler g\u00f6revlendirilir.<br \/>\n1.7. DYK\u2019lardaki \u00fccret, ek ders gibi mali i\u015f ve i\u015flemler ilgili mevzuat h\u00fck\u00fcmlerine g\u00f6re kurs merkezlerince y\u00fcr\u00fct\u00fcl\u00fcr.<br \/>\n1.8. DYK\u2019lar \u00f6zel \u00f6\u011fretim kurumlar\u0131 veya herhangi bir yay\u0131nevi ile i\u015f birli\u011fi i\u00e7inde a\u00e7\u0131lamaz.<br \/>\n1.9. A\u00e7\u0131lacak DYK\u2019larda \u00f6\u011frenci\/kursiyerlerden herhangi bir \u00fccret talep edilmez.<br \/>\n1.10. DYK\u2019lar\u0131n, \u00f6rg\u00fcn e\u011fitim m\u00fcfredat\u0131 kapsam\u0131nda \u00d6l\u00e7me, De\u011ferlendirme ve S\u0131nav Hizmetleri Genel M\u00fcd\u00fcrl\u00fc\u011f\u00fc resm\u00ee internet sayfas\u0131nda yay\u0131mlanan kurslara ait ders planlar\u0131 \u00e7er\u00e7evesinde y\u00fcr\u00fct\u00fclmesi esast\u0131r. Plan\u0131 yay\u0131mlanmayan dersler i\u00e7in o derse giren \u00f6\u011fretmen taraf\u0131ndan ders plan\u0131 olu\u015fturulur. Kurslara ait ders planlar\u0131 en ge\u00e7 kurslar\u0131n a\u00e7\u0131ld\u0131\u011f\u0131 haftan\u0131n son i\u015f g\u00fcn\u00fcne kadar kurs merkezi m\u00fcd\u00fcrl\u00fc\u011f\u00fcnce onaylan\u0131r.<br \/>\n1.11. Kurslar, fiziki kapasitesi ve \u00f6\u011frenci\/kursiyer potansiyeli yeterli olan resm\u00ee ortaokullar, imam-hatip ortaokullar\u0131, orta\u00f6\u011fretim kurumlar\u0131 ile halk e\u011fitimi merkezi m\u00fcd\u00fcrl\u00fcklerine ba\u011fl\u0131 olarak a\u00e7\u0131l\u0131r.<br \/>\n<a href=\"https:\/\/www.sorubak.com\/blog\/wp-content\/uploads\/2015\/12\/Ads\u0131z-1.png\" rel=\"attachment wp-att-60659\">ti\u015ftirme Kurslar\u0131 ne zaman ba\u015fl\u0131yor? Destekleme ve Yeti\u015ftirme Kursla<img loading=\"lazy\" decoding=\"async\" class=\"size-full wp-image-60659 aligncenter\" src=\"https:\/\/www.sorubak.com\/blog\/wp-content\/uploads\/2015\/12\/Ads\u0131z-1.png\" alt=\"Ads\u0131z\" width=\"594\" height=\"414\" srcset=\"https:\/\/www.sorubak.com\/blog\/wp-content\/uploads\/2015\/12\/Ads\u0131z-1.png 594w, https:\/\/www.sorubak.com\/blog\/wp-content\/uploads\/2015\/12\/Ads\u0131z-1-300x209.png 300w\" sizes=\"auto, (max-width: 594px) 100vw, 594px\" \/><\/a><br \/>\n1.12. Mezunlara y\u00f6nelik kurslar halk e\u011fitim merkezleri sorumlulu\u011funda a\u00e7\u0131l\u0131r. Ancak halk e\u011fitim merkezinin bulunmad\u0131\u011f\u0131 veya fiziki kapasitesinin uygun olmad\u0131\u011f\u0131 h\u00e2llerde il\/il\u00e7e mill\u00ee e\u011fitim m\u00fcd\u00fcrl\u00fcklerince uygun g\u00f6r\u00fclen binalarda da a\u00e7\u0131labilir. Mezunlara y\u00f6nelik yayg\u0131n e\u011fitim kurslar\u0131n\u0131n \u00f6rg\u00fcn e\u011fitim kurumlar\u0131nda a\u00e7\u0131lmas\u0131 halinde, kurs a\u00e7ma\/kapatma, ders programlar\u0131 onay, \u00f6\u011fretmen belirleme, \u00f6\u011frenci kay\u0131t vb. i\u015f ve i\u015flemler halk e\u011fitim merkezi M\u00fcd\u00fcrl\u00fcklerince; kurslar\u0131n y\u00fcr\u00fct\u00fclmesi ile ilgili i\u015f ve i\u015flemler ise kursun yap\u0131ld\u0131\u011f\u0131 \u00f6rg\u00fcn e\u011fitim kurumu m\u00fcd\u00fcrl\u00fc\u011f\u00fcnce y\u00fcr\u00fct\u00fcl\u00fcr.<br \/>\n1.13. Kurs merkezlerinde bir dersten s\u0131n\u0131f olu\u015fturulabilmesi i\u00e7in, s\u0131n\u0131ftaki \u00f6\u011frenci\/kursiyer say\u0131s\u0131n\u0131n 10\u2019dan az, 20\u2019den fazla olmamas\u0131 esast\u0131r.<br \/>\n1.14. DYK\u2019lar, DYK i\u015f takvimine uygun olarak a\u00e7\u0131l\u0131r. II. d\u00f6nem kurslar\u0131 en ge\u00e7 mart ay\u0131n\u0131n birinci haftas\u0131nda ba\u015flat\u0131l\u0131r ve 17 Haziran 2016 tarihinde tamamlan\u0131r. Ola\u011fan\u00fcst\u00fc durumlarda bu s\u00fcreler il\/il\u00e7e mill\u00ee e\u011fitim m\u00fcd\u00fcrl\u00fcklerince de\u011fi\u015ftirilebilir.<br \/>\n1.15. Yaz d\u00f6nemi kurslar\u0131, kurs merkezlerince ders y\u0131l\u0131n\u0131n d\u0131\u015f\u0131nda kalan s\u00fcrede yap\u0131lacak \u015fekilde planlan\u0131r ve il\/il\u00e7e mill\u00ee e\u011fitim m\u00fcd\u00fcrl\u00fc\u011f\u00fcn\u00fcn onay\u0131 ile a\u00e7\u0131l\u0131r.<br \/>\n1.16. DYK\u2019lara kursun s\u00fcresinin 1\/10\u2019unu ge\u00e7tikten sonra \u00f6\u011frenci\/kursiyer kayd\u0131 yap\u0131lmaz. Ancak kurslar\u0131n ba\u015flad\u0131\u011f\u0131 haftadan sonra m\u00fcracaat eden \u00f6\u011frenci\/kursiyerlerin durumlar\u0131 ile nakil, yurt d\u0131\u015f\u0131ndan gelme gibi de\u011fi\u015fik nedenlerle okula kayd\u0131 yap\u0131lan \u00f6\u011frencilerin talepleri kurs merkezi m\u00fcd\u00fcrl\u00fc\u011f\u00fcnce de\u011ferlendirilir. Kursa kat\u0131lmas\u0131na karar verilen \u00f6\u011frenci\/kursiyerlerin kay\u0131tlar\u0131 kurs merkezi m\u00fcd\u00fcrl\u00fc\u011f\u00fcnce e-kurs mod\u00fcl\u00fc \u00fczerinden yap\u0131l\u0131r.<br \/>\n1.17. Bir kurs merkezinde g\u00f6rev alacak \u00f6\u011fretmen, bu kurs merkezini tercih eden \u00f6\u011fretmenler aras\u0131ndan veli ve \u00f6\u011frencilerin tercihleri de dikkate al\u0131narak kurs merkezi m\u00fcd\u00fcrl\u00fc\u011f\u00fcnce belirlenir. Kurs merkezi m\u00fcd\u00fcr\u00fc, kendi okulundan \u00f6\u011fretmen g\u00f6revlendirebilece\u011fi gibi il\u00e7edeki di\u011fer okullardan bu kurs merkezini tercih eden \u00f6\u011fretmenlerden de g\u00f6revlendirme yapabilir. \u0130htiya\u00e7 olmas\u0131 h\u00e2linde, e-kurs mod\u00fcl\u00fc \u00fczerinde il\u00e7e komisyonundan ders \u00fccreti kar\u015f\u0131l\u0131\u011f\u0131nda \u00f6\u011fretmen g\u00f6revlendirilmesini talep edebilir. DYK\u2019larda g\u00f6rev alacak t\u00fcm \u00f6\u011fretmenler, s\u0131n\u0131f olu\u015fturma i\u015flemleri s\u0131ras\u0131nda e-kurs mod\u00fcl\u00fc \u00fczerinden g\u00f6revlendirilir.<br \/>\n1.18. Kursta g\u00f6revlendirilecek kadrolu \u00f6\u011fretmen say\u0131s\u0131n\u0131n yetersiz olmas\u0131 h\u00e2linde il\/il\u00e7e mill\u00ee e\u011fitim m\u00fcd\u00fcrl\u00fcklerince gerekli tedbirler al\u0131n\u0131r.<br \/>\n1.19. Ortaokullar\u0131n 5, 6 ve 7. s\u0131n\u0131flar\u0131ndaki \u00f6\u011frenciler ile orta\u00f6\u011fretim kurumlar\u0131n\u0131n 9,10 ve 11. s\u0131n\u0131flar\u0131ndaki \u00f6\u011frenciler en fazla 3 farkl\u0131 dersten haftal\u0131k toplam 12 saate kadar; 8. s\u0131n\u0131ftaki \u00f6\u011frenciler en fazla 6 farkl\u0131 dersten haftal\u0131k 18 saate kadar; orta\u00f6\u011fretim kurumlar\u0131n\u0131n 12. s\u0131n\u0131f\u0131ndaki \u00f6\u011frenciler ve mezun durumdaki kursiyerler ise en fazla 6 farkl\u0131 dersten haftal\u0131k 24 saate kadar kurs alabilirler.<br \/>\n5<br \/>\n1.20. DYK\u2019lara kay\u0131t yapt\u0131ran \u00f6\u011frencilerin devamlar\u0131 zorunludur. Her kurs d\u00f6neminde okutulmas\u0131 gereken toplam ders saatinin \u00f6z\u00fcrs\u00fcz olarak 1\/10\u2019 u kadar devam etmeyen \u00f6\u011frencilerin kurs kayd\u0131 silinir. Ayn\u0131 d\u00f6nemde ba\u015fka bir kursa devam edemez.<br \/>\n1.21. Kurslara devamlar\u0131 s\u00fcresince kurs disiplinini ve i\u015fleyi\u015fini bozucu h\u00e2l ve hareketleri g\u00f6r\u00fclen \u00f6\u011frenci veya kursiyerler hakk\u0131nda, kay\u0131tl\u0131 olduklar\u0131 okul\/kurumlar\u0131n ilgili mevzuat\u0131na g\u00f6re i\u015flem yap\u0131l\u0131r.<br \/>\n1.22. \u00d6rg\u00fcn e\u011fitim kurumlar\u0131nda a\u00e7\u0131lan kurslarda; hafta i\u00e7i bir g\u00fcnde en fazla 2 farkl\u0131 dersten toplam 4 saate kadar, hafta sonu bir g\u00fcnde ise en fazla 5 farkl\u0131 dersten toplam 8 saate kadar kurs verilebilir. Yayg\u0131n e\u011fitim kurumlar\u0131nca y\u00fcr\u00fct\u00fclen DYK\u2019larda ise bu s\u00fcreler halk e\u011fitim merkezi m\u00fcd\u00fcrl\u00fcklerince belirlenir.<br \/>\n1.23. Kurslara ait ders planlar\u0131, haftal\u0131k \u00f6rnek ders programlar\u0131 ve kazan\u0131m kavrama testleri \u00d6l\u00e7me, De\u011ferlendirme ve S\u0131nav Hizmetleri Genel M\u00fcd\u00fcrl\u00fc\u011f\u00fc resm\u00ee internet sayfas\u0131nda Kurslar b\u00f6l\u00fcm\u00fcnde yay\u0131mlan\u0131r.<br \/>\n1.24. DYK\u2019larda 1 dersten d\u00f6nemlik a\u00e7\u0131lan kurs s\u00fcresi 16, y\u0131ll\u0131k a\u00e7\u0131lan kursun s\u00fcresi ise 32 ders saatinden az olamaz. Yaz kurslar\u0131nda bu h\u00fck\u00fcm uygulanmaz.<\/p>\n","protected":false},"excerpt":{"rendered":"<p>Destekleme ve Yeti\u015ftirme Kurslar\u0131 ne zaman ba\u015fl\u0131yor?, \u00a0Destekleme ve Yeti\u015ftirme Kurslar\u0131 en zaman sona eriyor? 2015-2016 DYK\u2019lar; I. d\u00f6nem, II. d\u00f6nem ve III. d\u00f6nem (yaz) kurslar\u0131 olmak \u00fczere \u00fc\u00e7 d\u00f6nemde a\u00e7\u0131l\u0131r. I. d\u00f6nem kurslar\u0131, en ge\u00e7 ekim ay\u0131n\u0131n ilk haftas\u0131 ba\u015flar ve yar\u0131y\u0131l tatiline kadar devam eder. II. d\u00f6nem kurslar\u0131, en ge\u00e7 mart ay\u0131n\u0131n ilk &#8230; <a title=\"Destekleme ve Yeti\u015ftirme Kurslar\u0131 Ba\u015flang\u0131\u00e7 ve Biti\u015f Tarihleri 2015-2016\" class=\"read-more\" href=\"https:\/\/www.sorubak.com\/blog\/destekleme-ve-yetistirme-kurslari-baslangic-ve-bitis-tarihleri-2015-2016.html\" aria-label=\"More on Destekleme ve Yeti\u015ftirme Kurslar\u0131 Ba\u015flang\u0131\u00e7 ve Biti\u015f Tarihleri 2015-2016\">Devam\u0131n\u0131 oku&#8230;<\/a><\/p>\n","protected":false},"author":1,"featured_media":60659,"comment_status":"open","ping_status":"open","sticky":false,"template":"","format":"standard","meta":{"footnotes":""},"categories":[13484],"tags":[20873,20872],"class_list":["post-60658","post","type-post","status-publish","format-standard","has-post-thumbnail","hentry","category-meb","tag-destekleme-ve-yetistirme-kurslari-en-zaman-sona-eriyor-2015-2016","tag-destekleme-ve-yetistirme-kurslari-ne-zaman-basliyor"],"_links":{"self":[{"href":"https:\/\/www.sorubak.com\/blog\/wp-json\/wp\/v2\/posts\/60658","targetHints":{"allow":["GET"]}}],"collection":[{"href":"https:\/\/www.sorubak.com\/blog\/wp-json\/wp\/v2\/posts"}],"about":[{"href":"https:\/\/www.sorubak.com\/blog\/wp-json\/wp\/v2\/types\/post"}],"author":[{"embeddable":true,"href":"https:\/\/www.sorubak.com\/blog\/wp-json\/wp\/v2\/users\/1"}],"replies":[{"embeddable":true,"href":"https:\/\/www.sorubak.com\/blog\/wp-json\/wp\/v2\/comments?post=60658"}],"version-history":[{"count":0,"href":"https:\/\/www.sorubak.com\/blog\/wp-json\/wp\/v2\/posts\/60658\/revisions"}],"wp:featuredmedia":[{"embeddable":true,"href":"https:\/\/www.sorubak.com\/blog\/wp-json\/wp\/v2\/media\/60659"}],"wp:attachment":[{"href":"https:\/\/www.sorubak.com\/blog\/wp-json\/wp\/v2\/media?parent=60658"}],"wp:term":[{"taxonomy":"category","embeddable":true,"href":"https:\/\/www.sorubak.com\/blog\/wp-json\/wp\/v2\/categories?post=60658"},{"taxonomy":"post_tag","embeddable":true,"href":"https:\/\/www.sorubak.com\/blog\/wp-json\/wp\/v2\/tags?post=60658"}],"curies":[{"name":"wp","href":"https:\/\/api.w.org\/{rel}","templated":true}]}}