{"id":60187,"date":"2015-12-09T14:27:27","date_gmt":"2015-12-09T12:27:27","guid":{"rendered":"http:\/\/www.sorubak.com\/blog\/?p=60187"},"modified":"2015-12-09T14:28:45","modified_gmt":"2015-12-09T12:28:45","slug":"60187","status":"publish","type":"post","link":"https:\/\/www.sorubak.com\/blog\/60187.html","title":{"rendered":"7.S\u0131n\u0131f T\u00fcrk\u00e7e 1.D\u00f6nem 2.Yaz\u0131l\u0131 Sorular\u0131 2015-2016"},"content":{"rendered":"<p>Faz\u0131l H\u00fcsn\u00fc da\u011flarca \u0130stanbul\u2019da do\u011fdu. \u201cHavaya \u00c7izilen D\u00fcnya\u201d, \u201c\u00dc\u00e7 \u015eehitler destan\u0131\u201d en \u00f6nemli yap\u0131tlar\u0131d\u0131r.<\/p>\n<p>Yukar\u0131daki c\u00fcmlede ka\u00e7 yerde yaz\u0131m yanl\u0131\u015f\u0131 yap\u0131lm\u0131\u015ft\u0131r.<\/p>\n<p>A) 2 B)3 C)4 D)5<\/p>\n<p>A\u015fa\u011f\u0131dakilerden hangileri \u201colu\u015f \u2013 durum &#8211; i\u015f\u201d fiillerine s\u0131ras\u0131yla \u00f6rnek olabilir?<\/p>\n<p>A) do\u011fmak \u2013 yolmak \u2013 sevmek<br \/>\nB) ya\u015flanmak \u2013 a\u00e7mak \u2013 g\u00f6t\u00fcrmek<br \/>\nC) koklamak \u2013 atmak \u2013 solmak<br \/>\nD) b\u00fcy\u00fcmek \u2013 yatmak \u2013 k\u0131rmak<\/p>\n<p>A\u015fa\u011f\u0131dakilerden hangisinde bildirme (haber) kipi kullan\u0131lmam\u0131\u015ft\u0131r?<\/p>\n<p>A) Dikkatsizli\u011fin koca dolab\u0131 devirdi.<br \/>\nB) Art\u0131k ikiniz de bu i\u015ften vazge\u00e7melisiniz.<br \/>\nC) Kay\u0131p e\u015fyalar g\u00fcnlerdir bulunamad\u0131.<br \/>\nD) Can s\u0131k\u0131nt\u0131s\u0131 bana yine \u015fiir yazd\u0131racak.<\/p>\n<p>\u201cBeynimizin \u00e7ok k\u00fc\u00e7\u00fck bir b\u00f6l\u00fcm\u00fcn\u00fc kullanabiliyoruz.\u201d<\/p>\n<p>Yukar\u0131daki c\u00fcmlede eylemin zaman\u0131 ve ki\u015fisi a\u015fa\u011f\u0131dakilerden hangisidir?<\/p>\n<p>A) geni\u015f zaman \u2013 II. tekil ki\u015fi<br \/>\nB) \u015fimdiki zaman &#8211; I. tekil ki\u015fi<br \/>\nC) gelecek zaman \u2013 I. \u00e7o\u011ful ki\u015fi<br \/>\nD) \u015fimdiki zaman \u2013 I. \u00e7o\u011ful ki\u015fi<\/p>\n<p>A\u015fa\u011f\u0131daki c\u00fcmlelerden hangisinin sonuna \u00fc\u00e7 nokta ( \u2026 ) getirilemez?<\/p>\n<p>A) Baz\u0131 \u015feyler ki\u015fiden ki\u015fiye g\u00f6re de\u011fi\u015fir: zevkler, renkler, istekler<br \/>\nB) Pek \u00e7ok roman okudum: Ana, \u00d6l\u00fc, Canlar, Sefiller<br \/>\nC) D\u00fcnyay\u0131 bana kal\u0131rsa \u00fc\u00e7 \u015fey y\u00f6netiyor: kalem, k\u00e2\u011f\u0131t, m\u00fcrekkep<br \/>\nD) Kullanabilece\u011fimiz ders ara\u00e7lar\u0131n\u0131n baz\u0131lar\u0131 \u015funlard\u0131r: cetvel, pergel, iletki<\/p>\n<p>A\u015fa\u011f\u0131daki c\u00fcmlelerin hangisinde anlam kaymas\u0131 (zaman\/kip) kaymas\u0131 vard\u0131r?<\/p>\n<p>A) Bir ara an\u0131lar\u0131m\u0131 yazmaya karar verdim.<br \/>\nB) Bir araya gelince hep seni anar\u0131z.<br \/>\nC) E\u015fyalar\u0131m\u0131 birazdan toplayaca\u011f\u0131m.<br \/>\nD) Bu g\u00fczel kitab\u0131 yar\u0131n bitiriyorum.<\/p>\n<p>A\u015fa\u011f\u0131daki c\u00fcmlelerin hangisinde zaman zarf\u0131 vard\u0131r?<\/p>\n<p>A) Yar\u0131nlar sizin eseriniz olacakt\u0131r.<br \/>\nB) Gece, siyah bir t\u00fcl gibi indi \u00fcst\u00fcm\u00fcze.<br \/>\nC) Bu \u00f6\u011fleden sonra seninle sinemaya gidelim.<br \/>\nD) Gece, da\u011flar\u0131n arkas\u0131ndan y\u00fckseliyordu.<\/p>\n<p>Her dilden romanlar vard\u0131r. Peki, bu romanlar\u0131n i\u00e7indeki duyguyu anlamak i\u00e7in o roman\u0131n yaz\u0131ld\u0131\u011f\u0131 dili bilmemiz mi gerekiyor? Asla. Hi\u00e7 de gerek yok. O roman\u0131 dilimize \u00e7evirdi\u011fimizi zaman \u00e7ok daha insan\u0131 etkileyen, hatta b\u00fcy\u00fcleyen o duygular\u0131 daha da iyi hissederiz. \u00c7eviri romanlar\u0131n\u0131 bu y\u00fczden daha da \u00e7ok seviyorum. Yazar beni al\u0131yor, kendi memleketine, kendi d\u00fcnyas\u0131na g\u00f6t\u00fcr\u00fcyor, hayat\u0131na ortak ediyor. Bizim de arad\u0131\u011f\u0131m\u0131z bu de\u011fil mi?<\/p>\n<p>Yukar\u0131daki paragrafta hangi anlat\u0131m bi\u00e7imi kullan\u0131lm\u0131\u015ft\u0131r?<\/p>\n<p>A) Betimleme B)Tart\u0131\u015fma<br \/>\nC) \u00d6yk\u00fcleme D) A\u00e7\u0131klama<\/p>\n<p>Adapazar\u0131 \u015eeker Fabrikas\u0131 1953\u2019te i\u015fletmeye a\u00e7\u0131ld\u0131. Kurulu\u015fta g\u00fcnde 1800 ton olan pancar i\u015fleme kapasitesi 1980\u2019de 6000 tona \u00e7\u0131kar\u0131ld\u0131. Bu b\u00fcy\u00fck bir geli\u015fme.<\/p>\n<p>Yukar\u0131daki paragrafta d\u00fc\u015f\u00fcnceyi geli\u015ftirme yollar\u0131ndan hangisi kullan\u0131lm\u0131\u015ft\u0131r?<\/p>\n<p>A) \u00d6rneklendirme B)Tan\u0131k G\u00f6sterme<br \/>\nC) Tan\u0131mlama D) Say\u0131sal verilerden yararlanma<\/p>\n<p>15.<\/p>\n<p>Nasrettin Hoca k\u00f6yde e\u015fe\u011finden d\u00fc\u015fm\u00fc\u015f. Bunu g\u00f6ren \u00e7ocuklar hemen Hoca\u2019yla dalga ge\u00e7meye ba\u015flam\u0131\u015flar. Hoca: \u201cSizi gidi haylazlar, ne g\u00fcl\u00fcyorsunuz, ben zaten inecektim!\u201d demi\u015f.<\/p>\n<p>Bu metinde a\u015fa\u011f\u0131daki \u00f6gelerden hangisi yoktur?<\/p>\n<p>A) Zaman B) Yer C) Olay D)\u015eah\u0131s<\/p>\n<p>A\u015fa\u011f\u0131daki c\u00fcmlelerin hangisinde bir yaz\u0131m yanl\u0131\u015f\u0131 yap\u0131lm\u0131\u015ft\u0131r?<br \/>\nA) Babam 40. ya\u015f g\u00fcn\u00fcn\u00fc de iki g\u00fcn \u00f6nce kutlad\u0131.<br \/>\nB) Ligdeki 38&#8217;nci gol\u00fcn\u00fc de bu ma\u00e7ta att\u0131.<br \/>\nC) \u00d6l\u00fcm\u00fcn\u00fcn 27&#8217;nci y\u0131l\u0131nda sayg\u0131yla an\u0131ld\u0131.<br \/>\nD) 5&#8217;inci \u015fiir kitab\u0131n\u0131 da \u00f6n\u00fcm\u00fczdeki hafta piyasaya \u00e7\u0131kar\u0131yor.<br \/>\nA\u015fa\u011f\u0131daki olaylardan hangisi, birinci ki\u015fi a\u011fz\u0131yla anlat\u0131lm\u0131\u015ft\u0131r.<\/p>\n<p>A) Ya\u015fl\u0131 kad\u0131n tatl\u0131 tatl\u0131 konu\u015funca k\u0131z\u0131n i\u00e7i rahatlam\u0131\u015f. Orada kalmaya karar vermi\u015f. \u0130\u00e7eri girerek i\u015fine ba\u015flam\u0131\u015f. Evin her i\u015fini seve seve yap\u0131yormu\u015f.<\/p>\n<p>B)Bir g\u00fcn iki arkada\u015f beraberce ticaret i\u00e7in bir yolculu\u011fa \u00e7\u0131km\u0131\u015flar. Tesad\u00fcf bu ya yolda bir k\u00fcp alt\u0131n bulmu\u015flar. Sevin\u00e7le geri d\u00f6nm\u00fc\u015fler.<\/p>\n<p>C) Adam\u0131n biri, bir oyuncunun evine gitmi\u015f; p\u0131l\u0131s\u0131 p\u0131rt\u0131s\u0131, nesi varsa hepsini kar\u0131\u015ft\u0131rm\u0131\u015f, bir maske bulmu\u015f. \u015e\u00f6yle ince bir sanat adam\u0131n\u0131n elinden \u00e7\u0131km\u0131\u015f bir maske\u2026<\/p>\n<p>D) Deniz k\u0131y\u0131s\u0131ndaki bir bal\u0131k\u00e7\u0131 k\u00f6y\u00fcnde bir marangoz vard\u0131. \u0130kindi vakti, \u00f6\u011frencileri evlerine yollad\u0131ktan sonra oraya giderdim. \u00c7\u00fcnk\u00fc tahta i\u015flerine tutkum vard\u0131.<\/p>\n<p>Bir k\u00f6pe\u011fim olsun diye yapt\u0131klar\u0131mdan neredeyse b\u00fct\u00fcn ev halk\u0131n\u0131 b\u0131kt\u0131rm\u0131\u015ft\u0131m. Sonunda yapt\u0131klar\u0131m i\u015fe yarad\u0131. Art\u0131k bir k\u00f6pe\u011fim var. Sorumluluklar\u0131 da artt\u0131. K\u00f6pe\u011fimin beslenmesi, temizlenmesi g\u00f6revlerim aras\u0131nda. Bundan \u015fik\u00e2yet\u00e7i de\u011filim. Bunu ben istedim. Hem bir \u015feyi seviyorsan\u0131z onun verece\u011fi baz\u0131 s\u0131k\u0131nt\u0131lara da katlanacaks\u0131n\u0131z demektir. Yeter ki k\u00f6pe\u011fime bir \u015fey olmas\u0131n.<\/p>\n<p>Bu par\u00e7adaki \u00e7ocuk a\u015fa\u011f\u0131dakilerden hangisiyle nitelendirilemez?<\/p>\n<p>A) Maymun i\u015ftahl\u0131 B) Sorumluluk sahibi<br \/>\nC) \u0130nat\u00e7\u0131 D) Sevgi dolu<\/p>\n<h3><a href=\"http:\/\/www.sorubak.com\/7sinif-turkce-1donem-2yazili-sorulari-20152016_116382.htm\">Dosyan\u0131n tamam\u0131n\u0131 ve g\u00f6rselli halini indirmek i\u00e7in t\u0131klay\u0131n\u0131z<\/a><\/h3>\n","protected":false},"excerpt":{"rendered":"<p>Faz\u0131l H\u00fcsn\u00fc da\u011flarca \u0130stanbul\u2019da do\u011fdu. \u201cHavaya \u00c7izilen D\u00fcnya\u201d, \u201c\u00dc\u00e7 \u015eehitler destan\u0131\u201d en \u00f6nemli yap\u0131tlar\u0131d\u0131r. Yukar\u0131daki c\u00fcmlede ka\u00e7 yerde yaz\u0131m yanl\u0131\u015f\u0131 yap\u0131lm\u0131\u015ft\u0131r. A) 2 B)3 C)4 D)5 A\u015fa\u011f\u0131dakilerden hangileri \u201colu\u015f \u2013 durum &#8211; i\u015f\u201d fiillerine s\u0131ras\u0131yla \u00f6rnek olabilir? A) do\u011fmak \u2013 yolmak \u2013 sevmek B) ya\u015flanmak \u2013 a\u00e7mak \u2013 g\u00f6t\u00fcrmek C) koklamak \u2013 atmak \u2013 solmak &#8230; <a title=\"7.S\u0131n\u0131f T\u00fcrk\u00e7e 1.D\u00f6nem 2.Yaz\u0131l\u0131 Sorular\u0131 2015-2016\" class=\"read-more\" href=\"https:\/\/www.sorubak.com\/blog\/60187.html\" aria-label=\"More on 7.S\u0131n\u0131f T\u00fcrk\u00e7e 1.D\u00f6nem 2.Yaz\u0131l\u0131 Sorular\u0131 2015-2016\">Devam\u0131n\u0131 oku&#8230;<\/a><\/p>\n","protected":false},"author":1688,"featured_media":0,"comment_status":"open","ping_status":"open","sticky":false,"template":"","format":"standard","meta":{"footnotes":""},"categories":[18339,17980],"tags":[],"class_list":["post-60187","post","type-post","status-publish","format-standard","hentry","category-7-sinif-turkce-yazili-sorulari","category-ortaokul-yazili-sorulari"],"_links":{"self":[{"href":"https:\/\/www.sorubak.com\/blog\/wp-json\/wp\/v2\/posts\/60187","targetHints":{"allow":["GET"]}}],"collection":[{"href":"https:\/\/www.sorubak.com\/blog\/wp-json\/wp\/v2\/posts"}],"about":[{"href":"https:\/\/www.sorubak.com\/blog\/wp-json\/wp\/v2\/types\/post"}],"author":[{"embeddable":true,"href":"https:\/\/www.sorubak.com\/blog\/wp-json\/wp\/v2\/users\/1688"}],"replies":[{"embeddable":true,"href":"https:\/\/www.sorubak.com\/blog\/wp-json\/wp\/v2\/comments?post=60187"}],"version-history":[{"count":0,"href":"https:\/\/www.sorubak.com\/blog\/wp-json\/wp\/v2\/posts\/60187\/revisions"}],"wp:attachment":[{"href":"https:\/\/www.sorubak.com\/blog\/wp-json\/wp\/v2\/media?parent=60187"}],"wp:term":[{"taxonomy":"category","embeddable":true,"href":"https:\/\/www.sorubak.com\/blog\/wp-json\/wp\/v2\/categories?post=60187"},{"taxonomy":"post_tag","embeddable":true,"href":"https:\/\/www.sorubak.com\/blog\/wp-json\/wp\/v2\/tags?post=60187"}],"curies":[{"name":"wp","href":"https:\/\/api.w.org\/{rel}","templated":true}]}}