{"id":59621,"date":"2015-11-02T19:51:57","date_gmt":"2015-11-02T17:51:57","guid":{"rendered":"http:\/\/www.sorubak.com\/blog\/?p=59621"},"modified":"2015-11-02T19:53:15","modified_gmt":"2015-11-02T17:53:15","slug":"10-kasim-ataturk-siirleri","status":"publish","type":"post","link":"https:\/\/www.sorubak.com\/blog\/10-kasim-ataturk-siirleri.html","title":{"rendered":"10 Kas\u0131m Atat\u00fcrk \u015eiirleri"},"content":{"rendered":"<p><strong>10 Kas\u0131m Atat\u00fcrk \u015eiirleri,\u00a010 Kas\u0131m \u015eiirleri,\u00a010 Kas\u0131m K\u0131sa \u015eiirler,\u00a010 Kas\u0131m 2 k\u0131ta \u015fiir\u00a0<\/strong><\/p>\n<table style=\"height: 3987px;\" width=\"400\">\n<tbody>\n<tr>\n<td valign=\"top\" width=\"50%\"><b>10 KASIM<\/b><\/p>\n<p>Bir bulut inmi\u015f, beyaz,<br \/>\nKarl\u0131 da\u011flar ba\u015f\u0131na.<br \/>\nHer 10 Kas\u0131m sabah\u0131,<br \/>\nBir ate\u015f d\u00fc\u015fer, d\u00f6\u015f\u00fcme.<\/p>\n<p>Nerdesin, ey Ata\u2019m nerede?<br \/>\nSensiz millet, \u00f6ks\u00fcz burada.<\/p>\n<p>Sanat, ilim, fen seninle.<br \/>\nSevinen, g\u00fclen seninle.<br \/>\nOlmak isterdik inan,<br \/>\nEbediyen seninle.<\/p>\n<p>Da\u011flar\u0131n, ak ba\u015f\u0131 kar m\u0131d\u0131r?<br \/>\nKu\u015flar, Ata\u2019mdan haber, var m\u0131d\u0131r?<\/p>\n<p>Yar\u0131m b\u0131rakt\u0131\u011f\u0131n i\u015fler,<br \/>\nBug\u00fcn, sanki seni bekler.<br \/>\nZengin millet hayalin,<br \/>\nAcep, neden emekler?<\/p>\n<p>Sen gelmiyorsan, bir haber g\u00f6nder.<br \/>\nKim i\u00e7imizdeki, Atat\u00fcrk gibi \u00f6nder?<\/p>\n<p>H\u00fcseyin Celep<b><\/b><\/p>\n<p><b>ATAM SEN RAHAT ET<\/b><\/p>\n<p>Bir sonbahar g\u00fcn\u00fcnde bizleri<br \/>\nBizleri b\u0131rak\u0131p gitmi\u015fsin<br \/>\nHer T\u00fcrk\u00fcn kalbinde<br \/>\nBir yer edinmi\u015fsin<\/p>\n<p>Atam her 10 kas\u0131mda<br \/>\nBu millet seni anar<br \/>\nSaat dokuzu be\u015f ge\u00e7e<br \/>\nHer T\u00fcrk sana a\u011flar<\/p>\n<p>Bu vatan sana emanet<br \/>\nAtam sen yerinde rahat et<br \/>\nBiz T\u00fcrk \u00e7acuklar\u0131 var olduk\u00e7a<br \/>\nSeni unutmaz bu millet.<\/p>\n<p><b>G\u0130D\u0130YOR<\/b><\/p>\n<p>Gidiyor, rastgelemez bir daha tarih e\u015fine<br \/>\nGidiyor, on yedi milyon ki\u015fi takm\u0131\u015f pe\u015fine<\/p>\n<p>Gidiyor, sonsuz olan kudreti s\u0131\u011fmaz akla<br \/>\nGidiyor, g\u00f6\u011fs\u00fcn\u00fc \u00e7epe\u00e7evre saran bayrakla<\/p>\n<p>Gidiyor, izleri \u00fcst\u00fcn birikmi\u015f ya\u015flar<br \/>\nGidiyor, yerde k\u0131l\u0131\u00e7larla e\u011filmi\u015f ba\u015flar<\/p>\n<p>Gidiyor, harbin o en korkulu aslan yelesi<br \/>\nGidiyor, sulhun ufuklarda yanan me\u015f\u2019alesi<\/p>\n<p>Yine bir devr a\u00e7acakm\u0131\u015f gibi en ba\u015fta O var<br \/>\nH\u0131\u00e7k\u0131ran seste O var, sessiz akan ya\u015fta O var<\/p>\n<p>Siliyor ruhunun ulvili\u011fi fani etini<br \/>\n\u00c7iziyor ufka batan bir g\u00fcne\u015fin heybetini<\/p>\n<p>B\u00fcy\u00fcyor, g\u00f6kten inip topra\u011fa yakla\u015ft\u0131k\u00e7a<br \/>\nB\u00fcy\u00fcyor gitgide g\u00f6zlerden uzakla\u015ft\u0131k\u00e7a<\/p>\n<p>Orhan Seyfi Orhon<\/p>\n<p><b>ATAT\u00dcRK\u2019\u00dcN SES\u0130<\/b><\/p>\n<p>Atat\u00fcrk&#8217;\u00fcn sesi<br \/>\nBazen Erzurum Kongresi<br \/>\nBazen Sivas<br \/>\nBazen Anadolu&#8217;da sert bir r\u00fczgar<\/p>\n<p>Atat\u00fcrk&#8217;\u00fcn sesi<br \/>\nBazen Ankara&#8217;da ilk Millet Meclisi<br \/>\nBazen Orta Anadolu&#8217;da kartal<br \/>\nBazen Akdeniz&#8217;de tatl\u0131 bir r\u00fczgar<\/p>\n<p>Atat\u00fcrk&#8217;\u00fcn sesi<br \/>\nG\u00f6ky\u00fcz\u00fcnde ak bir bulut<br \/>\nBazen \u00f6n\u00fcnde \u0130zmir&#8217;e ordular akar<br \/>\nBazen Akdeniz&#8217;de bir kartal<\/p>\n<p>Atat\u00fcrk&#8217;\u00fcn sesi<br \/>\nBazen devrimlerin alfabesi<br \/>\nBazen Cumhuriyetin g\u00fcr sesi<br \/>\nBazen Menemen&#8217;de deli bir r\u00fczgar<\/p>\n<p>Bilgay Esemenli<\/p>\n<p>&nbsp;<\/p>\n<p><b>KURTULU\u015e \u00d6NC\u00dcLER\u0130 \u0130\u00c7\u0130N<\/b><\/p>\n<p>Yan yana iki \u00e7ocuk g\u00f6rsem<br \/>\n\u0130\u015fte Atat\u00fcrk diyorum<br \/>\n\u00d6zg\u00fcrl\u00fc\u011f\u00fcn topra\u011f\u0131 uyan\u0131yor<br \/>\n\u0130\u00e7in i\u00e7in seviniyorum<\/p>\n<p>Ko\u015fu\u015fan iki \u00f6\u011frenci g\u00f6rsem<br \/>\n\u0130\u00e7imin g\u00fcne\u015fi \u0131s\u0131n\u0131yor<br \/>\nY\u00fcr\u00fcyen bir bak\u0131\u015f gibi<br \/>\nMustafa Kemal geliyor<\/p>\n<p>Kol kola iki i\u015f\u00e7i g\u00f6rsem<br \/>\nEme\u011fim \u00e7o\u011fal\u0131yor birden<br \/>\nBir \u0131\u015f\u0131k d\u00fc\u015f\u00fcyor ortal\u0131\u011fa<br \/>\n\u0130\u015fte Atat\u00fcrk diyorum<\/p>\n<p>\u0130\u015fte Atat\u00fcrk diyorum<br \/>\n\u0130lk kurtulu\u015f \u00f6nc\u00fcleri<br \/>\nBir g\u00fcl \u00e7a\u011fr\u0131s\u0131nda hepsi<br \/>\nBize uzanm\u0131\u015f elleri<\/p>\n<p>Mehmet K\u0131yat<\/p>\n<p>&nbsp;<\/p>\n<p><b>SEN VARSIN ATAT\u00dcRK\u2019\u00dcM HER \u015eEY\u0130M\u0130ZDE<\/b><\/p>\n<p>Bu g\u00fcn yata\u011f\u0131mdan h\u00fcr kalk\u0131yorsam<br \/>\nEkme\u011fim ak suyum berraksa,<br \/>\nA\u011fa\u00e7lar \u00e7i\u00e7ek a\u00e7\u0131yor<br \/>\nTopraklar \u0131s\u0131nabiliyorsa,<br \/>\nSesim g\u00fcr \u00e7\u0131k\u0131yor<br \/>\n\u00d6zg\u00fcr \u00f6zg\u00fcr bakabiliyorsam,<br \/>\nSen vars\u0131n g\u00f6zbebeklerimde<br \/>\nSen vars\u0131n Atat\u00fcrk\u2019\u00fcm sen vars\u0131n.<\/p>\n<p>Yazabiliyorsam g\u00f6nl\u00fcmce<br \/>\nOkuyabiliyorsam\u2026<br \/>\nKazabiliyorsam topra\u011f\u0131m\u0131<br \/>\nG\u00fcn \u0131\u015f\u0131\u011f\u0131nda \u00e7apa k\u00fcrek elde,<br \/>\n\u00c7al\u0131\u015fabiliyorsam gece g\u00fcnd\u00fcz<br \/>\nEkip bi\u00e7ebiliyorsam dile\u011fimce,<br \/>\nSen vars\u0131n y\u00fcre\u011fimde<br \/>\nSen vars\u0131n Atat\u00fcrk\u2019\u00fcm sen vars\u0131n.<br \/>\n<b>10 KASIM<\/b><\/p>\n<p>Atam seni \u00e7ok seviyoruz!<br \/>\nT\u00fcrk ordusu ile sava\u015ft\u0131n.<br \/>\nAtam!seni sayg\u0131 ile an\u0131yoruz.<br \/>\nT\u00fcrk cumhuriyetini kurdun.<br \/>\n\u00dclkemizi korodun.<br \/>\nRuhun hep cennette olsun.<br \/>\nKe\u015fke seni g\u00f6rebilseydim<\/td>\n<td valign=\"top\" width=\"50%\"><b>ATAT\u00dcRK<\/b><\/p>\n<p>Bir g\u00fcn sordum babama,<br \/>\nAtat\u00fcrk neden b\u00fcy\u00fck?<br \/>\n\u00c7ocu\u011fum dedi bana,<br \/>\nOnu seviyor her T\u00fcrk.<\/p>\n<p>Onu biz de\u011fil yaln\u0131z,<br \/>\n\u00dcst\u00fcn tan\u0131r her millet.<br \/>\nEn b\u00fcy\u00fck eseridir<br \/>\nKurdu\u011fu cumhuriyet.<\/p>\n<p>\u00c7ok k\u00f6t\u00fc bir zamand\u0131,<br \/>\nU\u00e7urumdayd\u0131 vatan.<br \/>\nO b\u00fcy\u00fck kahramand\u0131,<br \/>\nYurdumuzu kurtaran.<\/p>\n<p>Kalbimiz sevgi dolu,<br \/>\nYol g\u00f6steren o,T\u00fcrk&#8217;e<br \/>\nYolumuz onun yolu,<br \/>\nSayg\u0131 duy Atat\u00fcrk&#8217;e!&#8230;<\/p>\n<p>\u0130SMA\u0130L HAKKI TALAS<\/p>\n<p>&nbsp;<\/p>\n<p><b>ATAT\u00dcRK YAZAR<\/b><\/p>\n<p>Sordum seni;<br \/>\nDa\u011f\u0131na, ta\u015f\u0131na T\u00fcrkiye\u2019min,<br \/>\nHerkes kendinden emin,<br \/>\nY\u00fckseldi g\u00fcr sesler;<br \/>\nUmutlar, sevgiler:<br \/>\nO biziz, O bizleriz.<br \/>\nHepimiz bir par\u00e7ay\u0131z<br \/>\nAtat\u00fcrk\u2019ten,<br \/>\nB\u00fct\u00fcn do\u011fa,<br \/>\nAtat\u00fcrk\u2019\u00fc anar,<br \/>\nAtat\u00fcrk\u2019\u00fc \u015fa\u015far.<br \/>\nHer\u015feydir OT\u00fcrkiyem\u2019de.<br \/>\nG\u00f6ller, \u0131rmaklar, ormanlar.<br \/>\n\u0130mza imza Atat\u00fcrk yazar.<\/p>\n<p>M. Vasfi SARAL<\/p>\n<p>&nbsp;<\/p>\n<p><b>ATAT\u00dcRK<\/b><\/p>\n<p>Mutluyum Atat\u00fcrk\u2019 \u00fcn sayesinde<br \/>\nS\u0131n\u0131f\u0131mday\u0131m masamday\u0131m<br \/>\nO y\u00fcce insan olmasa&#8230;<br \/>\nKurtard\u0131 Atat\u00fcrk bizi<br \/>\n\u015eimdi okulumun kuca\u011f\u0131nday\u0131m<br \/>\n\u00d6\u011fretmenimin s\u0131n\u0131f\u0131nday\u0131m<br \/>\nY\u00fcce insan Atat\u00fcrk olmasa<br \/>\nAtat\u00fcrk \u00fcn sayesinde mutluyum<br \/>\nOkuma yazma biliyorum<br \/>\nHer sabah ne mutlu t\u00fcrk\u00fcm diyene diyorum<br \/>\nO y\u00fczden Atat\u00fcrk\u2019 e \u00e7ok te\u015fekk\u00fcr ediyorum<\/p>\n<p>B\u00fc\u015fra Ezgi ALEV<\/p>\n<p>&nbsp;<\/p>\n<p>&nbsp;<\/p>\n<p><b>10 KASIM<br \/>\n<\/b><\/p>\n<p>Y\u0131l otuz sekiz On Kas\u0131m Per\u015fembe<br \/>\nHat\u0131rdan \u00e7\u0131kmayacak bir sonbahar.<br \/>\nSars\u0131l\u0131yor \u0130stanbul yedi tepe,<br \/>\nYaman esmi\u015f Dolmabah\u00e7e\u2019de r\u00fczgar.<\/p>\n<p>Ger\u00e7ek olamaz, olsa olsa bir d\u00fc\u015f,<br \/>\nDokuzu be\u015f ge\u00e7e Atat\u00fcrk \u00f6lm\u00fc\u015f.<br \/>\nB\u00f6yle toptan bir yas nerede g\u00f6r\u00fclm\u00fc\u015f,<br \/>\nBeraber a\u011fl\u0131yoruz kurtlar, ku\u015flar.<\/p>\n<p>Bu memlekete en \u00e7ok hizmet eden,<br \/>\nBu a\u015fk ile da\u011flara g\u00fcc\u00fc yeten,<br \/>\nOn sekiz milyonun omzunda giden<br \/>\nAtam, Ankara s\u0131rtlar\u0131nda yatar.<br \/>\n\u0130lhan DEM\u0130RASLAN<\/p>\n<p>&nbsp;<\/p>\n<p><b>ATAT\u00dcRK \u015e\u0130\u0130R\u0130<\/b><\/p>\n<p>Bayrak yar\u0131ya \u00e7ekilmi\u015f,<br \/>\nAtat\u00fcrk\u2019\u00fcm \u00f6ld\u00fc diye,<br \/>\nEn son yaprak da d\u00f6k\u00fclm\u00fc\u015f,<br \/>\nAtat\u00fcrk\u2019\u00fcm \u00f6ld\u00fc diye<\/p>\n<p>S\u00fcr\u00fc yas tutmu\u015f ovada,<br \/>\nKu\u015flar susmu\u015flar yuvada,<br \/>\nR\u00fczgar esmez olmu\u015f da\u011fda,<br \/>\nAtat\u00fcrk\u2019\u00fcm \u00f6ld\u00fc diye.<\/p>\n<p>Irmaklar yasl\u0131 \u00e7a\u011flam\u0131\u015f,<br \/>\nA\u011fa\u00e7lar sessiz a\u011flam\u0131\u015f,<br \/>\nVatan karalar ba\u011flam\u0131\u015f,<br \/>\nAtat\u00fcrk\u2019\u00fcm \u00f6ld\u00fc diye<\/p>\n<p>Mehmet Necati \u00d6NGAY<\/p>\n<p>&nbsp;<\/p>\n<p><b>B\u00dcY\u00dcK YAS<\/b><\/p>\n<p>Hat\u0131rlatmay\u0131n ban dokuzu be\u015f ge\u00e7eyi,<br \/>\nHele puslu ge\u00e7en o geceyi\u2026.<br \/>\nS\u00f6yletmeyin kas\u0131m adl\u0131 iki heceyi,<br \/>\nBu benim en b\u00fcy\u00fck yas\u0131m.<br \/>\nBu Atam\u2019\u0131n \u00f6ld\u00fc\u011f\u00fc tarih 10 Kas\u0131m.<\/p>\n<p>Atam \u00f6lm\u00fc\u015f Dolmabah\u00e7e Saray\u0131\u2019da<br \/>\n\u00c7ok \u00fcz\u00fcld\u00fcm olamad\u0131m ya yan\u0131nda<br \/>\nA\u011flad\u0131m onun \u00f6ld\u00fc\u011f\u00fcn\u00fc duydu\u011fumda<br \/>\nBu benim en b\u00fcy\u00fck yas\u0131m<br \/>\nBu Atam\u2019\u0131n \u00f6ld\u00fc\u011f\u00fc tarih 10 Kas\u0131m\u2026<\/p>\n<p>Dudum ki Atam \u00f6lm\u00fc\u015f<br \/>\nT\u00fcrk\u00fcn yanan me\u015falesi s\u00f6nm\u00fc\u015f<br \/>\nAtam 10 Kas\u0131m da g\u00f6m\u00fclm\u00fc\u015f<br \/>\nBu benim en b\u00fcy\u00fck yas\u0131m<br \/>\nBu Atam\u2019\u0131n \u00f6ld\u00fc\u011f\u00fc tarih 10 Kas\u0131m\u2026.<\/p>\n<p>Bu tarihte Atam\u2019\u0131n kalm\u0131\u015f cans\u0131z eti<br \/>\nKan a\u011fl\u0131yor T\u00fcrk Milleti..<br \/>\nB\u00f6yle anlad\u0131k yoklu\u011fu,sefaleti<br \/>\nBu benim en b\u00fcy\u00fck yas\u0131m<br \/>\nBu Atam\u2019\u0131n \u00f6ld\u00fc\u011f\u00fc tarih 10 Kas\u0131m\u2026<\/p>\n<p>Bu g\u00fcn duydum sirenler \u00e7al\u0131yor.<br \/>\nSordum ne oldu? Dediler \u00e7i\u00e7ekler soldu\u2026<br \/>\nDedim niye? Dedilerki Atat\u00fcrk \u00f6ld\u00fc diye\u2026<br \/>\nBundan sonra bayraklar yar\u0131ya iniyor.<br \/>\nBu benim en b\u00fcy\u00fck yas\u0131m<br \/>\nBu Atam\u2019\u0131n \u00f6ld\u00fc\u011f\u00fcm tarih 10 Kas\u0131m\u2026<\/p>\n<p>Aziz \u00c7\u0131nar<\/p>\n<p>&nbsp;<\/p>\n<p><b>ATAT\u00dcRK \u00c7OCUKLARI<\/b><\/p>\n<p>\u00d6zg\u00fcrl\u00fck \u015fark\u0131s\u0131 bizim \u015fark\u0131m\u0131z<br \/>\nYurt i\u00e7in ulus i\u00e7in hep \u00e7al\u0131\u015f\u0131r\u0131z<br \/>\nVatan\u0131 y\u00fckseltmek tek amac\u0131m\u0131z<br \/>\nBizlerAtat\u00fcrk \u00e7ocuklar\u0131y\u0131z<\/p>\n<p>Dostlukla dopdolu y\u00fcreklerimiz<br \/>\nD\u00fcnya \u00e7ocuklar\u0131 hep karde\u015fimiz<br \/>\nBar\u0131\u015ftan yana inan\u00e7lar\u0131m\u0131z<br \/>\nBizler Atat\u00fcrk \u00e7ocuklar\u0131y\u0131z<\/p>\n<p>\u00c7\u0131n\u0131nlayacak sesimiz d\u00fcnyada yurtda<br \/>\nUzanacak ellerimiz evren boyunca<br \/>\nUygarl\u0131k y\u00f6n\u00fcnde bir me\u015faleyi<br \/>\nBizler Atat\u00fcrk \u00e7ocuklar\u0131y\u0131z<\/td>\n<\/tr>\n<\/tbody>\n<\/table>\n","protected":false},"excerpt":{"rendered":"<p>10 Kas\u0131m Atat\u00fcrk \u015eiirleri,\u00a010 Kas\u0131m \u015eiirleri,\u00a010 Kas\u0131m K\u0131sa \u015eiirler,\u00a010 Kas\u0131m 2 k\u0131ta \u015fiir\u00a0 10 KASIM Bir bulut inmi\u015f, beyaz, Karl\u0131 da\u011flar ba\u015f\u0131na. Her 10 Kas\u0131m sabah\u0131, Bir ate\u015f d\u00fc\u015fer, d\u00f6\u015f\u00fcme. Nerdesin, ey Ata\u2019m nerede? Sensiz millet, \u00f6ks\u00fcz burada. Sanat, ilim, fen seninle. Sevinen, g\u00fclen seninle. Olmak isterdik inan, Ebediyen seninle. Da\u011flar\u0131n, ak ba\u015f\u0131 kar m\u0131d\u0131r? &#8230; <a title=\"10 Kas\u0131m Atat\u00fcrk \u015eiirleri\" class=\"read-more\" href=\"https:\/\/www.sorubak.com\/blog\/10-kasim-ataturk-siirleri.html\" aria-label=\"More on 10 Kas\u0131m Atat\u00fcrk \u015eiirleri\">Devam\u0131n\u0131 oku&#8230;<\/a><\/p>\n","protected":false},"author":1,"featured_media":0,"comment_status":"open","ping_status":"open","sticky":false,"template":"","format":"standard","meta":{"footnotes":""},"categories":[13073],"tags":[],"class_list":["post-59621","post","type-post","status-publish","format-standard","hentry","category-belirli-gun-ve-haftalar"],"_links":{"self":[{"href":"https:\/\/www.sorubak.com\/blog\/wp-json\/wp\/v2\/posts\/59621","targetHints":{"allow":["GET"]}}],"collection":[{"href":"https:\/\/www.sorubak.com\/blog\/wp-json\/wp\/v2\/posts"}],"about":[{"href":"https:\/\/www.sorubak.com\/blog\/wp-json\/wp\/v2\/types\/post"}],"author":[{"embeddable":true,"href":"https:\/\/www.sorubak.com\/blog\/wp-json\/wp\/v2\/users\/1"}],"replies":[{"embeddable":true,"href":"https:\/\/www.sorubak.com\/blog\/wp-json\/wp\/v2\/comments?post=59621"}],"version-history":[{"count":0,"href":"https:\/\/www.sorubak.com\/blog\/wp-json\/wp\/v2\/posts\/59621\/revisions"}],"wp:attachment":[{"href":"https:\/\/www.sorubak.com\/blog\/wp-json\/wp\/v2\/media?parent=59621"}],"wp:term":[{"taxonomy":"category","embeddable":true,"href":"https:\/\/www.sorubak.com\/blog\/wp-json\/wp\/v2\/categories?post=59621"},{"taxonomy":"post_tag","embeddable":true,"href":"https:\/\/www.sorubak.com\/blog\/wp-json\/wp\/v2\/tags?post=59621"}],"curies":[{"name":"wp","href":"https:\/\/api.w.org\/{rel}","templated":true}]}}