{"id":56765,"date":"2015-03-04T22:02:22","date_gmt":"2015-03-04T20:02:22","guid":{"rendered":"http:\/\/www.sorubak.com\/blog\/?p=56765"},"modified":"2015-03-04T22:02:46","modified_gmt":"2015-03-04T20:02:46","slug":"4-sinif-ses-konu-degerlendirme-sorulari","status":"publish","type":"post","link":"https:\/\/www.sorubak.com\/blog\/4-sinif-ses-konu-degerlendirme-sorulari.html","title":{"rendered":"4.s\u0131n\u0131f ses konu de\u011ferlendirme sorular\u0131 ve cevaplar\u0131"},"content":{"rendered":"<p>Ad\u0131 Soyad\u0131:\u2026\u2026\u2026\u2026\u2026\u2026\u2026\u2026\u2026\u2026\u2026\u2026\u2026\u00a0\u00a0\u00a0\u00a0\u00a0\u00a0\u00a0\u00a0\u00a0\u00a0\u00a0\u00a0\u00a0\u00a0\u00a0\u00a0\u00a0\u00a0\u00a0\u00a0\u00a0\u00a0\u00a0\u00a0\u00a0\u00a0\u00a0\u00a0\u00a0\u00a0\u00a0\u00a0\u00a0\u00a0\u00a0\u00a0\u00a0\u00a0\u00a0\u00a0\u00a0\u00a0\u00a0\u00a0\u00a0 \u00a0\u00a0\u00a0\u00a0\u00a0\u00a0\u00a0\u00a0\u00a0 Velinin \u0130mzas\u0131:\u2026\u2026\u2026\u2026\u2026<\/p>\n<p><strong><em><span style=\"text-decoration: underline;\">\u201c SES \u201c KONU TARAMA \u00c7ALI\u015eMASI<\/span><\/em><\/strong><\/p>\n<p>&nbsp;<\/p>\n<ol>\n<li><strong><em> A\u015fa\u011f\u0131daki t\u00fcmcelerde do\u011fru olanlar\u0131n \u00f6n\u00fcne D, yanl\u0131\u015f olan\u0131n \u00f6n\u00fcne Y yaz\u0131n\u0131z.<\/em><\/strong><\/li>\n<li>(\u2026\u2026) Ses havas\u0131z ortamlarda yay\u0131lamaz.<\/li>\n<li>(\u2026\u2026) Cisimler titre\u015ferek ses \u00fcretir.<\/li>\n<li>(\u2026\u2026) Sesin kayna\u011f\u0131na yakla\u015ft\u0131k\u00e7a sesin \u015fiddeti artar.<\/li>\n<li>(\u2026\u2026) Ses kayna\u011f\u0131ndan \u00e7evreye yay\u0131lan ses dalgalar\u0131, sert bir y\u00fczeye \u00e7arpt\u0131klar\u0131nda do\u011frultu ve y\u00f6n<\/li>\n<\/ol>\n<p>de\u011fi\u015ftirir.<\/p>\n<ol start=\"5\">\n<li>(\u2026\u2026) Ses \u0131\u015f\u0131ktan daha h\u0131zl\u0131 yay\u0131l\u0131r.<\/li>\n<li>(\u2026\u2026) Hayvanlar\u0131n \u00e7\u0131kard\u0131\u011f\u0131 sesler yapay seslerdir.<\/li>\n<li>(\u2026\u2026) Bizi rahats\u0131z eden d\u00fczensiz seslere g\u00fcr\u00fclt\u00fc denir.<\/li>\n<li>(\u2026\u2026) Megafon sesin \u015fiddetini art\u0131r\u0131r.<\/li>\n<li>(\u2026\u2026) Her ses insan kula\u011f\u0131 taraf\u0131ndan duyulur.<\/li>\n<li>(\u2026\u2026) Ses kayna\u011f\u0131n\u0131n fazla titre\u015fmesi sesin \u015fiddetini art\u0131r\u0131r.<\/li>\n<\/ol>\n<p>&nbsp;<\/p>\n<ol>\n<li><strong><em> A\u015fa\u011f\u0131daki bo\u015fluklar\u0131 tablodaki uygun s\u00f6zc\u00fcklerle tamamlay\u0131n\u0131z. <\/em><\/strong><\/li>\n<\/ol>\n<p><strong><em>\u00a0<\/em><\/strong><\/p>\n<table>\n<tbody>\n<tr>\n<td width=\"704\">do\u011fal, yapay &#8211;\u00a0 madde \u2013 a\u011fz\u0131m\u0131z, kula\u011f\u0131m\u0131z &#8211; uzakla\u015ft\u0131k\u00e7a &#8211; \u00a0kirlili\u011fine\u00a0 &#8211; kat\u0131, s\u0131v\u0131, gaz &#8211; \u00a0her y\u00f6nde\u00a0 &#8211; dalgalar \u2013 \u015fiddetini \u00a0&#8211; bo\u015flukta \u2013 ses\u00a0 &#8211; kulak\u00a0 &#8211; \u00a0enerjidir &#8211; \u00a0yapay \u2013 do\u011fal \u2013 megafon, hoparl\u00f6r<\/td>\n<\/tr>\n<\/tbody>\n<\/table>\n<p>&nbsp;<\/p>\n<ol>\n<li>Ses, \u2026\u2026\u2026\u2026\u2026\u2026\u2026\u2026. de\u011fildir.<\/li>\n<li>Ses \u2026\u2026\u2026\u2026\u2026\u2026\u2026\u2026\u2026. yay\u0131lmaz.<\/li>\n<li>Ses olu\u015fturan her varl\u0131k \u2026\u2026\u2026\u2026\u2026. kayna\u011f\u0131d\u0131r.<\/li>\n<li>Ses kayna\u011f\u0131ndan \u00e7\u0131kan ses dalgalar\u0131 \u2026\u2026\u2026\u2026\u2026\u2026\u2026\u2026\u2026\u2026\u2026 yay\u0131l\u0131r.<\/li>\n<li>Ses kaynaklar\u0131; \u2026\u2026\u2026\u2026\u2026\u2026\u2026.. ses kaynaklar\u0131 ve \u2026\u2026\u2026\u2026\u2026\u2026\u2026\u2026.. ses kaynaklar\u0131 olarak ikiye ayr\u0131l\u0131r.<\/li>\n<li>Trafikteki ara\u00e7lar\u0131n motor ve korna sesleri ses \u2026\u2026\u2026\u2026\u2026\u2026\u2026\u2026\u2026 bir \u00f6rnektir.<\/li>\n<li>Ses \u2026\u2026\u2026\u2026\u2026\u2026\u2026\u2026\u2026. halinde yay\u0131l\u0131r.<\/li>\n<li>\u2026\u2026\u2026\u2026\u2026\u2026\u2026. i\u015fitme duyu organ\u0131m\u0131zd\u0131r.<\/li>\n<li>Ses \u2026\u2026\u2026\u2026\u2026\u2026. , \u2026\u2026\u2026\u2026\u2026\u2026.. ve \u2026\u2026\u2026\u2026\u2026\u2026\u2026\u00a0 maddelerde yay\u0131l\u0131r.<\/li>\n<li>Ses bir \u2026\u2026\u2026\u2026\u2026\u2026\u2026\u2026..\u2026<\/li>\n<li>Ses kayna\u011f\u0131ndan \u2026\u2026\u2026\u2026\u2026\u2026\u2026\u2026\u2026.. ses dalgalar\u0131n\u0131n etkisi azal\u0131r ve ses daha az duyulur.<\/li>\n<li>\u2026\u2026\u2026\u2026\u2026\u2026\u2026.. do\u011fal bir ses kayna\u011f\u0131d\u0131r.<\/li>\n<li>U\u00e7ak sesi \u2026\u2026\u2026\u2026\u2026\u2026\u2026. bir ses kayna\u011f\u0131d\u0131r.<\/li>\n<li>\u2026\u2026\u2026\u2026\u2026 ve \u2026\u2026\u2026\u2026\u2026\u2026\u2026. sesin \u015fiddetini art\u0131r\u0131r.<\/li>\n<li>Y\u00fcksek sesli yerlerde kula\u011f\u0131m\u0131z\u0131 korumak i\u00e7in \u2026\u2026\u2026\u2026\u2026\u2026\u2026.\u2026.. a\u00e7mal\u0131, \u2026\u2026\u2026\u2026\u2026\u2026\u2026\u2026\u2026\u2026.. kapatmal\u0131y\u0131z.<\/li>\n<li><strong>16<\/strong>. \u0130nsan sesi \u2026\u2026\u2026\u2026\u2026\u2026. ses kayna\u011f\u0131d\u0131r.<\/li>\n<\/ol>\n<p>&nbsp;<\/p>\n<ol>\n<li><strong><em> A\u015fa\u011f\u0131daki sorularda do\u011fru olan se\u00e7enekleri i\u015faretleyiniz.<\/em><\/strong><\/li>\n<\/ol>\n<ol>\n<li><strong> Ses hangi ortamda yay\u0131lmaz?<\/strong><\/li>\n<li>A) havada B) suda C) kat\u0131da\u00a0\u00a0\u00a0\u00a0 D) bo\u015flukta<\/li>\n<\/ol>\n<ol start=\"2\">\n<li><strong> A\u015fa\u011f\u0131dakilerden hangisi do\u011fal ses kaynaklar\u0131ndan biridir?<\/strong><\/li>\n<li>A) radyo sesi B) megafon sesi<\/li>\n<li>C) kuzu sesi D) fl\u00fct\u00a0 sesi<\/li>\n<\/ol>\n<p>I. Enerji \u00e7e\u015fididir.<\/p>\n<ol start=\"3\">\n<li>Titre\u015fimle olu\u015fur.<\/li>\n<\/ol>\n<p>III.\u00a0 Her yerden ayn\u0131 derecede duyulur.<\/p>\n<p><strong>Yukar\u0131dakilerden hangileri ses i\u00e7in do\u011frudur?<\/strong><\/p>\n<ol>\n<li>A) I \u2013 II B) I \u2013 II \u2013 III<\/li>\n<li>C) I \u2013 III D) II \u2013 III<strong>\u00a0<\/strong><\/li>\n<\/ol>\n<ol start=\"4\">\n<li><strong> Kapal\u0131 bir havada ayn\u0131 anda ger\u00e7ekle\u015fmelerine ra\u011fmen \u00f6nce \u015fim\u015fe\u011fi g\u00f6r\u00fcr, arkas\u0131ndan g\u00f6k g\u00fcr\u00fclt\u00fcs\u00fcn\u00fc duyar\u0131z. Bu olay\u0131n nedeni a\u015fa\u011f\u0131dakilerden hangisidir?<\/strong><\/li>\n<li>A) Ses \u0131\u015f\u0131ktan daha h\u0131zl\u0131 yay\u0131l\u0131r.<\/li>\n<li>B) Ses ve \u0131\u015f\u0131k ayn\u0131 h\u0131zda yay\u0131l\u0131r.<\/li>\n<li>C) I\u015f\u0131k sesten daha h\u0131zl\u0131 yay\u0131l\u0131r.<\/li>\n<li>D) Ses dalgalar halinde yay\u0131l\u0131r.<\/li>\n<\/ol>\n<p><strong>YANIT ANAHTARI <\/strong><\/p>\n<ol>\n<li><strong><em> A\u015fa\u011f\u0131daki t\u00fcmcelerde do\u011fru olanlar\u0131n \u00f6n\u00fcne D, yanl\u0131\u015f olan\u0131n \u00f6n\u00fcne Y yaz\u0131n\u0131z.<\/em><\/strong><\/li>\n<li>D \u00a0<strong>2.<\/strong>\u00a0\u00a0 D\u00a0\u00a0\u00a0\u00a0\u00a0\u00a0\u00a0\u00a0\u00a0\u00a0\u00a0\u00a0\u00a0\u00a0\u00a0\u00a0\u00a0 <strong>3.<\/strong>\u00a0\u00a0 Y \u00a0\u00a0\u00a0\u00a0\u00a0\u00a0\u00a0\u00a0\u00a0\u00a0\u00a0\u00a0\u00a0\u00a0\u00a0\u00a0\u00a0 <strong>4.<\/strong>\u00a0\u00a0 D\u00a0\u00a0\u00a0\u00a0\u00a0\u00a0\u00a0\u00a0\u00a0 <strong>5.<\/strong>\u00a0\u00a0 Y \u00a0\u00a0\u00a0\u00a0\u00a0\u00a0\u00a0\u00a0\u00a0\u00a0\u00a0\u00a0\u00a0\u00a0\u00a0\u00a0\u00a0 <strong>6.<\/strong>\u00a0\u00a0 Y \u00a0\u00a0\u00a0\u00a0\u00a0\u00a0\u00a0\u00a0 <strong>7.<\/strong>\u00a0\u00a0 D \u00a0\u00a0\u00a0\u00a0\u00a0\u00a0\u00a0\u00a0\u00a0\u00a0\u00a0\u00a0\u00a0\u00a0\u00a0\u00a0\u00a0 <strong>8.<\/strong>\u00a0\u00a0 D <strong>9.<\/strong>\u00a0\u00a0 Y \u00a0\u00a0\u00a0\u00a0\u00a0\u00a0\u00a0\u00a0\u00a0\u00a0\u00a0\u00a0\u00a0\u00a0\u00a0\u00a0\u00a0 <strong>10.<\/strong> D<\/li>\n<\/ol>\n<p>&nbsp;<\/p>\n<ol>\n<li><strong><em> A\u015fa\u011f\u0131daki bo\u015fluklar\u0131 tablodaki uygun s\u00f6zc\u00fcklerle tamamlay\u0131n\u0131z. <\/em><\/strong><\/li>\n<li>madde<\/li>\n<li>bo\u015flukta<\/li>\n<li>ses<\/li>\n<li>her y\u00f6nde<\/li>\n<li>do\u011fal , yapay<\/li>\n<li>kirlili\u011fine<\/li>\n<li>dalgalar<\/li>\n<li>Kulak<\/li>\n<li>kat\u0131, s\u0131v\u0131, gaz<\/li>\n<li>enerji<\/li>\n<li>uzakla\u015ft\u0131k\u00e7a<\/li>\n<li>R\u00fczg\u00e2r<\/li>\n<li>yapay<\/li>\n<li>megafon, hoparl\u00f6r<\/li>\n<li>a\u011fz\u0131m\u0131z, kula\u011f\u0131m\u0131z<\/li>\n<li>do\u011fal<\/li>\n<\/ol>\n<p><strong>\u00a0<\/strong><\/p>\n<ol>\n<li><strong><em> A\u015fa\u011f\u0131daki sorularda do\u011fru olan se\u00e7enekleri i\u015faretleyiniz.<\/em><\/strong><\/li>\n<li>D) bo\u015flukta<\/li>\n<\/ol>\n<p>&nbsp;<\/p>\n<ol start=\"2\">\n<li>C) kuzu sesi<\/li>\n<\/ol>\n<p>&nbsp;<\/p>\n<ol start=\"3\">\n<li>A) I \u2013 II<\/li>\n<\/ol>\n<p>&nbsp;<\/p>\n","protected":false},"excerpt":{"rendered":"<p>Ad\u0131 Soyad\u0131:\u2026\u2026\u2026\u2026\u2026\u2026\u2026\u2026\u2026\u2026\u2026\u2026\u2026\u00a0\u00a0\u00a0\u00a0\u00a0\u00a0\u00a0\u00a0\u00a0\u00a0\u00a0\u00a0\u00a0\u00a0\u00a0\u00a0\u00a0\u00a0\u00a0\u00a0\u00a0\u00a0\u00a0\u00a0\u00a0\u00a0\u00a0\u00a0\u00a0\u00a0\u00a0\u00a0\u00a0\u00a0\u00a0\u00a0\u00a0\u00a0\u00a0\u00a0\u00a0\u00a0\u00a0\u00a0\u00a0 \u00a0\u00a0\u00a0\u00a0\u00a0\u00a0\u00a0\u00a0\u00a0 Velinin \u0130mzas\u0131:\u2026\u2026\u2026\u2026\u2026 \u201c SES \u201c KONU TARAMA \u00c7ALI\u015eMASI &nbsp; A\u015fa\u011f\u0131daki t\u00fcmcelerde do\u011fru olanlar\u0131n \u00f6n\u00fcne D, yanl\u0131\u015f olan\u0131n \u00f6n\u00fcne Y yaz\u0131n\u0131z. (\u2026\u2026) Ses havas\u0131z ortamlarda yay\u0131lamaz. (\u2026\u2026) Cisimler titre\u015ferek ses \u00fcretir. (\u2026\u2026) Sesin kayna\u011f\u0131na yakla\u015ft\u0131k\u00e7a sesin \u015fiddeti artar. (\u2026\u2026) Ses kayna\u011f\u0131ndan \u00e7evreye yay\u0131lan ses dalgalar\u0131, sert bir y\u00fczeye \u00e7arpt\u0131klar\u0131nda do\u011frultu ve y\u00f6n de\u011fi\u015ftirir. &#8230; <a title=\"4.s\u0131n\u0131f ses konu de\u011ferlendirme sorular\u0131 ve cevaplar\u0131\" class=\"read-more\" href=\"https:\/\/www.sorubak.com\/blog\/4-sinif-ses-konu-degerlendirme-sorulari.html\" aria-label=\"More on 4.s\u0131n\u0131f ses konu de\u011ferlendirme sorular\u0131 ve cevaplar\u0131\">Devam\u0131n\u0131 oku&#8230;<\/a><\/p>\n","protected":false},"author":1,"featured_media":0,"comment_status":"open","ping_status":"open","sticky":false,"template":"","format":"standard","meta":{"footnotes":""},"categories":[14841],"tags":[],"class_list":["post-56765","post","type-post","status-publish","format-standard","hentry","category-online-test-coz"],"_links":{"self":[{"href":"https:\/\/www.sorubak.com\/blog\/wp-json\/wp\/v2\/posts\/56765","targetHints":{"allow":["GET"]}}],"collection":[{"href":"https:\/\/www.sorubak.com\/blog\/wp-json\/wp\/v2\/posts"}],"about":[{"href":"https:\/\/www.sorubak.com\/blog\/wp-json\/wp\/v2\/types\/post"}],"author":[{"embeddable":true,"href":"https:\/\/www.sorubak.com\/blog\/wp-json\/wp\/v2\/users\/1"}],"replies":[{"embeddable":true,"href":"https:\/\/www.sorubak.com\/blog\/wp-json\/wp\/v2\/comments?post=56765"}],"version-history":[{"count":0,"href":"https:\/\/www.sorubak.com\/blog\/wp-json\/wp\/v2\/posts\/56765\/revisions"}],"wp:attachment":[{"href":"https:\/\/www.sorubak.com\/blog\/wp-json\/wp\/v2\/media?parent=56765"}],"wp:term":[{"taxonomy":"category","embeddable":true,"href":"https:\/\/www.sorubak.com\/blog\/wp-json\/wp\/v2\/categories?post=56765"},{"taxonomy":"post_tag","embeddable":true,"href":"https:\/\/www.sorubak.com\/blog\/wp-json\/wp\/v2\/tags?post=56765"}],"curies":[{"name":"wp","href":"https:\/\/api.w.org\/{rel}","templated":true}]}}