{"id":56762,"date":"2015-03-04T21:59:08","date_gmt":"2015-03-04T19:59:08","guid":{"rendered":"http:\/\/www.sorubak.com\/blog\/?p=56762"},"modified":"2015-03-04T21:59:52","modified_gmt":"2015-03-04T19:59:52","slug":"4-sinif-isik-ve-ses-unite-degerlendirme-sorulari","status":"publish","type":"post","link":"https:\/\/www.sorubak.com\/blog\/4-sinif-isik-ve-ses-unite-degerlendirme-sorulari.html","title":{"rendered":"4.s\u0131n\u0131f \u0131\u015f\u0131k ve ses  \u00fcnite de\u011ferlendirme sorular\u0131"},"content":{"rendered":"<h2><strong>4.s\u0131n\u0131f \u0131\u015f\u0131k ve ses testi \u00e7\u00f6z<\/strong><\/h2>\n<p>1.A\u015fa\u011f\u0131dakilerden hangisi do\u011fal \u0131\u015f\u0131k kayna\u011f\u0131d\u0131r?<br \/>\na) ampul b) mum<br \/>\nc) g\u00fcne\u015f d) el feneri<br \/>\n2.A\u015fa\u011f\u0131daki bilgilerden hangisi do\u011frudur?<br \/>\na) Her ses insan kula\u011f\u0131 taraf\u0131ndan hissedilir.<br \/>\nb) Kayna\u011f\u0131ndan uzakla\u015fan sesin \u015fiddeti artar.<br \/>\nc) Bir kaynaktan \u00fcretilen ses tek y\u00f6nde yay\u0131l\u0131r.<br \/>\nd) Titre\u015fen cisimler ses \u00fcretir.<br \/>\n3.I\u015f\u0131k ile ilgili a\u015fa\u011f\u0131da verilen bilgilerden hangisi yanl\u0131\u015ft\u0131r?<br \/>\na) Ay do\u011fal \u0131\u015f\u0131k kayna\u011f\u0131d\u0131r.<br \/>\nb) I\u015f\u0131k olmadan g\u00f6rme olmaz.<br \/>\nc) I\u015f\u0131k kaynaklar\u0131 do\u011fal ve yapay olabilir.<br \/>\nd) Mum yapay \u0131\u015f\u0131k kayna\u011f\u0131d\u0131r.<br \/>\n4.I\u015f\u0131k ve ses ile ilgili bilgilerden hangisi yanl\u0131\u015ft\u0131r?<br \/>\na) Y\u00fcksek \u015fiddetli \u0131\u015f\u0131k g\u00f6z sa\u011fl\u0131\u011f\u0131m\u0131z a\u00e7\u0131s\u0131ndan zararl\u0131d\u0131r.<br \/>\nb) Y\u00fcksek \u015fiddetli ses kulak sa\u011fl\u0131\u011f\u0131m\u0131z a\u00e7\u0131s\u0131ndan zararl\u0131d\u0131r.<br \/>\nc) Ses, kirlili\u011fe sebep olmaz.<br \/>\nd) I\u015f\u0131k, kirlili\u011fe sebep olabilir.<br \/>\n5.A\u015fa\u011f\u0131dakilerden hangisi yapay \u0131\u015f\u0131k kayna\u011f\u0131d\u0131r?<br \/>\na) g\u00fcne\u015f b) mum<br \/>\nc) y\u0131ld\u0131z d) ate\u015f b\u00f6ce\u011fi<br \/>\n6.A\u015fa\u011f\u0131dakilerden hangisi sesin \u015fiddetini y\u00fckseltmek amac\u0131yla kullan\u0131lan bir cihazd\u0131r?<br \/>\na) televizyon b) telefon<br \/>\nc) ampul d)megafon<br \/>\n7. A\u015fa\u011f\u0131dakilerden hangisi g\u00fcr\u00fclt\u00fc kirlili\u011fine sebep olmaz?<br \/>\na) Ormanda ku\u015flar\u0131n \u00e7\u0131kard\u0131\u011f\u0131 sesler<br \/>\nb) \u00c7ok y\u00fcksek sesle m\u00fczik dinlemek<br \/>\nc) \u015eehir i\u00e7inde ara\u00e7lar\u0131n \u00e7\u0131kard\u0131\u011f\u0131 sesler<br \/>\nd) \u0130n\u015faat makinelerinin \u00e7\u0131kard\u0131\u011f\u0131 sesler<br \/>\n8. A\u015fa\u011f\u0131daki bilgilerden hangisi do\u011frudur?<br \/>\na) Mum do\u011fal \u0131\u015f\u0131k kayna\u011f\u0131d\u0131r.<br \/>\nb) R\u00fczgar sesi yapay sestir.<br \/>\nc) Y\u0131ld\u0131z do\u011fal \u0131\u015f\u0131k kayna\u011f\u0131d\u0131r.<br \/>\nd) Ate\u015f b\u00f6ce\u011fi yapay \u0131\u015f\u0131k kayna\u011f\u0131d\u0131r.<br \/>\n9.Ses ile ilgili olarak a\u015fa\u011f\u0131da verilen bilgilerden hangisi yanl\u0131\u015ft\u0131r?<br \/>\na) Ses, titre\u015fme sonucu olu\u015fur.<br \/>\nb) \u0130nsan kula\u011f\u0131 b\u00fct\u00fcn sesleri duyabilir.<br \/>\nc) Ses kayna\u011f\u0131na olan uzakl\u0131k artt\u0131k\u00e7a sesin duyulmas\u0131 zorla\u015f\u0131r.<br \/>\nd) R\u00fczgar sesi do\u011fal sestir.<br \/>\n10.Evimizde gece elektrik kesildi\u011finde a\u015fa\u011f\u0131daki ayd\u0131nlatma sistemlerinden hangisini kullanamay\u0131z?<br \/>\na) mum b) el feneri<br \/>\nc) gaz lambas\u0131 d) ampul<br \/>\n11.A\u015fa\u011f\u0131daki e\u015fle\u015ftirmelerden hangisi do\u011frudur?<br \/>\na) g\u00fcne\u015f&#8230;.. do\u011fal \u0131\u015f\u0131k kayna\u011f\u0131<br \/>\nb) mum&#8230;&#8230;.do\u011fal \u0131\u015f\u0131k kayna\u011f\u0131<br \/>\nc) ampul&#8230;&#8230;&#8230;do\u011fal \u0131\u015f\u0131k kayna\u011f\u0131<br \/>\nd) y\u0131ld\u0131z&#8230;&#8230;.yapay \u0131\u015f\u0131k kayna\u011f\u0131<br \/>\n12.A\u015fa\u011f\u0131dakilerden hangisi \u0131\u015f\u0131k kayna\u011f\u0131 olmad\u0131\u011f\u0131 halde geceleri parlak g\u00f6r\u00fcn\u00fcr?<br \/>\na) g\u00fcne\u015f b) ampul c) ay d) cam<br \/>\n13.A\u015fa\u011f\u0131da verilen ayd\u0131nlatma ara\u00e7lar\u0131ndan hangisi kullan\u0131larak daha iyi ayd\u0131nlatma yapabiliriz?<br \/>\na) mum b) floresan lamba<br \/>\nc) gaz lambas\u0131 d) el feneri<br \/>\n14.A\u015fa\u011f\u0131daki ayd\u0131nlatma teknolojilerinden hangisi en son bulunmu\u015ftur?<br \/>\na) ate\u015f b) mum<br \/>\nc) gaz lambas\u0131 d) ampul<br \/>\n15.A\u015fa\u011f\u0131da verilen canl\u0131lardan hangisinin i\u015fitme duyusu di\u011ferlerine g\u00f6re daha iyi geli\u015fmi\u015ftir?<br \/>\na) yarasa b) solucan<br \/>\nc) kaplumba\u011fa d) sinek<br \/>\n16.\u00c7evremizdeki sesleri i\u015fitmeseydik a\u015fa\u011f\u0131daki durumlardan hangisi ile kar\u015f\u0131la\u015fmazd\u0131k?<br \/>\na) Kitap okuyamazd\u0131k.<br \/>\nb) \u00c7evremizdeki insanlar\u0131n seslerini duyamazd\u0131k.<br \/>\nc) Sabah kalkmak i\u00e7in kurdu\u011fumuz \u00e7alar saatin sesini duyamazd\u0131k.<br \/>\nd) Arkadan bize yakla\u015fmakta olan arac\u0131n kornas\u0131n\u0131 fark edemezdik.<br \/>\n17.A\u015fa\u011f\u0131dakilerden hangisi do\u011fal ses kayna\u011f\u0131d\u0131r?<br \/>\na) araba motoru b) m\u00fczik seti<br \/>\nc) g\u00f6k g\u00fcr\u00fclt\u00fcs\u00fc d) televizyon<br \/>\n18.A\u015fa\u011f\u0131daki ayd\u0131nlatma ara\u00e7lar\u0131ndan hangisi ge\u00e7mi\u015fte kullan\u0131lmam\u0131\u015ft\u0131r?<br \/>\na) mum b) gaz lambas\u0131<br \/>\nc) me\u015fale d) ampul<br \/>\n19.A\u015fa\u011f\u0131daki e\u015fle\u015ftirmelerden hangisi yanl\u0131\u015ft\u0131r?<br \/>\na) r\u00fczgar sesi&#8230;&#8230;..do\u011fal ses<br \/>\nb) gitar sesi&#8230;&#8230;.do\u011fal ses<br \/>\nc) \u015fim\u015fek sesi&#8230;&#8230;do\u011fal ses<br \/>\nd) g\u00f6k g\u00fcr\u00fclt\u00fcs\u00fc&#8230;&#8230;do\u011fal ses<br \/>\n20. A\u015fa\u011f\u0131dakilerden hangisi en b\u00fcy\u00fck \u0131\u015f\u0131k kayna\u011f\u0131d\u0131r?<br \/>\na) g\u00fcne\u015f b) ay c) lamba d) mum<\/p>\n<ol>\n<li><em> Re\u00e7ine ya da odun par\u00e7alar\u0131 kullan\u0131larak yap\u0131lan \u2026\u2026\u2026\u2026\u2026\u2026\u2026\u2026\u2026\u2026\u2026\u2026\u2026\u2026\u2026\u2026\u2026. ilk ayd\u0131nlatma arac\u0131d\u0131r.<\/em><\/li>\n<li><em> Ayd\u0131nlatma yaparken \u0131\u015f\u0131\u011f\u0131n istedi\u011fimiz yer d\u0131\u015f\u0131ndaki b\u00f6lgelere d\u00fc\u015fmesine \u2026\u2026\u2026\u2026\u2026\u2026\u2026\u2026\u2026\u2026\u2026\u2026\u2026. denir.<\/em><\/li>\n<li><em> Bitkilerin kendi \u2026\u2026\u2026\u2026\u2026\u2026\u2026\u2026\u2026\u2026\u2026\u2026\u2026\u2026\u2026\u2026\u2026.yapabilmeleri i\u00e7in \u2026\u2026\u2026\u2026\u2026\u2026\u2026\u2026\u2026\u2026\u2026\u2026\u2026\u2026ihtiya\u00e7 vard\u0131r. <\/em><\/li>\n<li><em> I\u015f\u0131k yayarken \u0131s\u0131 vermeyen kaynaklara \u2026\u2026\u2026\u2026\u2026\u2026\u2026\u2026\u2026\u2026\u2026\u2026\u2026\u2026\u2026\u2026\u2026\u2026\u2026\u2026\u2026\u2026\u2026\u2026\u2026\u2026\u2026\u2026\u2026\u2026\u2026\u2026denir.<\/em><\/li>\n<li><em> Do\u011fada kendili\u011finden \u00e7evresini ayd\u0131nlatan \u0131\u015f\u0131k kaynaklar\u0131na \u2026\u2026\u2026\u2026\u2026\u2026\u2026\u2026\u2026\u2026\u2026\u2026\u2026\u2026\u2026\u2026\u2026\u2026\u2026\u2026\u2026denir.<\/em><\/li>\n<li><em> Araba far\u0131 \u2026\u2026\u2026\u2026\u2026\u2026\u2026\u2026\u2026\u2026\u2026\u2026\u2026\u2026\u2026\u2026..kayna\u011f\u0131d\u0131r.<\/em><\/li>\n<li><em> Ampul\u00fc \u2026\u2026\u2026\u2026\u2026\u2026\u2026\u2026\u2026\u2026\u2026\u2026\u2026\u2026\u2026\u2026\u2026\u2026\u2026.icat etmi\u015ftir.<\/em><\/li>\n<li><em> Bir varl\u0131\u011f\u0131n \u00fczerine \u0131\u015f\u0131\u011f\u0131n d\u00fc\u015fmesi sonucu varl\u0131\u011f\u0131n g\u00f6r\u00fcn\u00fcr hale gelmesine \u2026\u2026\u2026\u2026\u2026\u2026\u2026\u2026\u2026\u2026\u2026\u2026\u2026.denir.<\/em><\/li>\n<li><em> \u0130nsanlar\u0131n \u00e7evrelerindeki varl\u0131klar\u0131 g\u00f6rebilmeleri i\u00e7in o varl\u0131ktan g\u00f6zlerine \u2026\u2026\u2026\u2026\u2026\u2026\u2026\u2026\u2026\u2026\u2026\u2026\u2026. ya da varl\u0131\u011f\u0131n \u2026\u2026\u2026\u2026\u2026\u2026\u2026\u2026\u2026\u2026\u2026\u2026\u2026\u2026\u2026\u2026\u2026gerekir.<\/em><\/li>\n<li><em> Etrafa \u0131\u015f\u0131k yayan madde ya da varl\u0131klara \u2026\u2026\u2026\u2026\u2026\u2026\u2026\u2026\u2026\u2026\u2026\u2026\u2026\u2026\u2026\u2026\u2026\u2026\u2026\u2026\u2026.denir.<\/em><\/li>\n<li><em> \u2026\u2026\u2026\u2026\u2026\u2026\u2026\u2026\u2026\u2026\u2026\u2026\u2026\u2026\u2026\u2026\u2026\u2026\u2026.. bir \u0131\u015f\u0131k kayna\u011f\u0131ndan ald\u0131klar\u0131 \u0131\u015f\u0131kla ayd\u0131nlan\u0131p parlak g\u00f6r\u00fcn\u00fcrler.<\/em><\/li>\n<li><em> Yapay \u0131\u015f\u0131k kaynaklar\u0131n\u0131n en g\u00fc\u00e7l\u00fcs\u00fc\u2026\u2026\u2026\u2026\u2026\u2026\u2026\u2026\u2026\u2026\u2026\u2026\u2026\u2026\u2026\u2026\u2026.dir.<\/em><\/li>\n<li><em> Hem \u2026\u2026\u2026\u2026\u2026\u2026\u2026\u2026\u2026\u2026\u2026\u2026hem de\u2026\u2026\u2026\u2026\u2026\u2026\u2026\u2026\u2026\u2026\u2026\u2026\u2026yayan kaynaklara\u2026\u2026\u2026\u2026\u2026\u2026\u2026\u2026\u2026\u2026\u2026..denir.<\/em><\/li>\n<li><em> G\u00fcne\u015ften sonra insanlar\u0131n kulland\u0131\u011f\u0131 ilk \u0131\u015f\u0131k kayna\u011f\u0131\u2026\u2026\u2026\u2026\u2026\u2026\u2026\u2026\u2026\u2026\u2026\u2026\u2026\u2026\u2026\u2026\u2026\u2026\u2026\u2026tir.<\/em><\/li>\n<\/ol>\n","protected":false},"excerpt":{"rendered":"<p>4.s\u0131n\u0131f \u0131\u015f\u0131k ve ses testi \u00e7\u00f6z 1.A\u015fa\u011f\u0131dakilerden hangisi do\u011fal \u0131\u015f\u0131k kayna\u011f\u0131d\u0131r? a) ampul b) mum c) g\u00fcne\u015f d) el feneri 2.A\u015fa\u011f\u0131daki bilgilerden hangisi do\u011frudur? a) Her ses insan kula\u011f\u0131 taraf\u0131ndan hissedilir. b) Kayna\u011f\u0131ndan uzakla\u015fan sesin \u015fiddeti artar. c) Bir kaynaktan \u00fcretilen ses tek y\u00f6nde yay\u0131l\u0131r. d) Titre\u015fen cisimler ses \u00fcretir. 3.I\u015f\u0131k ile ilgili a\u015fa\u011f\u0131da verilen &#8230; <a title=\"4.s\u0131n\u0131f \u0131\u015f\u0131k ve ses  \u00fcnite de\u011ferlendirme sorular\u0131\" class=\"read-more\" href=\"https:\/\/www.sorubak.com\/blog\/4-sinif-isik-ve-ses-unite-degerlendirme-sorulari.html\" aria-label=\"More on 4.s\u0131n\u0131f \u0131\u015f\u0131k ve ses  \u00fcnite de\u011ferlendirme sorular\u0131\">Devam\u0131n\u0131 oku&#8230;<\/a><\/p>\n","protected":false},"author":1,"featured_media":0,"comment_status":"open","ping_status":"open","sticky":false,"template":"","format":"standard","meta":{"footnotes":""},"categories":[14841],"tags":[],"class_list":["post-56762","post","type-post","status-publish","format-standard","hentry","category-online-test-coz"],"_links":{"self":[{"href":"https:\/\/www.sorubak.com\/blog\/wp-json\/wp\/v2\/posts\/56762","targetHints":{"allow":["GET"]}}],"collection":[{"href":"https:\/\/www.sorubak.com\/blog\/wp-json\/wp\/v2\/posts"}],"about":[{"href":"https:\/\/www.sorubak.com\/blog\/wp-json\/wp\/v2\/types\/post"}],"author":[{"embeddable":true,"href":"https:\/\/www.sorubak.com\/blog\/wp-json\/wp\/v2\/users\/1"}],"replies":[{"embeddable":true,"href":"https:\/\/www.sorubak.com\/blog\/wp-json\/wp\/v2\/comments?post=56762"}],"version-history":[{"count":0,"href":"https:\/\/www.sorubak.com\/blog\/wp-json\/wp\/v2\/posts\/56762\/revisions"}],"wp:attachment":[{"href":"https:\/\/www.sorubak.com\/blog\/wp-json\/wp\/v2\/media?parent=56762"}],"wp:term":[{"taxonomy":"category","embeddable":true,"href":"https:\/\/www.sorubak.com\/blog\/wp-json\/wp\/v2\/categories?post=56762"},{"taxonomy":"post_tag","embeddable":true,"href":"https:\/\/www.sorubak.com\/blog\/wp-json\/wp\/v2\/tags?post=56762"}],"curies":[{"name":"wp","href":"https:\/\/api.w.org\/{rel}","templated":true}]}}