{"id":56003,"date":"2015-02-13T17:03:50","date_gmt":"2015-02-13T15:03:50","guid":{"rendered":"http:\/\/www.sorubak.com\/blog\/?p=56003"},"modified":"2015-02-13T17:03:50","modified_gmt":"2015-02-13T15:03:50","slug":"canakkale-zaferi-hakkinda-siir-ve-guzel-sozler","status":"publish","type":"post","link":"https:\/\/www.sorubak.com\/blog\/canakkale-zaferi-hakkinda-siir-ve-guzel-sozler.html","title":{"rendered":"\u00c7anakkale Zaferi hakk\u0131nda \u015fiir ve g\u00fczel s\u00f6zler"},"content":{"rendered":"<p><strong>\u00c7anakkale zaferi hakk\u0131nda \u015fiir ve g\u00fczel s\u00f6zler\u00a0<\/strong><\/p>\n<p>\u00c7ANAKKALE ZAFER\u0130 \u0130LE \u0130LG\u0130L\u0130 G\u00dcZEL S\u00d6ZLER<\/p>\n<p>* Zafer, \u00abzafer benimdir\u00bb diyebilenindir.<br \/>\n* Hi\u00e7bir zafere \u00e7i\u00e7ekli yollardan gidilmez.<br \/>\n* Zaferin b\u00fcy\u00fckl\u00fc\u011f\u00fc, sava\u015f\u0131n \u00e7etinli\u011fi ile \u00f6l\u00e7\u00fcl\u00fcr.<br \/>\n* Zafer, bar\u0131\u015f\u0131n en k\u0131sa yoludur.<\/p>\n<p align=\"center\"><strong><span style=\"font-family: Verdana;\">SE\u00c7ME S\u00d6ZLER<\/span><\/strong><\/p>\n<p><span style=\"font-family: Verdana; font-size: 10pt;\">\u201c\u00c7anakkale Zaferi, T\u00fcrk askerinin ruh kudretini g\u00f6steren \u015fayan\u0131 hayret ve tebrik bir misaldir. Emin olmal\u0131s\u0131n\u0131z ki, \u00c7anakkale Muharebelerini kazand\u0131ran bu y\u00fcksek ruhtur.\u201d<strong><span style=\"font-family: Verdana;\"> ATAT\u00dcRK<\/span><\/strong><\/span><\/p>\n<p><span style=\"font-family: Verdana; font-size: 10pt;\">\u201cHarpte iki me\u015f\u2019um (u\u011fursuz) \u015fey vard\u0131r. Bunlardan biri ta\u015f duvara k\u00f6r\u00fc k\u00f6r\u00fcne y\u00fcklenmek, di\u011feri kuvvetleri birtak\u0131m ayr\u0131 ve ba\u011flant\u0131s\u0131z harekata da\u011f\u0131t\u0131p k\u00f6rletmektir. Biz bu iki ahmakl\u0131\u011f\u0131 yapman\u0131n tehlikesiyle kar\u015f\u0131 kar\u015f\u0131yay\u0131z.\u201d <strong><span style=\"font-family: Verdana;\">\u0130ngiliz Ba\u015fbakan\u0131 Asquith<\/span><\/strong><\/span><\/p>\n<p><span style=\"font-family: Verdana; font-size: 10pt;\">\u201cOrdunun yard\u0131m\u0131 olmaks\u0131z\u0131n Filo\u2019nun ba\u015far\u0131 sa\u011flayabilece\u011fi \u00fcmidine kap\u0131lm\u0131\u015ft\u0131m; fakat \u015fimdi bu i\u015fte m\u00fc\u015fterek bir harekat\u0131n zorunlu oldu\u011funu anl\u0131yorum.\u201d <strong><span style=\"font-family: Verdana;\">Churchill<\/span><\/strong><\/span><\/p>\n<p><span style=\"font-family: Verdana; font-size: 10pt;\">&#8220;T\u00fcrkler, \u00c7anakkale\u2019yi zorlayan \u00e7a\u011f\u0131n\u0131n en ileri tekni\u011fine sahip g\u00fc\u00e7ler kar\u015f\u0131s\u0131na adeta bir kale gibi dikilmi\u015flerdir.\u201d <strong><span style=\"font-family: Verdana;\">Churchill<\/span><\/strong><\/span><\/p>\n<p><span style=\"font-family: Verdana; font-size: 10pt;\">\u201c&#8230; Bu T\u00fcrk k\u0131taat\u0131n\u0131n cesaret, metanet ve se\u2019bat cihetiyle takdir ve senaya liyakati, her \u015f\u00fcphenin fevkinde bulunmu\u015ftur. Donanmas\u0131n\u0131n ate\u015fiyle de, en m\u00fcessir surette muavenet g\u00f6ren pek cesur bir d\u00fc\u015fman taarruzlar\u0131na kar\u015f\u0131 say\u0131s\u0131z muharebelerde bu k\u0131taat mevkilerini muhafaza etmi\u015flerdir.\u201d [439] <strong>Alman Generali Liman von Sanders<\/strong><\/span><\/p>\n<p><span style=\"font-family: Verdana; font-size: 10pt;\">\u201cAvrupa\u2019da hi\u00e7bir asker yoktur ki, bu ifadenin alt\u0131n\u0131 \u00e7iziyorum, T\u00fcrklerle mukayese edilebilsin. Almanlar\u0131n m\u00fcdafaada gayet iyi olduklar\u0131 kabul olunabilir. Fakat siperlerde onlar dahi T\u00fcrklerle k\u0131yas edilemez. Misal olarak Gelibolu\u2019yu zikretmek isterim. Orada bizim gemi ate\u015flerimizle b\u00fcy\u00fck zayiata u\u011frayan k\u0131talar, T\u00fcrk olmasalard\u0131. Yerlerinde kalamaz ve derhal de\u011fi\u015ftirilirlerdi. Halbuki, T\u00fcrkler, b\u00fct\u00fcn muharebe m\u00fcddetince yerlerinde kald\u0131lar.\u201d <\/span><\/p>\n<p><strong><span style=\"font-family: Verdana; font-size: 10pt;\">General Tawshend<\/span><\/strong><\/p>\n<p><span style=\"font-family: Verdana; font-size: 10pt;\">\u201c\u00c7anakkale Seferi, T\u00fcrk milletinin eski kudret ve kuvvetini muhafaza etti\u011fini, can \u00e7eki\u015fen bir imparatorluk i\u00e7inde kahraman bir milletin varl\u0131\u011f\u0131n\u0131 meydana koydu.\u201d <strong><span style=\"font-family: Verdana;\">General Fahri BELEN<\/span><\/strong><\/span><\/p>\n<p><span style=\"font-family: Verdana; font-size: 10pt;\">\u201c&#8230; T\u00fcrk askerinin sava\u015f ve d\u00f6v\u00fc\u015f hususunda haiz bulundu\u011fu evsaf\u0131n bidayette layikiyle takdir edilmemi\u015f olmas\u0131, \u0130ngilizler i\u00e7in felaket olmu\u015ftur&#8230;. T\u00fcrk askerinin ne yaman muharip oldu\u011funu,\u0130ngilizler kendileriyle d\u00f6v\u00fc\u015ft\u00fckten sonra anlam\u0131\u015flard\u0131r.\u201d<strong><span style=\"font-family: Verdana;\">\u0130ngiliz General Oglander<\/span><\/strong><\/span><\/p>\n<p><span style=\"font-family: Verdana; font-size: 10pt;\">\u201cYenilmez \u0130ngiliz donanmas\u0131n\u0131n u\u011frad\u0131\u011f\u0131 ak\u0131betten komutanlar de\u011fil, strateji kurallar\u0131n\u0131 ihmal eden devlet adamlar\u0131 sorumludur. Bo\u011fazlar ve Trakya b\u00f6lgesinde alt\u0131 T\u00fcrk kolordusu varken, donanmay\u0131 tahkim edilmi\u015f bir Bo\u011faz\u2019dan ge\u00e7irmek ve Bo\u011faz k\u0131y\u0131lar\u0131 i\u015fgal edilmeden be\u015f t\u00fcmenlik bir kuvvei seferiyeyi \u0130stanbul\u2019a getirmek plan\u0131n\u0131n \u015fans\u0131 \u00e7ok azd\u0131.\u201d <\/span><\/p>\n<p><strong><span style=\"font-family: Verdana; font-size: 10pt;\">General Fahri BELEN<\/span><\/strong><\/p>\n<p>\u201c\u00c7anakkale Sava\u015flar\u0131, Avustralya ordusunun geli\u015fimine bir\u00e7ok etkide bulunmu\u015ftur. \u0130lk olarak Avustralya ordusu kuvvetlerinin bir yabanc\u0131 taraf\u0131ndan de\u011fil, bir Avustralyal\u0131 subay taraf\u0131ndan idare edilmesini temin edecek bir uygulamaya ba\u015flanm\u0131\u015ft\u0131r. Ve \u00c7anakkale olaylar\u0131, bu uygulamay\u0131 ba\u015flatt\u0131.\u201d<strong><span style=\"font-family: Verdana;\"> Avustralyal\u0131 Yarbay D. M. HORNER<\/span><\/strong><\/p>\n<p><span style=\"font-family: Verdana; font-size: 10pt;\">\u201c\u00c7anakkale Sava\u015flar\u0131, modern sava\u015f tarihinde birle\u015fik kara ve deniz sava\u015flar\u0131n\u0131n ba\u015flang\u0131c\u0131 ve ilk \u00f6rne\u011fidir.\u201d<strong> Japon Prof. Dr. Em. Krg. Hideo MIKI<\/strong><\/span><\/p>\n<p>Dur yolcu! bilmeden gelip bast\u0131\u011f\u0131n<br \/>\nBu toprak, bir devrin batt\u0131\u011f\u0131 yerdir.<br \/>\nE\u011fil de kulak ver, bu sessiz y\u0131\u011f\u0131n<br \/>\nBir vatan kalbinin att\u0131\u011f\u0131 yerdir.<\/p>\n<p>Bu \u0131ss\u0131z, g\u00f6lgesiz yolun sonunda<br \/>\nG\u00f6rd\u00fc\u011f\u00fcn bu t\u00fcmsek, Anadolu\u2019nda<br \/>\n\u0130stiklal u\u011frunda, namus yolunda<br \/>\nCan veren Mehmet\u2019in yatt\u0131\u011f\u0131 yerdir.<\/p>\n<p>Bu t\u00fcmsek, koparken b\u00fcy\u00fck zelzele,<br \/>\nSon vatan par\u00e7as\u0131 ge\u00e7erken ele,<br \/>\nMehmet\u2019in d\u00fc\u015fman\u0131 bo\u011fdu\u011fu sele<br \/>\nM\u00fcbarek kan\u0131n\u0131n katt\u0131\u011f\u0131 yerdir.<\/p>\n<p>D\u00fc\u015f\u00fcn ki, ha\u015fre dek kemi\u011fin, etin<br \/>\nYapt\u0131\u011f\u0131 bu t\u00fcmsek, amans\u0131z \u00e7etin<br \/>\nBir harbin sonunda b\u00fct\u00fcn milletin<br \/>\nH\u00fcrriyet zevkini tatt\u0131\u011f\u0131 yerdir.<\/p>\n<p>Necmettin Halil ONAN<\/p>\n","protected":false},"excerpt":{"rendered":"<p>\u00c7anakkale zaferi hakk\u0131nda \u015fiir ve g\u00fczel s\u00f6zler\u00a0 \u00c7ANAKKALE ZAFER\u0130 \u0130LE \u0130LG\u0130L\u0130 G\u00dcZEL S\u00d6ZLER * Zafer, \u00abzafer benimdir\u00bb diyebilenindir. * Hi\u00e7bir zafere \u00e7i\u00e7ekli yollardan gidilmez. * Zaferin b\u00fcy\u00fckl\u00fc\u011f\u00fc, sava\u015f\u0131n \u00e7etinli\u011fi ile \u00f6l\u00e7\u00fcl\u00fcr. * Zafer, bar\u0131\u015f\u0131n en k\u0131sa yoludur. SE\u00c7ME S\u00d6ZLER \u201c\u00c7anakkale Zaferi, T\u00fcrk askerinin ruh kudretini g\u00f6steren \u015fayan\u0131 hayret ve tebrik bir misaldir. Emin olmal\u0131s\u0131n\u0131z ki, &#8230; <a title=\"\u00c7anakkale Zaferi hakk\u0131nda \u015fiir ve g\u00fczel s\u00f6zler\" class=\"read-more\" href=\"https:\/\/www.sorubak.com\/blog\/canakkale-zaferi-hakkinda-siir-ve-guzel-sozler.html\" aria-label=\"More on \u00c7anakkale Zaferi hakk\u0131nda \u015fiir ve g\u00fczel s\u00f6zler\">Devam\u0131n\u0131 oku&#8230;<\/a><\/p>\n","protected":false},"author":1,"featured_media":0,"comment_status":"open","ping_status":"open","sticky":false,"template":"","format":"standard","meta":{"footnotes":""},"categories":[13073],"tags":[],"class_list":["post-56003","post","type-post","status-publish","format-standard","hentry","category-belirli-gun-ve-haftalar"],"_links":{"self":[{"href":"https:\/\/www.sorubak.com\/blog\/wp-json\/wp\/v2\/posts\/56003","targetHints":{"allow":["GET"]}}],"collection":[{"href":"https:\/\/www.sorubak.com\/blog\/wp-json\/wp\/v2\/posts"}],"about":[{"href":"https:\/\/www.sorubak.com\/blog\/wp-json\/wp\/v2\/types\/post"}],"author":[{"embeddable":true,"href":"https:\/\/www.sorubak.com\/blog\/wp-json\/wp\/v2\/users\/1"}],"replies":[{"embeddable":true,"href":"https:\/\/www.sorubak.com\/blog\/wp-json\/wp\/v2\/comments?post=56003"}],"version-history":[{"count":0,"href":"https:\/\/www.sorubak.com\/blog\/wp-json\/wp\/v2\/posts\/56003\/revisions"}],"wp:attachment":[{"href":"https:\/\/www.sorubak.com\/blog\/wp-json\/wp\/v2\/media?parent=56003"}],"wp:term":[{"taxonomy":"category","embeddable":true,"href":"https:\/\/www.sorubak.com\/blog\/wp-json\/wp\/v2\/categories?post=56003"},{"taxonomy":"post_tag","embeddable":true,"href":"https:\/\/www.sorubak.com\/blog\/wp-json\/wp\/v2\/tags?post=56003"}],"curies":[{"name":"wp","href":"https:\/\/api.w.org\/{rel}","templated":true}]}}