{"id":54093,"date":"2014-10-27T10:10:22","date_gmt":"2014-10-27T08:10:22","guid":{"rendered":"http:\/\/www.sorubak.com\/blog\/?p=54093"},"modified":"2014-10-26T18:12:13","modified_gmt":"2014-10-26T16:12:13","slug":"12-sinif-cografya-1-donem-1-yazilisi-2014-2015","status":"publish","type":"post","link":"https:\/\/www.sorubak.com\/blog\/12-sinif-cografya-1-donem-1-yazilisi-2014-2015.html","title":{"rendered":"12.s\u0131n\u0131f co\u011frafya 1.d\u00f6nem 1.yaz\u0131l\u0131s\u0131 2014-2015"},"content":{"rendered":"<p>Ad\u0131 ve Soyad\u0131 : \u2026\u2026\u2026\u2026\u2026\u2026\u2026\u2026\u2026\u2026\u2026.\u00a0\u00a0\u00a0\u00a0\u00a0\u00a0\u00a0\u00a0\u00a0\u00a0\u00a0\u00a0\u00a0\u00a0\u00a0\u00a0 \u00a0<strong>A<\/strong><\/p>\n<p>S\u0131n\u0131f\u0131 ve No\u00a0\u00a0\u00a0 : \u2026\u2026\u2026\u2026\u2026\u2026\u2026\u2026\u2026\u2026\u2026.<\/p>\n<p><strong>H.ED\u0130P ADIVAR L\u0130SES\u0130 2014\u20132015 \u00d6\u011eRET\u0130M YILI 1. D\u00d6NEM CO\u011eRAFYA 12 DERS\u0130 1. YAZILI SINAV SORULARI<\/strong><\/p>\n<p>&nbsp;<\/p>\n<ul>\n<li>Haritada kurulduklar\u0131 yerleri g\u00f6sterilen ilk medeniyetlerin isimlerini yaz\u0131n\u0131z. (12 p)<\/li>\n<\/ul>\n<p>A- \u2026\u2026\u2026\u2026\u2026..\u00a0\u00a0\u00a0\u00a0\u00a0 B- \u2026\u2026\u2026\u2026\u2026.\u00a0\u00a0\u00a0\u00a0\u00a0\u00a0 C- \u2026\u2026\u2026\u2026\u2026\u2026\u00a0\u00a0\u00a0\u00a0 D- \u2026\u2026\u2026\u2026\u2026..<\/p>\n<p>E- \u2026\u2026\u2026\u2026\u2026\u2026.\u00a0\u00a0\u00a0 F- \u2026\u2026\u2026\u2026\u2026..\u00a0\u00a0\u00a0\u00a0\u00a0 G- \u2026\u2026\u2026\u2026\u2026\u2026\u00a0\u00a0\u00a0\u00a0 H- \u2026\u2026\u2026\u2026\u2026..<\/p>\n<p>&nbsp;<\/p>\n<ul>\n<li>a) Bu medeniyetler i\u00e7inde ilk yaz\u0131y\u0131 bulan, \u2026\u2026\u2026\u2026\u2026\u2026\u2026\u2026\u2026. medeniyetidir. (2 p)<\/li>\n<\/ul>\n<ol>\n<li>b) Bu medeniyetler i\u00e7inde kendine \u00f6zg\u00fc bir yaz\u0131 geli\u015ftirmeyen, \u2026\u2026\u2026\u2026\u2026\u2026medeniyetidir. (2 p)<\/li>\n<\/ol>\n<p>&nbsp;<\/p>\n<ul>\n<li>\u0130lk medeniyetlerin buralarda geli\u015fmesinde hangi co\u011frafi fakt\u00f6rler etkili olmu\u015ftur? (10 p)<\/li>\n<\/ul>\n<p>&nbsp;<\/p>\n<ul>\n<li>K\u00fcresel \u0131s\u0131nma, hangi gazlar\u0131n etkisiyle nas\u0131l olu\u015fmaktad\u0131r? A\u00e7\u0131klay\u0131n\u0131z. (10 p)<\/li>\n<\/ul>\n<p>&nbsp;<\/p>\n<ul>\n<li>Volkanik faaliyetlerin olu\u015fumunda ve devam\u0131nda ekstrem durumlar\u0131n ya\u015fanmas\u0131, do\u011fal s\u00fcre\u00e7ler \u00fczerinde nas\u0131l etkili olmaktad\u0131r? A\u00e7\u0131klay\u0131n\u0131z. (10 p)<\/li>\n<\/ul>\n<p>&nbsp;<\/p>\n<ul>\n<li>Bir deprem sonucunda meydana gelebilecek do\u011fadaki olaylara \u00f6rnek veriniz? (10 p)<\/li>\n<\/ul>\n<p>&nbsp;<\/p>\n<ul>\n<li>S\u0131ra d\u0131\u015f\u0131 do\u011fa olaylar\u0131ndan kas\u0131rgalar ( tayfun, tornado, harikeyn\u2026) en \u00e7ok hangi ku\u015fakta g\u00f6r\u00fclmektedir? Nedenlerini a\u00e7\u0131klay\u0131n\u0131z. (10 p)<\/li>\n<\/ul>\n<p>&nbsp;<\/p>\n<ul>\n<li>Sanayile\u015fme, g\u00f6\u00e7 ve \u015fehirle\u015fme aras\u0131ndaki ili\u015fkileri a\u00e7\u0131klay\u0131n\u0131z. (10 p)<\/li>\n<\/ul>\n<p><strong>A<\/strong><\/p>\n<p><strong>9-<\/strong> T\u00fcrkiye\u2019nin co\u011frafi konumu g\u00f6z \u00f6n\u00fcne al\u0131nd\u0131\u011f\u0131nda, a\u015fa\u011f\u0131daki do\u011fal afetlerden hangisinin s\u0131k ya\u015fand\u0131\u011f\u0131 s\u00f6ylenemez?<\/p>\n<ol>\n<li>A) Heyelan B) \u00c7\u0131\u011f\u00a0\u00a0\u00a0\u00a0\u00a0\u00a0\u00a0\u00a0 C) Tayfun ve tornado\u00a0\u00a0\u00a0\u00a0\u00a0 D) Sel ve ta\u015fk\u0131nlar\u00a0\u00a0\u00a0\u00a0\u00a0\u00a0 E) Tektonik depremler<\/li>\n<\/ol>\n<p>&nbsp;<\/p>\n<p><strong>10- <\/strong>A\u015fa\u011f\u0131dakilerden hangisi k\u00fcresel \u0131s\u0131nman\u0131n etkilerinin azalt\u0131labilmesi i\u00e7in al\u0131nacak \u00f6nlemler aras\u0131nda say\u0131labilir?<\/p>\n<ol>\n<li>A) Linyit ile \u00e7al\u0131\u015fan santrallerin kurulmas\u0131<\/li>\n<li>B) K\u00f6yden kente g\u00f6\u00e7\u00fcn h\u0131zland\u0131r\u0131lmas\u0131<\/li>\n<li>C) B\u00fcy\u00fckba\u015f hayvanc\u0131l\u0131\u011f\u0131n yayg\u0131nla\u015ft\u0131r\u0131lmas\u0131<\/li>\n<li>D) Flor-klor-karbon gazlar\u0131 kullan\u0131m\u0131n\u0131n yayg\u0131nla\u015ft\u0131r\u0131lmas\u0131<\/li>\n<li>E) A\u011fa\u00e7land\u0131rma \u00e7al\u0131\u015fmalar\u0131n\u0131n art\u0131r\u0131lmas\u0131<\/li>\n<\/ol>\n<p>&nbsp;<\/p>\n<p><strong>11- <\/strong>K\u00fcresel \u0131s\u0131nma sonucu ya\u015fanabilecek denizlerdeki seviye de\u011fi\u015fiminden en olumsuz \u015fekildeetkilenecek iki \u00fclke hangi \u015f\u0131kta do\u011fru olarak verilmi\u015ftir?<\/p>\n<p>A)\u0130sve\u00e7-Hollanda<\/p>\n<p>B)Hollanda-M\u0131s\u0131r<\/p>\n<p>C)T\u00fcrkiye-\u0130svi\u00e7re<\/p>\n<p>D)Pakistan-M\u0131s\u0131r<\/p>\n<p>E)\u015eili-Arjantin<\/p>\n<p><strong>\u00a0<\/strong><\/p>\n<p><strong>12- <\/strong>K\u00fcresel \u0131s\u0131nmayla ge\u00e7mi\u015fte d\u00fc\u015f\u00fck s\u0131cakl\u0131klar nedeniyle tar\u0131m \u00fcr\u00fcn\u00fc \u00e7e\u015fidi az olan alanlarda<\/p>\n<p>s\u0131cakl\u0131k art\u0131\u015f\u0131yla farkl\u0131 tar\u0131m \u00fcr\u00fcnlerinde yeti\u015ftirilebilecek ve tar\u0131m \u00fcr\u00fcn\u00fc \u00e7e\u015fidi artacakt\u0131r.<\/p>\n<p>Yukar\u0131da verilen bilgilere g\u00f6re haritada numaral\u0131 b\u00f6l\u00fcmlerden hangilerinde bu durum ya\u015fanabilir?<\/p>\n<p>A)I ve III\u00a0\u00a0\u00a0\u00a0\u00a0\u00a0\u00a0 \u00a0B)II ve IIII \u00a0\u00a0\u00a0\u00a0\u00a0\u00a0\u00a0C)IV ve IIII \u00a0\u00a0\u00a0\u00a0\u00a0\u00a0\u00a0\u00a0\u00a0\u00a0\u00a0\u00a0\u00a0\u00a0\u00a0\u00a0\u00a0\u00a0\u00a0\u00a0\u00a0\u00a0\u00a0D)I ve V \u00a0\u00a0\u00a0\u00a0\u00a0\u00a0\u00a0\u00a0\u00a0E)IV ve V<\/p>\n<p><strong>\u00a0<\/strong><\/p>\n<p><strong>13-<\/strong> M\u0131s\u0131r medeniyetinin bulundu\u011fu alanda tamamen\u00e7\u00f6l iklimi g\u00f6r\u00fclmesine kar\u015f\u0131n Nil nehrinde ula\u015f\u0131myap\u0131lacak kadar \u00e7ok su olmas\u0131n\u0131n temel nedenia\u015fa\u011f\u0131dakilerden hangisidir?<\/p>\n<p>A)Nil nehrinin kaynak sular\u0131yla beslenmesi<\/p>\n<p>B)Nil nehrinin y\u00fcksek da\u011fl\u0131k bir b\u00f6lgeden<\/p>\n<p>kayna\u011f\u0131n\u0131 almas\u0131<\/p>\n<p>C)Nehrin kayna\u011f\u0131n\u0131 ekvatoral b\u00f6lgeden almas\u0131<\/p>\n<p>D)Ak\u0131m\u0131n\u0131n d\u00fczenli olmas\u0131<\/p>\n<p>E)Ak\u0131\u015f h\u0131z\u0131n\u0131n yava\u015f olmas\u0131<\/p>\n<p>&nbsp;<\/p>\n<p><strong>14-<\/strong> A\u015fa\u011f\u0131dakilerden hangisi Ruhr sanayi b\u00f6lgesi ile<\/p>\n<p>ilgili yanl\u0131\u015f bir bilgi i\u00e7ermektedir?<\/p>\n<p>&nbsp;<\/p>\n<p>A)B\u00f6lgede as\u0131l ge\u00e7im kayna\u011f\u0131 yak\u0131n zamana kadar<\/p>\n<p>k\u00f6m\u00fcr ve \u00e7elik \u00fcretimine dayanmaktayd\u0131.<\/p>\n<ol>\n<li>B) Bili\u015fim teknolojisi, lojistik ve alternatif enerji, Ruhr b\u00f6lgesinin g\u00fcn\u00fcm\u00fczde ekonomik geli\u015fmesini belirleyen fakt\u00f6rlerdir.<\/li>\n<li>C) Ruhr sanayi b\u00f6lgesi, Almanya\u2019n\u0131n Kuzey Ren-Vestfalya eyaletinde bulunur.<\/li>\n<\/ol>\n<p>D)B\u00f6lgedeki \u00f6nemli nehirlerden biri Tuna nehridir.<\/p>\n<p>E)Bu b\u00f6lgede \u00fclkemizden giden T\u00fcrk vatanda\u015flar\u0131<\/p>\n<p>da \u00e7al\u0131\u015fma imkan\u0131 bulmu\u015ftur.<\/p>\n<p>&nbsp;<\/p>\n<p><strong>15-<\/strong>\u00a0 Sanayinin geli\u015fmi\u015f oldu\u011fu b\u00f6lgelerdeki n\u00fcfus art\u0131\u015f\u0131, do\u011fumlardan \u00e7ok b\u00f6lge d\u0131\u015f\u0131ndan al\u0131nan g\u00f6\u00e7lerden olu\u015fmaktad\u0131r.<\/p>\n<p>A\u015fa\u011f\u0131daki be\u015f b\u00f6lgenin do\u011fum oran\u0131 ayn\u0131 oldu\u011funa g\u00f6re, bu b\u00f6lgelerden hangisinin geli\u015fme d\u00fczeyi daha d\u00fc\u015f\u00fckt\u00fcr?<\/p>\n<p>&nbsp;<\/p>\n<p><strong>16-<\/strong> A\u015fa\u011f\u0131daki haritada i\u015faretli yerlerden hangilerinde do\u011fal afetlerden depremlerin g\u00f6r\u00fclme olas\u0131l\u0131\u011f\u0131 en azd\u0131r?<\/p>\n<p>&nbsp;<\/p>\n<ol>\n<li>A) I, III, V B) III, IV, V\u00a0\u00a0\u00a0\u00a0\u00a0 C) I, II, V<\/li>\n<\/ol>\n<p>&nbsp;<\/p>\n<ol>\n<li>D) II, III, V E) I, IV, V<\/li>\n<\/ol>\n<p><strong><em>\u00c7oktan se\u00e7meli sorular\u00a0\u00a0 8 x 3 = 24\u00a0 puan<\/em><\/strong><\/p>\n<p><strong><em>\u00a0<\/em><\/strong><\/p>\n<p><strong><em>\u00a0\u00a0\u00a0\u00a0\u00a0\u00a0\u00a0\u00a0\u00a0\u00a0\u00a0\u00a0\u00a0\u00a0 B A \u015e A R I L A R<\/em><\/strong><\/p>\n<p style=\"text-align: center;\">Dok\u00fcman\u0131n G\u00f6rselli Tam Halini \u0130ndirmek i\u00e7in <a href=\"http:\/\/www.sorubak.com\/12sinif-cografya-1donem-1yazilisi-20142015_89032.htm\" target=\"_blank\">TIKLAYINIZ<\/a><\/p>\n","protected":false},"excerpt":{"rendered":"<p>Ad\u0131 ve Soyad\u0131 : \u2026\u2026\u2026\u2026\u2026\u2026\u2026\u2026\u2026\u2026\u2026.\u00a0\u00a0\u00a0\u00a0\u00a0\u00a0\u00a0\u00a0\u00a0\u00a0\u00a0\u00a0\u00a0\u00a0\u00a0\u00a0 \u00a0A S\u0131n\u0131f\u0131 ve No\u00a0\u00a0\u00a0 : \u2026\u2026\u2026\u2026\u2026\u2026\u2026\u2026\u2026\u2026\u2026. H.ED\u0130P ADIVAR L\u0130SES\u0130 2014\u20132015 \u00d6\u011eRET\u0130M YILI 1. D\u00d6NEM CO\u011eRAFYA 12 DERS\u0130 1. YAZILI SINAV SORULARI &nbsp; Haritada kurulduklar\u0131 yerleri g\u00f6sterilen ilk medeniyetlerin isimlerini yaz\u0131n\u0131z. (12 p) A- \u2026\u2026\u2026\u2026\u2026..\u00a0\u00a0\u00a0\u00a0\u00a0 B- \u2026\u2026\u2026\u2026\u2026.\u00a0\u00a0\u00a0\u00a0\u00a0\u00a0 C- \u2026\u2026\u2026\u2026\u2026\u2026\u00a0\u00a0\u00a0\u00a0 D- \u2026\u2026\u2026\u2026\u2026.. E- \u2026\u2026\u2026\u2026\u2026\u2026.\u00a0\u00a0\u00a0 F- \u2026\u2026\u2026\u2026\u2026..\u00a0\u00a0\u00a0\u00a0\u00a0 G- \u2026\u2026\u2026\u2026\u2026\u2026\u00a0\u00a0\u00a0\u00a0 H- \u2026\u2026\u2026\u2026\u2026.. &nbsp; a) &#8230; <a title=\"12.s\u0131n\u0131f co\u011frafya 1.d\u00f6nem 1.yaz\u0131l\u0131s\u0131 2014-2015\" class=\"read-more\" href=\"https:\/\/www.sorubak.com\/blog\/12-sinif-cografya-1-donem-1-yazilisi-2014-2015.html\" aria-label=\"More on 12.s\u0131n\u0131f co\u011frafya 1.d\u00f6nem 1.yaz\u0131l\u0131s\u0131 2014-2015\">Devam\u0131n\u0131 oku&#8230;<\/a><\/p>\n","protected":false},"author":1686,"featured_media":0,"comment_status":"open","ping_status":"open","sticky":false,"template":"","format":"standard","meta":{"footnotes":""},"categories":[17974,17961,13370],"tags":[19051,19050],"class_list":["post-54093","post","type-post","status-publish","format-standard","hentry","category-cografya-yazili-sorulari","category-lise-yazili-sorulari","category-yazili-sorulari","tag-12-sinif-cografya-1-donem-1-yazilisi","tag-12-sinif-cografya-1-donem-1-yazilisi-2014-2015"],"_links":{"self":[{"href":"https:\/\/www.sorubak.com\/blog\/wp-json\/wp\/v2\/posts\/54093","targetHints":{"allow":["GET"]}}],"collection":[{"href":"https:\/\/www.sorubak.com\/blog\/wp-json\/wp\/v2\/posts"}],"about":[{"href":"https:\/\/www.sorubak.com\/blog\/wp-json\/wp\/v2\/types\/post"}],"author":[{"embeddable":true,"href":"https:\/\/www.sorubak.com\/blog\/wp-json\/wp\/v2\/users\/1686"}],"replies":[{"embeddable":true,"href":"https:\/\/www.sorubak.com\/blog\/wp-json\/wp\/v2\/comments?post=54093"}],"version-history":[{"count":0,"href":"https:\/\/www.sorubak.com\/blog\/wp-json\/wp\/v2\/posts\/54093\/revisions"}],"wp:attachment":[{"href":"https:\/\/www.sorubak.com\/blog\/wp-json\/wp\/v2\/media?parent=54093"}],"wp:term":[{"taxonomy":"category","embeddable":true,"href":"https:\/\/www.sorubak.com\/blog\/wp-json\/wp\/v2\/categories?post=54093"},{"taxonomy":"post_tag","embeddable":true,"href":"https:\/\/www.sorubak.com\/blog\/wp-json\/wp\/v2\/tags?post=54093"}],"curies":[{"name":"wp","href":"https:\/\/api.w.org\/{rel}","templated":true}]}}