{"id":54070,"date":"2014-10-26T00:20:03","date_gmt":"2014-10-25T21:20:03","guid":{"rendered":"http:\/\/www.sorubak.com\/blog\/?p=54070"},"modified":"2014-10-26T00:20:03","modified_gmt":"2014-10-25T21:20:03","slug":"cumhuriyet-bayrami-kutlama-programi","status":"publish","type":"post","link":"https:\/\/www.sorubak.com\/blog\/cumhuriyet-bayrami-kutlama-programi.html","title":{"rendered":"Cumhuriyet Bayram\u0131 Kutlama Program\u0131"},"content":{"rendered":"<p style=\"text-align: left;\"><strong>Cumhuriyet Bayram\u0131 Kutlama Program\u0131<\/strong><\/p>\n<p style=\"text-align: center;\">2014-2015<\/p>\n<p style=\"text-align: center;\">E\u011e\u0130T\u0130M \u00d6\u011eRET\u0130M YILI<\/p>\n<p style=\"text-align: center;\">29 EK\u0130M CUMHUR\u0130YET BAYRAMI<\/p>\n<p style=\"text-align: center;\">KUTLAMA PROGRAMI<\/p>\n<p>&nbsp;<\/p>\n<p><a href=\"https:\/\/www.sorubak.com\/blog\/wp-content\/uploads\/2014\/10\/cumhuriyet-resimleri-1.jpg\"><img loading=\"lazy\" decoding=\"async\" class=\"alignleft  wp-image-54068\" src=\"https:\/\/www.sorubak.com\/blog\/wp-content\/uploads\/2014\/10\/cumhuriyet-resimleri-1.jpg\" alt=\"cumhuriyet-resimleri-1\" width=\"231\" height=\"136\" srcset=\"https:\/\/www.sorubak.com\/blog\/wp-content\/uploads\/2014\/10\/cumhuriyet-resimleri-1.jpg 468w, https:\/\/www.sorubak.com\/blog\/wp-content\/uploads\/2014\/10\/cumhuriyet-resimleri-1-300x176.jpg 300w, https:\/\/www.sorubak.com\/blog\/wp-content\/uploads\/2014\/10\/cumhuriyet-resimleri-1-357x210.jpg 357w\" sizes=\"auto, (max-width: 231px) 100vw, 231px\" \/><\/a>Say\u0131n Okul M\u00fcd\u00fcr\u00fcm, k\u0131ymetli \u00f6\u011fretmenlerim, sevgili \u00f6\u011frenciler\u2026<\/p>\n<p>29 Ekim Cumhuriyet Bayram\u0131 sebebiyle haz\u0131rlam\u0131\u015f oldu\u011fumuz kutlama program\u0131na ho\u015f geldiniz!<\/p>\n<p>Bug\u00fcn, yar\u0131nlar\u0131m\u0131z\u0131n mimar\u0131 Atat\u00fcrk\u2019\u00fcn bize Cumhuriyeti arma\u011fan edi\u015finin 89. Y\u0131ld\u00f6n\u00fcm\u00fc. 29 Ekim bir do\u011fum g\u00fcn\u00fcd\u00fcr. \u00c7a\u011fda\u015f bir ulusun do\u011fum g\u00fcn\u00fc. Bir \u00e7a\u011fda\u015fla\u015fma projesinin, b\u00fcy\u00fck bir at\u0131l\u0131m\u0131n ba\u015flad\u0131\u011f\u0131 g\u00fcnd\u00fcr. Biz cumhuriyetle bulu\u015fuyor; onunla ya\u015f\u0131yoruz.<\/p>\n<p>Sizleri \u00f6ncelikle cumhuriyetimizin kurucusu ulu \u00f6nder Atat\u00fcrk ve Cumhuriyetin kurulmas\u0131nda eme\u011fi ge\u00e7en t\u00fcm \u015fehitlerimizin an\u0131s\u0131na bir dakikal\u0131k sayg\u0131 duru\u015funa, ard\u0131ndan da \u0130stiklal Mar\u015f\u0131\u2019na davet ediyorum.<\/p>\n<p>&nbsp;<\/p>\n<p>Her y\u0131l cumhuriyet bayram\u0131nda<\/p>\n<p>Atat\u00fcrk\u2019\u00fcn sesini duyar gibi olurum,<\/p>\n<p>Bir memleket yaratan sesini,<\/p>\n<p>Okulda, fabrikada, tarlada.<\/p>\n<p>K\u0131\u015flada, mehmet\u00e7i\u011fin duda\u011f\u0131nda,<\/p>\n<p>\u00c7\u0131rp\u0131nan bayrakta onun sesi,<\/p>\n<p>Bir bulut gibi dola\u015f\u0131r \u00fcst\u00fcm\u00fczde g\u00f6lgesi,<\/p>\n<p>&nbsp;<\/p>\n<p>Koval\u0131 \u0130lkokulu M\u00fcd\u00fcr yetkili \u00f6\u011fretmeni Say\u0131n \u2026\u2026\u2026\u2026\u2026\u2026\u2026\u2026.\u2019\u0131\u00a0 g\u00fcn\u00fcn anlam ve \u00f6nemi ile ilgili konu\u015fmalar\u0131n\u0131 yapmak \u00fczere k\u00fcrs\u00fcye davet ediyorum.<\/p>\n<p>Her y\u0131l cumhuriyet bayram\u0131nda,<\/p>\n<p>Vatan\u0131n h\u00fcr g\u00f6klerinde dalga dalga,<\/p>\n<p>K\u00f6y k\u00f6y, \u015fehir \u015fehir, atam\u0131n sesi y\u00fckselir.<\/p>\n<p>Okulumuz 4-A s\u0131n\u0131f\u0131 \u00f6\u011frencilerinden \u2026\u2026\u2026\u2026\u2026\u2026\u2026\u2026\u2026\u2026\u2026..\u2019\u0131 \u201c29 Ekim\u201d adl\u0131 metni okumas\u0131 i\u00e7in k\u00fcrs\u00fcye davet ediyorum.<\/p>\n<p>Atat\u00fcrk diyor ki;<\/p>\n<p>Benim n\u00e2\u00e7iz v\u00fccudum bir g\u00fcn elbet toprak olacakt\u0131r. Fakat T\u00fcrkiye Cumhuriyeti ilelebet payidar kalacakt\u0131r.<\/p>\n<p>Okulumuz 4-A s\u0131n\u0131f\u0131 \u00f6\u011frencilerinden \u2026\u2026\u2026\u2026\u2026\u2026\u2026\u2026\u2026\u2026\u2026\u2019\u0131 \u201c Cumhuriyet Sevgisi\u201d adl\u0131 \u015fiirini okumas\u0131 i\u00e7in k\u00fcrs\u00fcye davet ediyorum.<\/p>\n<p>Sen bize ekmeksin, havas\u0131n, susun<\/p>\n<p>\u0130yice kulak ver, dinleyin, susun<br \/>\nTarihin yazd\u0131\u011f\u0131 koca ulusun<br \/>\nMilli egemenlik \u00f6yk\u00fcs\u00fcd\u00fcr bu\u201d<br \/>\nOkulumuz 3-A \u00f6\u011frencilerinden \u2026\u2026\u2026\u2026\u2026\u2026\u2026\u2026\u2026\u2026\u2026..\u2019\u0131 \u201c Cumhuriyet\u201d adl\u0131 \u015fiirini okumas\u0131 i\u00e7in k\u00fcrs\u00fcye davet ediyorum.<\/p>\n<p>Atat\u00fcrk Diyor Ki;<\/p>\n<p>\u201cDemokrasi ilkesinin en yeni ve ak\u0131lc\u0131 uygulamas\u0131n\u0131 sa\u011flayan h\u00fck\u00fcmet bi\u00e7imi<\/p>\n<p>Cumhuriyet\u2019tir.\u201d<\/p>\n<p>&nbsp;<\/p>\n<p>Okulumuz 4-A s\u0131n\u0131f\u0131 \u00f6\u011frencilerinden \u2026\u2026\u2026\u2026\u2026\u2026\u2026\u2026\u2026\u2026\u2026\u2026\u2026\u2026\u2026\u2026\u2019\u0131 \u201c And \u0130\u00e7tik \u201d adl\u0131 \u015fiirini okumas\u0131 i\u00e7in k\u00fcrs\u00fcye davet ediyorum.<\/p>\n<p>&nbsp;<\/p>\n<p>\u201cSelam olsun halk\u0131ma, ulusuma, yurduma.<\/p>\n<p>H\u00fcrriyetin temeli \u201ccumhuriyet\u201d yazd\u0131rd\u0131k.<\/p>\n<p>Yurduma g\u00fcvenlik veren selam, selam yurduma<\/p>\n<p>Co\u015fmu\u015ftur al bayra\u011f\u0131m; ba\u015f\u0131m\u0131zda gezdirdik.\u201d<\/p>\n<p>&nbsp;<\/p>\n<p>Okulumuz \u00f6\u011frencilerinden 3-A s\u0131n\u0131f\u0131ndan \u2026\u2026\u2026\u2026\u2026\u2026\u2026\u2026\u2026\u2026\u2026\u2026\u2026..\u2019\u0131 \u201c Cumhuriyet \u201c adl\u0131 \u015fiirini okumas\u0131 i\u00e7in k\u00fcrs\u00fcye davet ediyorum.<\/p>\n<p>Her bayram geli\u015finde<\/p>\n<p>Akl\u0131ma Atat\u00fcrk\u2019\u00fcm gelir.<\/p>\n<p>G\u00f6r\u00fcr\u00fcm onu Kocatepe\u2019de d\u00fc\u015f\u00fcn\u00fcr.<\/p>\n<p>Halk\u0131m diye, anam diye, vatan\u0131m diye<\/p>\n<p>Umut bir \u0131\u015f\u0131kt\u0131r g\u00f6zlerinde.\u201d<\/p>\n<p>Okulumuz \u00f6\u011frencilerinden 4-A s\u0131n\u0131f\u0131ndan \u2026\u2026\u2026\u2026\u2026\u2026\u2026\u2026\u2026\u2026\u2026\u2026\u2026.\u2019\u0131 \u201c Cumhuriyet Bayram\u0131 \u201c adl\u0131 \u015fiirini okumas\u0131 i\u00e7in k\u00fcrs\u00fcye davet ediyorum.<\/p>\n<p>\u201cAyd\u0131n\u0131lkt\u0131r gelece\u011fim,<\/p>\n<p>Mutlulu\u011fa erece\u011fim.<br \/>\n\u0130nan\u00e7la y\u00fcr\u00fcyece\u011fim,<br \/>\nMutlu yoldur cumhuriyet.\u201d<\/p>\n<p>\u201cVur ozan tellere \u00f6zg\u00fcrcesine<\/p>\n<p>Milli egemenlik t\u00fcrk\u00fcs\u00fcd\u00fcr bu<br \/>\nDinle bak kulak ver T\u00fcrk\u2019\u00fcn sesine<br \/>\nMilli egemenlik \u00fclk\u00fcs\u00fcd\u00fcr bu.\u201d<\/p>\n<p>Bayraklar\u0131 bayrak yapan \u00fcst\u00fcndeki kand\u0131r,<\/p>\n<p>Toprak, e\u011fer u\u011frunda \u00f6len varsa vatand\u0131r.<\/p>\n<p>&nbsp;<\/p>\n<p>\u0130\u00e7inizdeki Cumhuriyet ate\u015fi hi\u00e7 s\u00f6nmesin. Cumhuriyetimizin daha nice y\u0131llar\u0131nda, ba\u011f\u0131ms\u0131zl\u0131k bayra\u011f\u0131m\u0131z\u0131 g\u00f6klerde dalgaland\u0131rmaya gen\u00e7ler ad\u0131na s\u00f6z veriyoruz.<br \/>\n<strong>&#8220;Sizler, yani yeni T\u00fcrkiye&#8217;nin gen\u00e7 evlatlar\u0131! Yorulsan\u0131z dahi beni takip edeceksiniz&#8230; Dinlenmemek \u00fczere y\u00fcr\u00fcmeye karar verenler, asla ve asla yorulmazlar. T\u00fcrk Gen\u00e7li\u011fi gayeye, bizim y\u00fcksek idealimize durmadan, yorulmadan y\u00fcr\u00fcyecektir. &#8220;<\/strong><\/p>\n<p>Okulumuz \u2026\/\u2026 \u00f6\u011frencilerinden \u2026\u2026\u2026\u2026\u2026\u2026\u2026\u2026\u2026\u2026\u2019\u2026 yaz\u0131s\u0131n\u0131 okumak \u00fczere davet ediyorum.<\/p>\n<p><strong>Ey y\u00fckselen yeni nesil! \u0130stikbal sizsiniz. Cumhuriyeti biz kurduk, onu y\u00fckseltecek ve ya\u015fatacak sizsiniz.<\/strong><\/p>\n<p><strong>\u00a0<\/strong><\/p>\n<p>\u2026\/\u2026 s\u0131n\u0131f\u0131 \u00f6\u011frencilerinden \u2026\u2026\u2026\u2026\u2026\u2026\u2026\u2026\u2026\u2026\u2026 \u201c\u2026\u2026\u2026\u2026\u2026\u2026\u2026\u2026\u2026.\u201d adl\u0131 \u015fiiri okuyacak.<\/p>\n<p><strong>\u015eanl\u0131 b\u00fcy\u00fck ordumuz,<\/strong><\/p>\n<p><strong> Duydu b\u00fct\u00fcn ulus.<br \/>\nO g\u00fcn bug\u00fcnd\u00fcr kutlan\u0131r,<br \/>\nYa\u015fas\u0131n 29 Ekim ya\u015fas\u0131n Ulusumuz!..<\/strong><\/p>\n<p><strong>\u00a0<\/strong>\u2026\/\u2026 s\u0131n\u0131f\u0131 \u00f6\u011frencilerinden \u2026\u2026\u2026\u2026\u2026\u2026\u2026\u2026\u2026. \u201c\u2026\u2026\u2026\u2026\u2026\u2026\u2026\u2026\u2026..\u201d adl\u0131 \u015fiirini okuyacak.<\/p>\n<p>&nbsp;<\/p>\n<p>Cumhuriyet Bayram\u0131 kutlama program\u0131m\u0131z burada sona ermi\u015ftir. Kutlama etkinli\u011fimize kat\u0131lan herkese te\u015fekk\u00fcr ederiz.<\/p>\n<p>&nbsp;<\/p>\n<p>Hepinizin Cumhuriyet Bayram\u0131 Kutlu Olsun!<\/p>\n","protected":false},"excerpt":{"rendered":"<p>Cumhuriyet Bayram\u0131 Kutlama Program\u0131 2014-2015 E\u011e\u0130T\u0130M \u00d6\u011eRET\u0130M YILI 29 EK\u0130M CUMHUR\u0130YET BAYRAMI KUTLAMA PROGRAMI &nbsp; Say\u0131n Okul M\u00fcd\u00fcr\u00fcm, k\u0131ymetli \u00f6\u011fretmenlerim, sevgili \u00f6\u011frenciler\u2026 29 Ekim Cumhuriyet Bayram\u0131 sebebiyle haz\u0131rlam\u0131\u015f oldu\u011fumuz kutlama program\u0131na ho\u015f geldiniz! Bug\u00fcn, yar\u0131nlar\u0131m\u0131z\u0131n mimar\u0131 Atat\u00fcrk\u2019\u00fcn bize Cumhuriyeti arma\u011fan edi\u015finin 89. Y\u0131ld\u00f6n\u00fcm\u00fc. 29 Ekim bir do\u011fum g\u00fcn\u00fcd\u00fcr. \u00c7a\u011fda\u015f bir ulusun do\u011fum g\u00fcn\u00fc. Bir \u00e7a\u011fda\u015fla\u015fma &#8230; <a title=\"Cumhuriyet Bayram\u0131 Kutlama Program\u0131\" class=\"read-more\" href=\"https:\/\/www.sorubak.com\/blog\/cumhuriyet-bayrami-kutlama-programi.html\" aria-label=\"More on Cumhuriyet Bayram\u0131 Kutlama Program\u0131\">Devam\u0131n\u0131 oku&#8230;<\/a><\/p>\n","protected":false},"author":1,"featured_media":0,"comment_status":"open","ping_status":"open","sticky":false,"template":"","format":"standard","meta":{"footnotes":""},"categories":[13073],"tags":[],"class_list":["post-54070","post","type-post","status-publish","format-standard","hentry","category-belirli-gun-ve-haftalar"],"_links":{"self":[{"href":"https:\/\/www.sorubak.com\/blog\/wp-json\/wp\/v2\/posts\/54070","targetHints":{"allow":["GET"]}}],"collection":[{"href":"https:\/\/www.sorubak.com\/blog\/wp-json\/wp\/v2\/posts"}],"about":[{"href":"https:\/\/www.sorubak.com\/blog\/wp-json\/wp\/v2\/types\/post"}],"author":[{"embeddable":true,"href":"https:\/\/www.sorubak.com\/blog\/wp-json\/wp\/v2\/users\/1"}],"replies":[{"embeddable":true,"href":"https:\/\/www.sorubak.com\/blog\/wp-json\/wp\/v2\/comments?post=54070"}],"version-history":[{"count":0,"href":"https:\/\/www.sorubak.com\/blog\/wp-json\/wp\/v2\/posts\/54070\/revisions"}],"wp:attachment":[{"href":"https:\/\/www.sorubak.com\/blog\/wp-json\/wp\/v2\/media?parent=54070"}],"wp:term":[{"taxonomy":"category","embeddable":true,"href":"https:\/\/www.sorubak.com\/blog\/wp-json\/wp\/v2\/categories?post=54070"},{"taxonomy":"post_tag","embeddable":true,"href":"https:\/\/www.sorubak.com\/blog\/wp-json\/wp\/v2\/tags?post=54070"}],"curies":[{"name":"wp","href":"https:\/\/api.w.org\/{rel}","templated":true}]}}