{"id":54067,"date":"2014-10-26T00:16:10","date_gmt":"2014-10-25T21:16:10","guid":{"rendered":"http:\/\/www.sorubak.com\/blog\/?p=54067"},"modified":"2014-10-26T00:16:10","modified_gmt":"2014-10-25T21:16:10","slug":"cumhuriyet-bayrami-konusma-metni-29-ekim-2014","status":"publish","type":"post","link":"https:\/\/www.sorubak.com\/blog\/cumhuriyet-bayrami-konusma-metni-29-ekim-2014.html","title":{"rendered":"Cumhuriyet Bayram\u0131 Konu\u015fma Metni 29 Ekim 2014"},"content":{"rendered":"<p><strong>\u00d6L\u00dcMS\u00dcZ\u00a0 CUMHUR\u0130YET\u00a0\u00a0 <\/strong><\/p>\n<p>\u015eanl\u0131 bir tarihe ve b\u00fcy\u00fck bir medeniyet birikimine sahip olan b\u00fcy\u00fck milletimizin, \u00f6zg\u00fcrl\u00fck ve ba\u011f\u0131ms\u0131zl\u0131\u011f\u0131n\u0131n simgesi olan <strong>\u00dczerine titredi\u011fimiz, Vatanda\u015f\u0131 olmaktan onur duydu\u011fumuz\u00a0 T\u00fcrkiye Cumhuriyeti\u2026Bizim Cumhuriyetimizin 91. Y\u0131l\u0131\u00a0 kutlu olsun.<\/strong><\/p>\n<p>Gazi Mustafa Kemal ATAT\u00dcRK ve arkada\u015flar\u0131n\u0131n sars\u0131lmaz bir vatan sevgisi ve istiklal a\u015fk\u0131yla b\u00fcy\u00fck zorluklar\u0131 a\u015farak y\u00fckselttikleri T\u00fcrkiye Cumhuriyeti, ayn\u0131 ideallere b\u00fcy\u00fck bir sadakatle sahip \u00e7\u0131kan yeni nesillerin omuzlar\u0131nda yeni ufuklara do\u011fru ilerlemektedir.<\/p>\n<p><a href=\"https:\/\/www.sorubak.com\/blog\/wp-content\/uploads\/2014\/10\/cumhuriyet-resimleri-1.jpg\"><img loading=\"lazy\" decoding=\"async\" class=\"alignleft size-full wp-image-54068\" src=\"https:\/\/www.sorubak.com\/blog\/wp-content\/uploads\/2014\/10\/cumhuriyet-resimleri-1.jpg\" alt=\"cumhuriyet-resimleri-1\" width=\"468\" height=\"275\" srcset=\"https:\/\/www.sorubak.com\/blog\/wp-content\/uploads\/2014\/10\/cumhuriyet-resimleri-1.jpg 468w, https:\/\/www.sorubak.com\/blog\/wp-content\/uploads\/2014\/10\/cumhuriyet-resimleri-1-300x176.jpg 300w, https:\/\/www.sorubak.com\/blog\/wp-content\/uploads\/2014\/10\/cumhuriyet-resimleri-1-357x210.jpg 357w\" sizes=\"auto, (max-width: 468px) 100vw, 468px\" \/><\/a>\u00c7a\u011flara medeniyet m\u00fchr\u00fcn\u00fc vuran b\u00fcy\u00fck milletimiz, milli m\u00fccadele s\u0131ras\u0131nda ya\u015fanan zor \u015fartlara ra\u011fmen istiklalinden vazge\u00e7meyerek, Millet\u00e7e el ele vererek neler ba\u015farabilece\u011fimize; tarih defalarca \u015fahit olmu\u015ftur.<\/p>\n<p>T\u00fcrk\u00a0 Kurtulu\u015f Sava\u015f\u2019\u0131 imkans\u0131z\u0131 ba\u015faran, ola\u011fan\u00fcst\u00fc \u00e7abaya dayanan bir milleti tek y\u00fcrek haline getiren bir inana\u00e7 sava\u015f\u0131 olmu\u015ftur.<br \/>\nBug\u00fcn bizler, Cumhuriyetin 100.y\u0131l\u0131n\u0131 kutlamaya haz\u0131rlanan yeni nesiller olarak bize miras b\u0131rak\u0131lan o \u015fanl\u0131 tarihi ve o kutsal istiklal ruhunu heyecanla, sadakatle ba\u011fr\u0131m\u0131za bas\u0131yoruz.<\/p>\n<p>B\u00fcy\u00fck milletimizin Cumhuriyet Bayram\u0131\u2019n\u0131 kutluyor, ayd\u0131nl\u0131k bir gelece\u011fe do\u011fru daha nice y\u0131llar boyunca\u00a0 birlik, beraberlik ve esenlikle y\u00fcr\u00fcme umudumuzu bir kere daha tazeliyoruz.<\/p>\n<p><strong>\u00a0<\/strong><\/p>\n<p>\u201cOnun kutsal sevgisi ta\u015f\u0131yor i\u00e7imizden,<\/p>\n<p>G\u00f6kler dolusu selam \u00f6lmez Ata\u2019ya bizden\u201d<\/p>\n<p>\u201cEy \u00f6l\u00fcms\u00fcz Atat\u00fcrk!\u015eerefisin milletin<\/p>\n<p>\u201cBek\u00e7isiyiz tek kalsak inan Cumhuriyet\u2019in\u201d<\/p>\n","protected":false},"excerpt":{"rendered":"<p>\u00d6L\u00dcMS\u00dcZ\u00a0 CUMHUR\u0130YET\u00a0\u00a0 \u015eanl\u0131 bir tarihe ve b\u00fcy\u00fck bir medeniyet birikimine sahip olan b\u00fcy\u00fck milletimizin, \u00f6zg\u00fcrl\u00fck ve ba\u011f\u0131ms\u0131zl\u0131\u011f\u0131n\u0131n simgesi olan \u00dczerine titredi\u011fimiz, Vatanda\u015f\u0131 olmaktan onur duydu\u011fumuz\u00a0 T\u00fcrkiye Cumhuriyeti\u2026Bizim Cumhuriyetimizin 91. Y\u0131l\u0131\u00a0 kutlu olsun. Gazi Mustafa Kemal ATAT\u00dcRK ve arkada\u015flar\u0131n\u0131n sars\u0131lmaz bir vatan sevgisi ve istiklal a\u015fk\u0131yla b\u00fcy\u00fck zorluklar\u0131 a\u015farak y\u00fckselttikleri T\u00fcrkiye Cumhuriyeti, ayn\u0131 ideallere b\u00fcy\u00fck bir &#8230; <a title=\"Cumhuriyet Bayram\u0131 Konu\u015fma Metni 29 Ekim 2014\" class=\"read-more\" href=\"https:\/\/www.sorubak.com\/blog\/cumhuriyet-bayrami-konusma-metni-29-ekim-2014.html\" aria-label=\"More on Cumhuriyet Bayram\u0131 Konu\u015fma Metni 29 Ekim 2014\">Devam\u0131n\u0131 oku&#8230;<\/a><\/p>\n","protected":false},"author":1,"featured_media":0,"comment_status":"open","ping_status":"open","sticky":false,"template":"","format":"standard","meta":{"footnotes":""},"categories":[13073],"tags":[],"class_list":["post-54067","post","type-post","status-publish","format-standard","hentry","category-belirli-gun-ve-haftalar"],"_links":{"self":[{"href":"https:\/\/www.sorubak.com\/blog\/wp-json\/wp\/v2\/posts\/54067","targetHints":{"allow":["GET"]}}],"collection":[{"href":"https:\/\/www.sorubak.com\/blog\/wp-json\/wp\/v2\/posts"}],"about":[{"href":"https:\/\/www.sorubak.com\/blog\/wp-json\/wp\/v2\/types\/post"}],"author":[{"embeddable":true,"href":"https:\/\/www.sorubak.com\/blog\/wp-json\/wp\/v2\/users\/1"}],"replies":[{"embeddable":true,"href":"https:\/\/www.sorubak.com\/blog\/wp-json\/wp\/v2\/comments?post=54067"}],"version-history":[{"count":0,"href":"https:\/\/www.sorubak.com\/blog\/wp-json\/wp\/v2\/posts\/54067\/revisions"}],"wp:attachment":[{"href":"https:\/\/www.sorubak.com\/blog\/wp-json\/wp\/v2\/media?parent=54067"}],"wp:term":[{"taxonomy":"category","embeddable":true,"href":"https:\/\/www.sorubak.com\/blog\/wp-json\/wp\/v2\/categories?post=54067"},{"taxonomy":"post_tag","embeddable":true,"href":"https:\/\/www.sorubak.com\/blog\/wp-json\/wp\/v2\/tags?post=54067"}],"curies":[{"name":"wp","href":"https:\/\/api.w.org\/{rel}","templated":true}]}}