{"id":54030,"date":"2014-10-24T16:21:28","date_gmt":"2014-10-24T13:21:28","guid":{"rendered":"http:\/\/www.sorubak.com\/blog\/?p=54030"},"modified":"2014-10-23T00:22:55","modified_gmt":"2014-10-22T21:22:55","slug":"9-sinif-dil-ve-anlatim-1-donem-1-yazili-sorulari-ve-cevaplari-2014-2015","status":"publish","type":"post","link":"https:\/\/www.sorubak.com\/blog\/9-sinif-dil-ve-anlatim-1-donem-1-yazili-sorulari-ve-cevaplari-2014-2015.html","title":{"rendered":"9.s\u0131n\u0131f dil ve anlat\u0131m 1.d\u00f6nem 1.yaz\u0131l\u0131 sorular\u0131 ve cevaplar\u0131 2014-2015"},"content":{"rendered":"<h3>9.A SINIFI D\u0130L ve ANLATIM DERS\u0130 1. D\u00d6NEM 1. YAZILI SORULARI<\/h3>\n<p><strong>\u00d6\u011frencinin Ad\u0131 ve soyad\u0131:\u00a0\u00a0\u00a0\u00a0\u00a0\u00a0\u00a0\u00a0\u00a0\u00a0\u00a0\u00a0\u00a0\u00a0\u00a0\u00a0\u00a0\u00a0\u00a0\u00a0\u00a0\u00a0\u00a0\u00a0\u00a0\u00a0\u00a0\u00a0\u00a0\u00a0\u00a0\u00a0\u00a0\u00a0\u00a0\u00a0\u00a0\u00a0\u00a0\u00a0\u00a0\u00a0\u00a0\u00a0 \u00a0\u00a0\u00a0S\u0131n\u0131f\u0131 ve numaras\u0131:<\/strong><\/p>\n<p><strong>\u00a0<\/strong><\/p>\n<p><strong>Ald\u0131\u011f\u0131 not (yaz\u0131yla):\u00a0\u00a0\u00a0\u00a0\u00a0\u00a0\u00a0\u00a0\u00a0\u00a0\u00a0\u00a0\u00a0\u00a0\u00a0\u00a0\u00a0\u00a0\u00a0\u00a0\u00a0\u00a0\u00a0\u00a0\u00a0\u00a0\u00a0\u00a0\u00a0\u00a0\u00a0\u00a0\u00a0\u00a0\u00a0\u00a0\u00a0\u00a0\u00a0\u00a0\u00a0\u00a0\u00a0\u00a0\u00a0\u00a0\u00a0\u00a0\u00a0\u00a0\u00a0\u00a0\u00a0\u00a0\u00a0\u00a0\u00a0 Ald\u0131\u011f\u0131 not (rakamla):\u00a0\u00a0\u00a0 <\/strong><\/p>\n<p><strong>SORULAR<\/strong><\/p>\n<ol>\n<li>\u0130leti\u015fimin \u00f6nemini ve de\u011ferini g\u00fcnl\u00fck hayat\u0131n\u0131zdan \u00f6rneklerle a\u00e7\u0131klay\u0131n\u0131z.<\/li>\n<li>A\u015fa\u011f\u0131da verilen meslek gruplar\u0131 i\u00e7in yaz ay\u0131n\u0131n \u00e7a\u011fr\u0131\u015ft\u0131rd\u0131\u011f\u0131 kavramlar\u0131 yaz\u0131n\u0131z.<\/li>\n<\/ol>\n<p>dondurmac\u0131, \u00f6\u011frenci,\u00a0\u00a0oduncu, \u00e7ift\u00e7i<\/p>\n<ol start=\"3\">\n<li>Konu\u015fma dili ile yaz\u0131 dili aras\u0131ndaki farklar\u0131 yaz\u0131n\u0131z.<\/li>\n<li>T\u00fcrk\u00e7e D\u00fcnya dil ailesi i\u00e7inde hangi grupta yer al\u0131r? Temel \u00f6zelli\u011fi nedir? Bir \u00f6rnekle a\u00e7\u0131klay\u0131n\u0131z.<\/li>\n<li><strong>\u201c<\/strong>U\u015fak\u2019tan, affetmek, o\u011flum, k\u00fc\u00e7\u00fcc\u00fck<strong>\u201d <\/strong>s\u00f6zc\u00fcklerinde g\u00f6r\u00fclen ses olaylar\u0131n\u0131 a\u00e7\u0131klay\u0131n\u0131z.<\/li>\n<li>\u201cG\u00f6z\u201d kelimesini \u00fc\u00e7 farkl\u0131 ba\u011flamda (temel, yan ve mecaz anlama gelecek \u015fekilde) kullan\u0131n\u0131z.<\/li>\n<li>A\u015fa\u011f\u0131daki kar\u015f\u0131l\u0131kl\u0131 konu\u015fman\u0131n ileti\u015fim \u00f6\u011felerini g\u00f6steriniz.<\/li>\n<\/ol>\n<p><strong>\u2018\u2019\u00d6\u011fretmen:<\/strong><\/p>\n<p><strong>-\u00c7ocuklar konuyu anlad\u0131n\u0131z m\u0131?<\/strong><\/p>\n<p><strong>\u00c7ocuklar:<\/strong><\/p>\n<p><strong>-Evet,\u00a0 anlad\u0131k.\u2019\u2019<\/strong><\/p>\n<ol start=\"8\">\n<li>A\u015fa\u011f\u0131daki c\u00fcmlelerde dil hangi i\u015flevlerde kullan\u0131lm\u0131\u015f kar\u015f\u0131lar\u0131na yaz\u0131n\u0131z?<\/li>\n<\/ol>\n<p>Eyvah, babam geldi!<\/p>\n<p>L\u00fctfen sessiz olur musunuz?<\/p>\n<p>Su y\u00fcz derecede kaynamaz.<\/p>\n<p>Zamirler, ismin yerini tutan kelimelerdir.<\/p>\n<p>Sesim geliyor mu?<\/p>\n<ol start=\"9\">\n<li><strong>\u2018\u2019<\/strong><strong>Trafik \u0131\u015f\u0131klar\u0131n\u0131n varl\u0131\u011f\u0131\u2019\u2019<\/strong> ve <strong>\u2018\u2019A\u011fa\u00e7lar\u0131n yapraklar\u0131n\u0131n sararmas\u0131\u2019\u2019<\/strong> hangi t\u00fcr g\u00f6sterge i\u00e7ine girer? Ni\u00e7in? A\u00e7\u0131klay\u0131n\u0131z.<\/li>\n<li>\u0130leti\u015fim \u00e7e\u015fitlerini yaz\u0131n\u0131z.<\/li>\n<\/ol>\n<p><strong>\u00a0<\/strong><\/p>\n<p><strong>Not baremi 1-10p\u00a0\u00a0\u00a0 2-3+2+3+2:10p\u00a0\u00a0 3-5+5:10p\u00a0\u00a0 4-5+5:10p\u00a0\u00a0\u00a0 5-3+2+3+2:10p\u00a0\u00a0 <\/strong><\/p>\n<p><strong>6-4+3+3:10p\u00a0\u00a0 7-3+2+3+2:10p\u00a0\u00a0\u00a0\u00a0 \u00a0\u00a0\u00a08-2+2+2+2+2+2:10p\u00a0\u00a0\u00a0\u00a0\u00a0 9-5+5:10p\u00a0\u00a0 10-3+2+3+2:10p\u00a0\u00a0 <\/strong><\/p>\n<p>Puan g\u00f6stergesi<\/p>\n<table>\n<tbody>\n<tr>\n<td width=\"61\"><strong>1<\/strong><\/td>\n<td width=\"61\"><strong>2<\/strong><\/td>\n<td width=\"61\"><strong>3<\/strong><\/td>\n<td width=\"61\"><strong>4<\/strong><\/td>\n<td width=\"61\"><strong>5<\/strong><\/td>\n<td width=\"61\"><strong>6<\/strong><\/td>\n<td width=\"61\"><strong>7<\/strong><\/td>\n<td width=\"61\"><strong>8<\/strong><\/td>\n<td width=\"61\"><strong>9<\/strong><\/td>\n<td width=\"61\"><strong>10<\/strong><\/td>\n<\/tr>\n<tr>\n<td width=\"61\"><strong>\u00a0<\/strong><\/p>\n<p><strong>\u00a0<\/strong><\/td>\n<td width=\"61\"><strong>\u00a0<\/strong><\/td>\n<td width=\"61\"><strong>\u00a0<\/strong><\/td>\n<td width=\"61\"><strong>\u00a0<\/strong><\/td>\n<td width=\"61\"><strong>\u00a0<\/strong><\/td>\n<td width=\"61\"><strong>\u00a0<\/strong><\/td>\n<td width=\"61\"><strong>\u00a0<\/strong><\/td>\n<td width=\"61\"><strong>\u00a0<\/strong><\/td>\n<td width=\"61\"><strong>\u00a0<\/strong><\/td>\n<td width=\"61\"><strong>\u00a0<\/strong><\/td>\n<\/tr>\n<\/tbody>\n<\/table>\n<p><strong>\u00a0<\/strong><\/p>\n<p><strong>CEVAPLAR<\/strong><\/p>\n<p>&nbsp;<\/p>\n<p><strong>CEVAPLAR<\/strong><\/p>\n<ol>\n<li>\u0130leti\u015fimin olmayd\u0131 insanlar anla\u015famazlar ve ihtiya\u00e7lar\u0131n\u0131 gideremezlerdi. (Konu bu \u00e7er\u00e7evede \u00f6rneklenecek)<\/li>\n<li><strong>Bol para ve kazan\u00e7, Tatil ve serbestlik. \u0130\u015flerin azalmas\u0131, paras\u0131zl\u0131k. \u00dcr\u00fcn alma, \u00e7al\u0131\u015fma.<\/strong><\/li>\n<li>Konu\u015fma dili; de\u011fi\u015fken yaz\u0131 dili de\u011fi\u015fken de\u011fil. Konu\u015fma dili; kal\u0131c\u0131 de\u011filken yaz\u0131 dili kal\u0131c\u0131d\u0131r.<\/li>\n<li>Ural-Altay dil ailesi i\u00e7inde yer al\u0131r. Temel \u00f6zelli\u011fi eklemeli diller grubundan olmas\u0131d\u0131r. \u00d6r:Odun-cu-luk-tan<\/li>\n<li>Sertle\u015fme<\/li>\n<\/ol>\n<p>\u00dcns\u00fcz t\u00fcremesi<\/p>\n<p>\u00dcnl\u00fc d\u00fc\u015fmesi<\/p>\n<p>\u00dcns\u00fcz d\u00fc\u015fmesi<\/p>\n<ol start=\"6\">\n<li>G\u00f6z\u00a0\u00a0\u00e0\u00a0\u00a0\u00a0\u00a0G\u00f6zlerim g\u00f6rm\u00fcyor.\u00a0\u00a0\u00a0\u00a0\u00a0\u00a0\u00a0\u00a0\u00a0\u00a0\u00a0\u00a0\u00a0\u00a0\u00a0\u00a0\u00a0\u00a0\u00a0\u00a0\u00a0\u00a0\u00a0\u00a0(Ger\u00e7ek anlam)<\/li>\n<\/ol>\n<p>G\u00f6z\u00a0\u00a0\u00e0\u00a0\u00a0\u00a0\u00a0\u00c7ekmecenin g\u00f6z\u00fcnde olabilir.\u00a0\u00a0\u00a0\u00a0\u00a0\u00a0\u00a0\u00a0\u00a0\u00a0\u00a0(Yan anlam)<\/p>\n<p>G\u00f6z\u00a0\u00a0\u00e0\u00a0\u00a0\u00a0\u00a0G\u00f6zlerimiz yollarda kald\u0131.\u00a0\u00a0\u00a0\u00a0\u00a0\u00a0\u00a0\u00a0\u00a0\u00a0\u00a0\u00a0\u00a0\u00a0\u00a0\u00a0\u00a0(Mecaz anlam)<\/p>\n<ol start=\"7\">\n<li>\u00d6\u011fretmen: G\u00f6nderici<\/li>\n<\/ol>\n<p>\u00c7ocuklar: Al\u0131c\u0131<\/p>\n<p>Konu\u015fma ( Dil ): Kanal<\/p>\n<p>Konuyu anlamalar\u0131: Mesaj<\/p>\n<ol start=\"8\">\n<li><strong>Heyecana ba\u011fl\u0131 i\u015flev<\/strong><\/li>\n<\/ol>\n<p><strong>\u00a0\u00a0\u00a0\u00a0\u00a0\u00a0\u00a0 \u00a0Al\u0131c\u0131y\u0131 harekete ge\u00e7irme i\u015flevi<\/strong><\/p>\n<p><strong>\u00a0\u00a0\u00a0\u00a0\u00a0\u00a0\u00a0 \u00a0G\u00f6ndergesel i\u015flev<\/strong><\/p>\n<p><strong>\u00a0\u00a0\u00a0\u00a0\u00a0\u00a0\u00a0 \u00a0Dil \u00f6tesi i\u015flev<\/strong><\/p>\n<p><strong>Kanal\u0131 kontrol i\u015flevi<\/strong><\/p>\n<ol start=\"9\">\n<li>Trafik \u0131\u015f\u0131klar\u0131n\u0131n varl\u0131\u011f\u0131 \u201cSosyal G\u00f6sterge\u201d i\u00e7ine girer. \u00c7\u00fcnk\u00fc toplumsal bir ge\u00e7erlili\u011fi vard\u0131r. A\u011fa\u00e7lar\u0131n yapraklar\u0131n\u0131n d\u00f6k\u00fclmes\u015f Sonbahar\u2019\u0131n geldi\u011finin g\u00f6stergesidir. Bu \u201cDo\u011fal G\u00f6sterge\u201d\u00a0i\u00e7ine girera<\/li>\n<li>a.Dille ger\u00e7ekle\u015ftirilen ileti\u015fim<\/li>\n<\/ol>\n<p>b.Jest ve mimiklerle ger\u00e7ekle\u015ftirilen ileti\u015fim<\/p>\n<p>c.Resim,\u015fekil,\u00e7izgi gibi sembollerle ger\u00e7ekle\u015ftirilen ileti\u015fim<\/p>\n<p>d.Simgelerle ger\u00e7ekle\u015ftirilen ileti\u015fim<\/p>\n<p style=\"text-align: center;\">Dok\u00fcman\u0131n G\u00f6rselli Tam Halini \u0130ndirmek i\u00e7in <a href=\"http:\/\/www.sorubak.com\/9sinif-dil-ve-anlatim-1donem-1yazili-sorulari-20142015_88548.htm\" target=\"_blank\">TIKLAYINIZ<\/a><\/p>\n","protected":false},"excerpt":{"rendered":"<p>9.A SINIFI D\u0130L ve ANLATIM DERS\u0130 1. D\u00d6NEM 1. YAZILI SORULARI \u00d6\u011frencinin Ad\u0131 ve soyad\u0131:\u00a0\u00a0\u00a0\u00a0\u00a0\u00a0\u00a0\u00a0\u00a0\u00a0\u00a0\u00a0\u00a0\u00a0\u00a0\u00a0\u00a0\u00a0\u00a0\u00a0\u00a0\u00a0\u00a0\u00a0\u00a0\u00a0\u00a0\u00a0\u00a0\u00a0\u00a0\u00a0\u00a0\u00a0\u00a0\u00a0\u00a0\u00a0\u00a0\u00a0\u00a0\u00a0\u00a0\u00a0 \u00a0\u00a0\u00a0S\u0131n\u0131f\u0131 ve numaras\u0131: \u00a0 Ald\u0131\u011f\u0131 not (yaz\u0131yla):\u00a0\u00a0\u00a0\u00a0\u00a0\u00a0\u00a0\u00a0\u00a0\u00a0\u00a0\u00a0\u00a0\u00a0\u00a0\u00a0\u00a0\u00a0\u00a0\u00a0\u00a0\u00a0\u00a0\u00a0\u00a0\u00a0\u00a0\u00a0\u00a0\u00a0\u00a0\u00a0\u00a0\u00a0\u00a0\u00a0\u00a0\u00a0\u00a0\u00a0\u00a0\u00a0\u00a0\u00a0\u00a0\u00a0\u00a0\u00a0\u00a0\u00a0\u00a0\u00a0\u00a0\u00a0\u00a0\u00a0\u00a0 Ald\u0131\u011f\u0131 not (rakamla):\u00a0\u00a0\u00a0 SORULAR \u0130leti\u015fimin \u00f6nemini ve de\u011ferini g\u00fcnl\u00fck hayat\u0131n\u0131zdan \u00f6rneklerle a\u00e7\u0131klay\u0131n\u0131z. A\u015fa\u011f\u0131da verilen meslek gruplar\u0131 i\u00e7in yaz ay\u0131n\u0131n \u00e7a\u011fr\u0131\u015ft\u0131rd\u0131\u011f\u0131 kavramlar\u0131 yaz\u0131n\u0131z. dondurmac\u0131, \u00f6\u011frenci,\u00a0\u00a0oduncu, \u00e7ift\u00e7i Konu\u015fma dili ile yaz\u0131 dili aras\u0131ndaki farklar\u0131 yaz\u0131n\u0131z. &#8230; <a title=\"9.s\u0131n\u0131f dil ve anlat\u0131m 1.d\u00f6nem 1.yaz\u0131l\u0131 sorular\u0131 ve cevaplar\u0131 2014-2015\" class=\"read-more\" href=\"https:\/\/www.sorubak.com\/blog\/9-sinif-dil-ve-anlatim-1-donem-1-yazili-sorulari-ve-cevaplari-2014-2015.html\" aria-label=\"More on 9.s\u0131n\u0131f dil ve anlat\u0131m 1.d\u00f6nem 1.yaz\u0131l\u0131 sorular\u0131 ve cevaplar\u0131 2014-2015\">Devam\u0131n\u0131 oku&#8230;<\/a><\/p>\n","protected":false},"author":1686,"featured_media":0,"comment_status":"open","ping_status":"open","sticky":false,"template":"","format":"standard","meta":{"footnotes":""},"categories":[17973,17961,13370],"tags":[17401,19031],"class_list":["post-54030","post","type-post","status-publish","format-standard","hentry","category-dil-anlatim-yazili-sorulari","category-lise-yazili-sorulari","category-yazili-sorulari","tag-9-sinif-dil-ve-anlatim-1-donem-1-yazili-sorulari","tag-9-sinif-dil-ve-anlatim-1-donem-1-yazili-sorulari-2014-2015"],"_links":{"self":[{"href":"https:\/\/www.sorubak.com\/blog\/wp-json\/wp\/v2\/posts\/54030","targetHints":{"allow":["GET"]}}],"collection":[{"href":"https:\/\/www.sorubak.com\/blog\/wp-json\/wp\/v2\/posts"}],"about":[{"href":"https:\/\/www.sorubak.com\/blog\/wp-json\/wp\/v2\/types\/post"}],"author":[{"embeddable":true,"href":"https:\/\/www.sorubak.com\/blog\/wp-json\/wp\/v2\/users\/1686"}],"replies":[{"embeddable":true,"href":"https:\/\/www.sorubak.com\/blog\/wp-json\/wp\/v2\/comments?post=54030"}],"version-history":[{"count":0,"href":"https:\/\/www.sorubak.com\/blog\/wp-json\/wp\/v2\/posts\/54030\/revisions"}],"wp:attachment":[{"href":"https:\/\/www.sorubak.com\/blog\/wp-json\/wp\/v2\/media?parent=54030"}],"wp:term":[{"taxonomy":"category","embeddable":true,"href":"https:\/\/www.sorubak.com\/blog\/wp-json\/wp\/v2\/categories?post=54030"},{"taxonomy":"post_tag","embeddable":true,"href":"https:\/\/www.sorubak.com\/blog\/wp-json\/wp\/v2\/tags?post=54030"}],"curies":[{"name":"wp","href":"https:\/\/api.w.org\/{rel}","templated":true}]}}