{"id":53922,"date":"2014-10-15T22:02:30","date_gmt":"2014-10-15T19:02:30","guid":{"rendered":"http:\/\/www.sorubak.com\/blog\/?p=53922"},"modified":"2014-10-15T21:03:49","modified_gmt":"2014-10-15T18:03:49","slug":"cumhuriyet-bayrami-ile-ilgili-kutlama-programi-2014-2015","status":"publish","type":"post","link":"https:\/\/www.sorubak.com\/blog\/cumhuriyet-bayrami-ile-ilgili-kutlama-programi-2014-2015.html","title":{"rendered":"cumhuriyet bayram\u0131 ile ilgili kutlama program\u0131 2014-2015"},"content":{"rendered":"<p><strong>APAYDIN \u00a0\u0130LK VE ORTA OKULU \u00a02014-2015 E\u011e\u0130T\u0130M \u00d6\u011eRET\u0130M YILI<\/strong><\/p>\n<p><strong>29 EK\u0130M CUMHUR\u0130YET BAYRAMI KUTLAMA PROGRAMI<\/strong><\/p>\n<p>Bug\u00fcn burada, T\u00fcrk ulusunun yarad\u0131l\u0131\u015f\u0131na ve bilgisine en uygun y\u00f6netim \u015fekli olan cumhuriyetimizin 91. y\u0131ld\u00f6n\u00fcm\u00fcn\u00fc kutlamak \u00fczere toplanm\u0131\u015f bulunuyoruz.<\/p>\n<p>&nbsp;<\/p>\n<p>Program ak\u0131\u015f\u0131n\u0131 arz ediyorum.<\/p>\n<ul>\n<li>Sayg\u0131 duru\u015fu ve \u0130stiklal Mar\u015f\u0131n\u0131n okunmas\u0131,<\/li>\n<li>G\u00fcn\u00fcn anlam \u00f6nemini belirten konu\u015fma,<\/li>\n<li>\u015eiirlerin okunmas\u0131.<\/li>\n<\/ul>\n<p>&nbsp;<\/p>\n<p>Sizleri,ba\u015fta b\u00fcy\u00fck \u00f6nder Gazi Mustafa Kemal ATAT\u00dcRK ile \u015fehitlerimiz ve ebediyete intikal eden \u00f6\u011fretmenler i\u00e7in 1 dakikal\u0131k sayg\u0131 duru\u015funa, ard\u0131ndan \u0130stiklal Mar\u015f\u0131\u2019n\u0131 s\u00f6ylemeye davet ediyorum.<\/p>\n<p>&nbsp;<\/p>\n<p>&nbsp;<br \/>\nOkulumuz M\u00fcd\u00fcr\u00fc Say\u0131n Bekir ARACI\u2019 y\u0131 g\u00fcn\u00fcn anlam ve \u00f6nemini belirten konu\u015fmas\u0131n\u0131 yapmak \u00fczere k\u00fcrs\u00fcye davet ediyorum.<br \/>\n&nbsp;<\/p>\n<p>Okulumuz 6-A \u00f6\u011frencilerinden Nezafet \u00c7A\u011eTAY\u2019\u0131\u00a0 \u2018\u2018Akdeniz\u2019e Do\u011fru\u2019\u2019 \u00a0adl\u0131 \u015fiiri okumak \u00fczere davet ediyorum.<\/p>\n<p>&nbsp;<\/p>\n<p>&nbsp;<\/p>\n<p>&#8220;Sizler, yani yeni T\u00fcrkiye&#8217;nin gen\u00e7 evlatlar\u0131! Yorulsan\u0131z dahi beni takip edeceksiniz&#8230; Dinlenmemek \u00fczere y\u00fcr\u00fcmeye karar verenler, asla ve asla yorulmazlar. T\u00fcrk Gen\u00e7li\u011fi gayeye, bizim y\u00fcksek idealimize durmadan, yorulmadan y\u00fcr\u00fcyecektir. &#8221;<\/p>\n<p>4-B s\u0131n\u0131f\u0131 \u00f6\u011frencilerinden Mehmet \u00c7A\u011eTAY \u00a0\u201cCumhuriyet\u201d adl\u0131 \u015fiiri okuyacak.<\/p>\n<p>&nbsp;<\/p>\n<p>&nbsp;<\/p>\n<p>Ey y\u00fckselen yeni nesil! \u0130stikbal sizsiniz. Cumhuriyeti biz kurduk, onu y\u00fckseltecek ve ya\u015fatacak sizsiniz.<br \/>\n6-A s\u0131n\u0131f\u0131 \u00f6\u011frencilerinden Merve G\u00d6KALP \u201c 29 Ekim\u201d adl\u0131 \u015fiirini okuyacak.<br \/>\n5-A s\u0131n\u0131f\u0131 \u00f6\u011frencilerinden Mehdiye \u00c7A\u011eTAY \u00a0\u201cCumhuriyet Bayram\u0131\u201d adl\u0131 \u015fiiri okuyacak.<\/p>\n<p>&nbsp;<\/p>\n<p>3-A s\u0131n\u0131f\u0131 \u00f6\u011frencilerinden Hatice \u0130kbal HAZIRLAR \u201cAtat\u00fcrk ve Cumhuriyet\u201d adl\u0131 \u015fiiri okuyacakt\u0131r.<\/p>\n<p>&nbsp;<\/p>\n<p>Cumhuriyetin 91. Y\u0131l\u0131 m\u00fcnasebetiyle d\u00fczenlenen kutlama program\u0131 sona ermi\u015ftir. Arz ederim<\/p>\n<p>&nbsp;<\/p>\n<p>&nbsp;<\/p>\n<p><a href=\"www.sorubak.com\">www.sorubak.com<\/a><\/p>\n<p>Sunucu: V. Kurtulu\u015f ALABA\u015e<\/p>\n<p>T\u00fcrk\u00e7e \u00d6\u011fretmeni<\/p>\n<p style=\"text-align: center;\">Dok\u00fcman\u0131n G\u00f6rselli Tam Halini \u0130ndirmek i\u00e7in <a href=\"http:\/\/www.sorubak.com\/cumhuriyet-bayrami-ile-ilgili-kutlama-programi-20142015_88054.htm\" target=\"_blank\">TIKLAYINIZ<\/a><\/p>\n","protected":false},"excerpt":{"rendered":"<p>APAYDIN \u00a0\u0130LK VE ORTA OKULU \u00a02014-2015 E\u011e\u0130T\u0130M \u00d6\u011eRET\u0130M YILI 29 EK\u0130M CUMHUR\u0130YET BAYRAMI KUTLAMA PROGRAMI Bug\u00fcn burada, T\u00fcrk ulusunun yarad\u0131l\u0131\u015f\u0131na ve bilgisine en uygun y\u00f6netim \u015fekli olan cumhuriyetimizin 91. y\u0131ld\u00f6n\u00fcm\u00fcn\u00fc kutlamak \u00fczere toplanm\u0131\u015f bulunuyoruz. &nbsp; Program ak\u0131\u015f\u0131n\u0131 arz ediyorum. Sayg\u0131 duru\u015fu ve \u0130stiklal Mar\u015f\u0131n\u0131n okunmas\u0131, G\u00fcn\u00fcn anlam \u00f6nemini belirten konu\u015fma, \u015eiirlerin okunmas\u0131. &nbsp; Sizleri,ba\u015fta b\u00fcy\u00fck &#8230; <a title=\"cumhuriyet bayram\u0131 ile ilgili kutlama program\u0131 2014-2015\" class=\"read-more\" href=\"https:\/\/www.sorubak.com\/blog\/cumhuriyet-bayrami-ile-ilgili-kutlama-programi-2014-2015.html\" aria-label=\"More on cumhuriyet bayram\u0131 ile ilgili kutlama program\u0131 2014-2015\">Devam\u0131n\u0131 oku&#8230;<\/a><\/p>\n","protected":false},"author":1686,"featured_media":0,"comment_status":"open","ping_status":"open","sticky":false,"template":"","format":"standard","meta":{"footnotes":""},"categories":[13073],"tags":[18985,18984,18986],"class_list":["post-53922","post","type-post","status-publish","format-standard","hentry","category-belirli-gun-ve-haftalar","tag-cumhuriyet-bayrami-ile-ilgili-kutlama-programi","tag-cumhuriyet-bayrami-ile-ilgili-kutlama-programi-2014-2015","tag-cumhuriyet-bayrami-kutlama-programi"],"_links":{"self":[{"href":"https:\/\/www.sorubak.com\/blog\/wp-json\/wp\/v2\/posts\/53922","targetHints":{"allow":["GET"]}}],"collection":[{"href":"https:\/\/www.sorubak.com\/blog\/wp-json\/wp\/v2\/posts"}],"about":[{"href":"https:\/\/www.sorubak.com\/blog\/wp-json\/wp\/v2\/types\/post"}],"author":[{"embeddable":true,"href":"https:\/\/www.sorubak.com\/blog\/wp-json\/wp\/v2\/users\/1686"}],"replies":[{"embeddable":true,"href":"https:\/\/www.sorubak.com\/blog\/wp-json\/wp\/v2\/comments?post=53922"}],"version-history":[{"count":0,"href":"https:\/\/www.sorubak.com\/blog\/wp-json\/wp\/v2\/posts\/53922\/revisions"}],"wp:attachment":[{"href":"https:\/\/www.sorubak.com\/blog\/wp-json\/wp\/v2\/media?parent=53922"}],"wp:term":[{"taxonomy":"category","embeddable":true,"href":"https:\/\/www.sorubak.com\/blog\/wp-json\/wp\/v2\/categories?post=53922"},{"taxonomy":"post_tag","embeddable":true,"href":"https:\/\/www.sorubak.com\/blog\/wp-json\/wp\/v2\/tags?post=53922"}],"curies":[{"name":"wp","href":"https:\/\/api.w.org\/{rel}","templated":true}]}}