{"id":53920,"date":"2014-10-15T21:02:18","date_gmt":"2014-10-15T18:02:18","guid":{"rendered":"http:\/\/www.sorubak.com\/blog\/?p=53920"},"modified":"2014-10-15T21:02:18","modified_gmt":"2014-10-15T18:02:18","slug":"29-ekim-ogretmen-konusma-metni","status":"publish","type":"post","link":"https:\/\/www.sorubak.com\/blog\/29-ekim-ogretmen-konusma-metni.html","title":{"rendered":"29 Ekim \u00d6\u011fretmen konu\u015fma metni"},"content":{"rendered":"<p>SAYIN M\u00dcD\u00dcR\u00dcM DE\u011eERL\u0130 MESA\u0130 ARKADA\u015eLARIM, KIYMETL\u0130 M\u0130SAF\u0130RLER SEVG\u0130L\u0130 \u00d6\u011eRENC\u0130LER\u0130M<\/p>\n<p>Bug\u00fczel g\u00fcnde, Koca tarihin ve \u015fu g\u00f6k kubbenin \u015fahitli\u011finde,<\/p>\n<p>Bir\u00e7ok y\u0131k\u0131l\u0131\u015fa ve dirili\u015fe \u015fahit olmu\u015f\u00a0 Ceddimizin ve ba\u015fta Mustafa Kemal Atat\u00fcrk olmak \u00fczere son devletimizi kuranlar\u0131n manevi huzurunda,<\/p>\n<p>Devleti kuranlara, \u00a0\u015fimdi topra\u011f\u0131n alt\u0131nda ya da \u00fcst\u00fcnde olanlara \u015f\u00fckran hislerimizi ifade etmek i\u00e7in, Devletimizin en b\u00fcy\u00fck g\u00fcn\u00fcn\u00fc \u00a0yani\u00a0\u00a0\u00a0\u00a0 Cumhuriyetimizin 91. y\u0131l\u0131n\u0131 kutlamak i\u00e7in topland\u0131k.<\/p>\n<p><strong>Bayram\u0131m\u0131z hepimize kutlu olsun.<\/strong><\/p>\n<p><strong>Durmadan dalgalan \u015fanl\u0131 bayra\u011f\u0131m,<\/strong><\/p>\n<p><strong>Yurdumun en b\u00fcy\u00fck bayram\u0131 bug\u00fcn.<\/strong><\/p>\n<p><strong>Ufuklar g\u00fcl a\u00e7s\u0131n, g\u00fcls\u00fcn topra\u011f\u0131m,<\/strong><\/p>\n<p><strong>Yurdumun en b\u00fcy\u00fck bayram\u0131 bug\u00fcn<\/strong><strong>.<\/strong><\/p>\n<p><strong>\u00a0<\/strong><\/p>\n<p>Devletimizin en b\u00fcy\u00fck g\u00fcn\u00fc en b\u00fcy\u00fck bayram\u0131, yurt d\u0131\u015f\u0131nda uluslar aras\u0131 temsilciliklerimizde kutlanan tek bayram\u0131m\u0131z..<\/p>\n<p>&nbsp;<\/p>\n<p>Cumhuriyet Bayram\u0131n\u0131n iki \u00f6nemli anlam\u0131 vard\u0131r: Birincisi her taraftan d\u00fc\u015fman i\u015fgaline u\u011frayan Anadolu\u2019nun i\u015fgalcilerden kurtulmas\u0131, ikincisi de demokratik bir cumhuriyetin ilan edilmesidir.<\/p>\n<p>&nbsp;<\/p>\n<p><strong>19 May\u0131s 1919\u2019da Atat\u00fcrk\u2019\u00fcn Samsun\u2019a \u00e7\u0131karak Milli M\u00fccadeleyi ba\u015flat\u0131p, 29 Ekim 1923 tarihinde de \u201cT\u00fcrk Milletinin karakterine ve adetlerine en uygun olan idare, Cumhuriyet idaresidir.\u201d diyerek ilan etti\u011fi Cumhuriyet,\u00a0 T\u00fcrk Milletine b\u0131rak\u0131lm\u0131\u015f en b\u00fcy\u00fck miras ve vazge\u00e7ilmez bir de\u011ferdir.<\/strong><\/p>\n<p>&nbsp;<\/p>\n<p>SAYIN M\u00dcD\u00dcR\u00dcM KIYMETL\u0130 M\u0130SAF\u0130RLER<\/p>\n<p>B\u00fcy\u00fck \u00f6nder Atat\u00fcrk\u2019\u00fcn g\u00f6sterdi\u011fi hedefler a\u00e7\u0131s\u0131ndan yapacak \u00e7ok i\u015fimiz var. \u00a0\u00dclkemiz, \u00fczerinde bulundu\u011fu co\u011frafya itibar\u0131 ile politik, stratejik ve ekonomik bir cazibeye sahiptir. Bu nedenledir ki; binlerce y\u0131ld\u0131r bu topraklarda ayn\u0131 bayrak alt\u0131nda ya\u015fayan insanlar \u00fczerinde hep plan \u00fcst\u00fcne plan yap\u0131lm\u0131\u015f, oyun i\u00e7inde oyun oynanm\u0131\u015ft\u0131r.<\/p>\n<p>Bu vatan topra\u011f\u0131n kara ba\u011fr\u0131nda<br \/>\nS\u0131rada\u011flar gibi duranlar\u0131nd\u0131r,<br \/>\nBir tarih boyunca onun u\u011frunda<br \/>\nKendini tarihe verenlerindir.<\/p>\n<p>&nbsp;<\/p>\n<p>T\u00fcrkiye Cumhuriyetini\u00a0 korumak ve kollamak yaln\u0131z konu\u015fmakla, sadece duygusall\u0131kla olmaz. Ben cumhuriyeti ve ba\u011f\u0131ms\u0131zl\u0131\u011f\u0131 seviyorum demek yetmez, ya\u015fad\u0131\u011f\u0131m\u0131z vatan i\u00e7in i\u00e7tenlikle \u00e7al\u0131\u015fmal\u0131y\u0131z, m\u00fccadele etmeliyiz.<\/p>\n<p>Birlikte ya\u015famak ve biz duygusunu iliklerimize kadar hissetmeliyiz.<\/p>\n<p>Hi\u00e7bir olumsuzluk bizi \u00fcmitsizli\u011fe sevk etmemelidir. Birlik ve beraberlik i\u00e7inde, sevgi i\u00e7inde, de\u011ferlerimizin de\u011ferini bilerek \u00e7al\u0131\u015fmal\u0131y\u0131z.<\/p>\n<p>&nbsp;<\/p>\n<p>&nbsp;<\/p>\n<p><strong>Ey Anadolu&#8217;m, g\u00fczel yurdum, T\u00fcrkiye&#8217;m! <\/strong><\/p>\n<p>&nbsp;<\/p>\n<p>Sen bin y\u0131ld\u0131r milletimize Halil \u0130brahim sofras\u0131 oldun.<\/p>\n<p>Biz \u00e7o\u011fald\u0131k\u00e7a sen bereketlendin.<\/p>\n<p>Senin suyunu i\u00e7tik, Senin ekme\u011fini yedik, Senin sofranda beslendik,<\/p>\n<p>Senin h\u00fcr havan\u0131 soluduk.<\/p>\n<p>Bir fincan kahvenin k\u0131rk y\u0131l hat\u0131r\u0131&#8221; varsa ,<\/p>\n<p>Senin , bu bereketli sofran\u0131n &#8220;sonsuza kadar&#8221; hat\u0131r\u0131 vard\u0131r.<\/p>\n<p>Bu sofraya &#8220;ihanet eden&#8221; ya nank\u00f6rd\u00fcr ya da gafildir.<\/p>\n<p><strong>\u00a0\u00a0\u00a0\u00a0\u00a0\u00a0\u00a0\u00a0\u00a0\u00a0\u00a0\u00a0\u00a0\u00a0\u00a0\u00a0\u00a0 Ey Anadolu&#8217;m, g\u00fczel yurdum! <\/strong><\/p>\n<p>&nbsp;<\/p>\n<p>Sen, , kaderi kaderimize benzeyen \u00f6l\u00fcms\u00fcz vatan\u0131m\u0131z&#8230;<\/p>\n<p>Sen bin y\u0131ld\u0131r do\u011fan\u0131m\u0131za be\u015fik, \u00f6lenimize mezar oldun.<\/p>\n<p>Bizler de be\u015fikten mezara kadar sana sahip \u00e7\u0131kaca\u011f\u0131z.<\/p>\n<p><strong>Ey Anadolu\u2019m, G\u00fczel T\u00fcrkiye\u2019m!<\/strong><\/p>\n<p>Bir g\u00fcn bir Ferhat, sendeki bir g\u00fczele sevdaland\u0131.<\/p>\n<p>Bu sevda u\u011fruna da\u011flar\u0131 deldi..<\/p>\n<p>Ey g\u00fczel yurdum! Biz sendeki bir de\u011fil, bin bir g\u00fczelli\u011fe sevdal\u0131y\u0131z\u2026<\/p>\n<p>Senin i\u00e7in da\u011flar\u0131 de\u011fil, \u00e7a\u011flar\u0131 bile deleriz.<\/p>\n<p>U\u011frunda bir de\u011fil bin kere \u00f6l\u00fcr\u00fcz.<\/p>\n<p><a href=\"http:\/\/www.sorubak.com\">www.sorubak.com<\/a><\/p>\n<p style=\"text-align: center;\">Dok\u00fcman\u0131n G\u00f6rselli Tam Halini \u0130ndirmek i\u00e7in <a href=\"http:\/\/www.sorubak.com\/29-ekim-ogretmen-konusma-metni_87893.htm\" target=\"_blank\">TIKLAYINIZ<\/a><\/p>\n","protected":false},"excerpt":{"rendered":"<p>SAYIN M\u00dcD\u00dcR\u00dcM DE\u011eERL\u0130 MESA\u0130 ARKADA\u015eLARIM, KIYMETL\u0130 M\u0130SAF\u0130RLER SEVG\u0130L\u0130 \u00d6\u011eRENC\u0130LER\u0130M Bug\u00fczel g\u00fcnde, Koca tarihin ve \u015fu g\u00f6k kubbenin \u015fahitli\u011finde, Bir\u00e7ok y\u0131k\u0131l\u0131\u015fa ve dirili\u015fe \u015fahit olmu\u015f\u00a0 Ceddimizin ve ba\u015fta Mustafa Kemal Atat\u00fcrk olmak \u00fczere son devletimizi kuranlar\u0131n manevi huzurunda, Devleti kuranlara, \u00a0\u015fimdi topra\u011f\u0131n alt\u0131nda ya da \u00fcst\u00fcnde olanlara \u015f\u00fckran hislerimizi ifade etmek i\u00e7in, Devletimizin en b\u00fcy\u00fck g\u00fcn\u00fcn\u00fc &#8230; <a title=\"29 Ekim \u00d6\u011fretmen konu\u015fma metni\" class=\"read-more\" href=\"https:\/\/www.sorubak.com\/blog\/29-ekim-ogretmen-konusma-metni.html\" aria-label=\"More on 29 Ekim \u00d6\u011fretmen konu\u015fma metni\">Devam\u0131n\u0131 oku&#8230;<\/a><\/p>\n","protected":false},"author":1686,"featured_media":0,"comment_status":"open","ping_status":"open","sticky":false,"template":"","format":"standard","meta":{"footnotes":""},"categories":[13073],"tags":[18982,18983],"class_list":["post-53920","post","type-post","status-publish","format-standard","hentry","category-belirli-gun-ve-haftalar","tag-29-ekim-ogretmen-konusma-metni","tag-cumhuriyet-bayrami-konusma-metni"],"_links":{"self":[{"href":"https:\/\/www.sorubak.com\/blog\/wp-json\/wp\/v2\/posts\/53920","targetHints":{"allow":["GET"]}}],"collection":[{"href":"https:\/\/www.sorubak.com\/blog\/wp-json\/wp\/v2\/posts"}],"about":[{"href":"https:\/\/www.sorubak.com\/blog\/wp-json\/wp\/v2\/types\/post"}],"author":[{"embeddable":true,"href":"https:\/\/www.sorubak.com\/blog\/wp-json\/wp\/v2\/users\/1686"}],"replies":[{"embeddable":true,"href":"https:\/\/www.sorubak.com\/blog\/wp-json\/wp\/v2\/comments?post=53920"}],"version-history":[{"count":0,"href":"https:\/\/www.sorubak.com\/blog\/wp-json\/wp\/v2\/posts\/53920\/revisions"}],"wp:attachment":[{"href":"https:\/\/www.sorubak.com\/blog\/wp-json\/wp\/v2\/media?parent=53920"}],"wp:term":[{"taxonomy":"category","embeddable":true,"href":"https:\/\/www.sorubak.com\/blog\/wp-json\/wp\/v2\/categories?post=53920"},{"taxonomy":"post_tag","embeddable":true,"href":"https:\/\/www.sorubak.com\/blog\/wp-json\/wp\/v2\/tags?post=53920"}],"curies":[{"name":"wp","href":"https:\/\/api.w.org\/{rel}","templated":true}]}}