{"id":52415,"date":"2014-06-01T20:51:30","date_gmt":"2014-06-01T17:51:30","guid":{"rendered":"http:\/\/www.sorubak.com\/blog\/?p=52415"},"modified":"2014-06-01T20:51:30","modified_gmt":"2014-06-01T17:51:30","slug":"9-sinif-cografya-2-donem-3-yazili-sorulari-ve-cevaplari-2013-2014-2","status":"publish","type":"post","link":"https:\/\/www.sorubak.com\/blog\/9-sinif-cografya-2-donem-3-yazili-sorulari-ve-cevaplari-2013-2014-2.html","title":{"rendered":"9 s\u0131n\u0131f co\u011frafya 2 d\u00f6nem 3 yaz\u0131l\u0131 sorular\u0131 ve cevaplar\u0131 2013-2014"},"content":{"rendered":"<p><strong>CO\u011eRAFYA DERS\u0130 9. SINIF 2. D\u00d6NEM 3. YAZILI SORULARI (3) (CEVAP ANAHTARLI)<\/strong><\/p>\n<p><strong>\u2026 \u2013 \u2026\u00a0 E\u011e\u0130T\u0130M VE \u00d6\u011eRET\u0130M YILI \u2026\u2026\u2026..\u2026\u2026\u2026\u2026\u2026..\u2026 OKULU 9\/\u2026 SINIFI<\/strong><\/p>\n<p><strong>CO\u011eRAFYA DERS\u0130 2. D\u00d6NEM 3. YAZILISI<\/strong><\/p>\n<p><strong>Tarih: \u2026\/\u2026\/\u2026\u2026<\/strong><\/p>\n<p><strong>ADI SOYADI:\u2026\u2026\u2026\u2026\u2026\u2026\u2026\u2026\u2026\u2026 NU:\u2026\u2026\u2026\u2026.. PUAN:\u2026\u2026\u2026<\/strong><\/p>\n<p>&nbsp;<\/p>\n<p><strong>Yukar\u0131daki s\u0131cakl\u0131k ve ya\u011f\u0131\u015f grafi\u011fine bakarak a\u015fa\u011f\u0131daki sorular\u0131 yan\u0131tlay\u0131n\u0131z<\/strong><\/p>\n<p>&nbsp;<\/p>\n<p>a)\u00a0\u00a0\u00a0 En \u00e7ok ya\u011f\u0131\u015f hangi ayda olmu\u015ftur: <a href=\"http:\/\/www.sorubak.com\">www.sorubak.com<\/a><\/p>\n<p>&nbsp;<\/p>\n<p>b)\u00a0\u00a0\u00a0 Hangi mevsimde en az ya\u011f\u0131\u015f d\u00fc\u015fmektedir.<\/p>\n<p>&nbsp;<\/p>\n<p>c)\u00a0\u00a0\u00a0 K\u0131\u015f aylar\u0131nda kar ya\u011f\u0131\u015f\u0131 m\u0131 yoksa ya\u011fmur ya\u011f\u0131\u015f\u0131m\u0131 daha \u00e7ok g\u00f6r\u00fcl\u00fcr :<\/p>\n<p>&nbsp;<\/p>\n<p>d)\u00a0\u00a0\u00a0 Bu grafi\u011fin ait oldu\u011fu yerin do\u011fal bitki \u00f6rt\u00fcs\u00fc:<\/p>\n<p>&nbsp;<\/p>\n<p><strong>Yukar\u0131daki s\u0131cakl\u0131k ve ya\u011f\u0131\u015f grafi\u011fine bakarak a\u015fa\u011f\u0131daki sorular\u0131 yan\u0131tlay\u0131n\u0131z.<\/strong><\/p>\n<p>&nbsp;<\/p>\n<p>a)\u00a0\u00a0\u00a0 En \u00e7ok ya\u011f\u0131\u015f hangi mevsimlerde olmaktad\u0131r:<\/p>\n<p>&nbsp;<\/p>\n<p>b)\u00a0\u00a0\u00a0 Bu iklim tipi\u00a0(bilgi yelpazesi.net) d\u00fcnyada nerelerde g\u00f6r\u00fclmektedir:<\/p>\n<p>&nbsp;<\/p>\n<p>c)\u00a0\u00a0\u00a0 Bu grafi\u011fin ait oldu\u011fu yerin do\u011fal bitki \u00f6rt\u00fcs\u00fc<\/p>\n<p>&nbsp;<\/p>\n<p>d)\u00a0\u00a0\u00a0 En s\u0131cak ve en so\u011fuk ay aras\u0131ndaki fark yakla\u015f\u0131k olarak ne kadard\u0131r.<\/p>\n<p>&nbsp;<\/p>\n<p><strong>3. A\u015fa\u011f\u0131daki olaylar\u0131n meydana geldi\u011fi jeolojik d\u00f6nemleri yanlar\u0131na yaz\u0131n\u0131z.<\/strong><\/p>\n<p>&nbsp;<\/p>\n<p>a)\u00a0\u00a0\u00a0 Alp k\u0131vr\u0131mlar\u0131 olu\u015fmu\u015ftur: \u2026\u2026\u2026\u2026\u2026\u2026\u2026\u2026\u2026\u2026\u2026\u2026\u2026\u2026\u2026\u2026\u2026\u2026<\/p>\n<p>&nbsp;<\/p>\n<p>b)\u00a0\u00a0\u00a0 Atlas ve Hint okyanuslar\u0131 belirmi\u015ftir: \u2026\u2026\u2026\u2026\u2026\u2026\u2026\u2026\u2026\u2026\u2026\u2026\u2026..<\/p>\n<p>&nbsp;<\/p>\n<p>c)\u00a0\u00a0\u00a0 Dinozorlar bu devirde ortaya \u00e7\u0131km\u0131\u015ft\u0131r:\u2026\u2026\u2026\u2026\u2026\u2026\u2026\u2026\u2026\u2026\u2026\u2026\u2026<\/p>\n<p>&nbsp;<\/p>\n<p>d)\u00a0\u00a0\u00a0 Hersinyen ve Kaledoniyen s\u0131rada\u011flar\u0131 olu\u015fmu\u015ftur:\u2026\u2026\u2026\u2026\u2026\u2026\u2026\u2026.<\/p>\n<p>&nbsp;<\/p>\n<p>e)\u00a0\u00a0\u00a0 \u0130stanbul ve \u00c7anakkale Bo\u011fazlar\u0131 olu\u015fmu\u015ftur:\u2026\u2026\u2026\u2026\u2026\u2026\u2026\u2026\u2026\u2026\u2026<\/p>\n<p>&nbsp;<\/p>\n<p><strong>4. A\u015fa\u011f\u0131daki tabloyu tamamlay\u0131n\u0131z.<\/strong><\/p>\n<p>&nbsp;<\/p>\n<p><strong>Yukar\u0131daki \u015fekilde g\u00f6sterilen I ve II numaral\u0131 yerlerin adlar\u0131n\u0131 yaz\u0131n\u0131z.<\/strong><\/p>\n<p>&nbsp;<\/p>\n<p><strong>6.\u00a0\u00a0\u00a0 \u00dclkemizde depremin en az oldu\u011fu yerler \u015funlard\u0131r;<\/strong><\/p>\n<p>&nbsp;<\/p>\n<p>a)\u00a0\u00a0\u00a0 \u2026\u2026\u2026\u2026\u2026\u2026\u2026\u2026\u2026\u2026\u2026\u2026\u2026\u2026\u2026\u2026\u2026\u2026\u2026\u2026\u2026\u2026\u2026\u2026\u2026\u2026\u2026\u2026\u2026\u2026\u2026\u2026\u2026\u2026\u2026.<\/p>\n<p>&nbsp;<\/p>\n<p>b)\u00a0\u00a0\u00a0 \u2026\u2026\u2026\u2026\u2026\u2026\u2026\u2026\u2026\u2026\u2026\u2026\u2026\u2026\u2026\u2026\u2026\u2026\u2026\u2026\u2026\u2026\u2026\u2026\u2026\u2026\u2026\u2026\u2026\u2026\u2026\u2026\u2026\u2026\u2026<\/p>\n<p>&nbsp;<\/p>\n<p>c)\u00a0\u00a0\u00a0 \u2026\u2026\u2026\u2026\u2026\u2026\u2026\u2026\u2026\u2026\u2026\u2026\u2026\u2026\u2026\u2026\u2026\u2026\u2026\u2026\u2026\u2026\u2026\u2026\u2026\u2026\u2026\u2026\u2026\u2026\u2026\u2026\u2026\u2026\u2026<\/p>\n<p>&nbsp;<\/p>\n<p><strong>7.\u00a0\u00a0\u00a0 R\u00fczgar a\u015f\u0131nd\u0131rmas\u0131n\u0131n etkili oldu\u011fu sahalarla ilgili \u00f6zellikleri yaz\u0131n\u0131z;<\/strong><\/p>\n<p>&nbsp;<\/p>\n<p>a)\u00a0\u00a0\u00a0 \u2026\u2026\u2026\u2026\u2026\u2026\u2026\u2026\u2026\u2026\u2026\u2026\u2026\u2026\u2026\u2026\u2026\u2026\u2026\u2026\u2026\u2026\u2026\u2026\u2026\u2026\u2026\u2026\u2026\u2026\u2026\u2026\u2026\u2026\u2026.<\/p>\n<p>&nbsp;<\/p>\n<p>b)\u00a0\u00a0\u00a0 \u2026\u2026\u2026\u2026\u2026\u2026\u2026\u2026\u2026\u2026\u2026\u2026\u2026\u2026\u2026\u2026\u2026\u2026\u2026\u2026\u2026\u2026\u2026\u2026\u2026\u2026\u2026\u2026\u2026\u2026\u2026\u2026\u2026\u2026\u2026<\/p>\n<p>&nbsp;<\/p>\n<p>c)\u00a0\u00a0\u00a0 \u2026\u2026\u2026\u2026\u2026\u2026\u2026\u2026\u2026\u2026\u2026\u2026\u2026\u2026\u2026\u2026\u2026\u2026\u2026\u2026\u2026\u2026\u2026\u2026\u2026\u2026\u2026\u2026\u2026\u2026\u2026\u2026\u2026\u2026\u2026<\/p>\n<p>&nbsp;<\/p>\n<p><strong>A\u015fa\u011f\u0131daki sorular\u0131 yukar\u0131daki s\u0131cakl\u0131k ve ya\u011f\u0131\u015f grafi\u011fine g\u00f6re cevaplay\u0131n\u0131z.<\/strong><\/p>\n<p>&nbsp;<\/p>\n<p>a) Bu b\u00f6lgedeki akarsular hangi mevsimde daha az su ta\u015f\u0131r.<\/p>\n<p>&nbsp;<\/p>\n<p>b) Bu b\u00f6lgedeki akarsular\u0131 rejimlerini k\u0131saca a\u00e7\u0131klay\u0131n\u0131z.<strong>\u00a0<\/strong><\/p>\n<p><strong>9.\u00a0 A\u015fa\u011f\u0131daki c\u00fcmlelerde bo\u015f b\u0131rak\u0131lan yerleri tamamlay\u0131n\u0131z.<\/strong><\/p>\n<p>&nbsp;<\/p>\n<p>a)\u00a0\u00a0\u00a0 Bir akarsuyun kollar\u0131 ile birlikte sular\u0131n\u0131 toplam\u0131\u015f oldu\u011fu alana \u2026\u2026\u2026\u2026\u2026\u2026\u2026\u2026. ad\u0131 verilir.<\/p>\n<p>&nbsp;<\/p>\n<p>b)\u00a0\u00a0\u00a0 Bir akarsuyun\u00a0(bilgi yelpazesi.net) sular\u0131n\u0131 denize veya g\u00f6le ula\u015ft\u0131rd\u0131\u011f\u0131 yere \u2026\u2026\u2026\u2026\u2026\u2026\u2026\u2026\u2026\u2026\u2026.. ad\u0131 verilir.<\/p>\n<p>&nbsp;<\/p>\n<p>c)\u00a0\u00a0\u00a0 R\u00fczgar\u0131n ta\u015f\u0131d\u0131\u011f\u0131 ince boyuttaki malzemeleri h\u0131z\u0131n\u0131n azald\u0131\u011f\u0131 yerde biriktirmesiyle olu\u015fan depolara \u2026\u2026\u2026\u2026\u2026\u2026\u2026\u2026\u2026\u2026. denir.<\/p>\n<p>&nbsp;<\/p>\n<p>d)\u00a0\u00a0\u00a0 Volkanlar\u0131n tepe k\u0131sm\u0131n\u0131n \u00e7\u00f6kmesi ya da patlayarak par\u00e7alanmas\u0131yla olu\u015fan \u00e7ukurlu\u011fa \u2026\u2026\u2026\u2026\u2026\u2026\u2026\u2026\u2026\u2026\u2026\u2026\u2026 ad\u0131 verilir.<\/p>\n<p>&nbsp;<\/p>\n<p><strong>Not: ilk<\/strong>\u00a08 soru 10 puan, 9. soru 20 puan olmak \u00fczere 100 puan. HERKESE BA\u015eARILAR<\/p>\n<p>&nbsp;<\/p>\n<p><strong>CEVAP ANAHTARI<\/strong><\/p>\n<p>&nbsp;<\/p>\n<p>a) \u00a0\u00a0 En fazla ya\u011f\u0131\u015f ocak ay\u0131nda olmaktad\u0131r<\/p>\n<p>b)\u00a0\u00a0\u00a0 En az ya\u011f\u0131\u015f yaz mevsiminde g\u00f6r\u00fclmektedir<\/p>\n<p>c)\u00a0\u00a0\u00a0 K\u0131\u015f\u0131n ya\u011f\u0131\u015flar ya\u011fmur \u015feklinde olmaktad\u0131r<\/p>\n<p>d)\u00a0\u00a0\u00a0 Do\u011fal bitki \u00f6rt\u00fcs\u00fc makidir<\/p>\n<p><strong>\u00a0<\/strong><\/p>\n<p>a) \u0130lkbahar ve sonbahar aylar\u0131nda d\u00fc\u015fen ya\u011f\u0131\u015flar di\u011fer mevsimlerden fazlad\u0131r.<\/p>\n<p>b)\u00a0\u00a0\u00a0 Amazon havzas\u0131 ve Kongo havzas\u0131<\/p>\n<p>c)\u00a0\u00a0\u00a0 Ormanlar yayg\u0131nd\u0131r<\/p>\n<p>d)\u00a0\u00a0\u00a0 S\u0131cakl\u0131k fark\u0131 azd\u0131r. 4 -50 C civar\u0131ndad\u0131r.<\/p>\n<p><strong>\u00a0<\/strong><\/p>\n<p>a) Alp k\u0131vr\u0131mlar\u0131 olu\u015fmu\u015ftur: III. ZAMAN<\/p>\n<p>b)\u00a0\u00a0\u00a0 Atlas ve Hint okyanuslar\u0131 belirmi\u015ftir: III. ZAMAN<\/p>\n<p>c)\u00a0\u00a0\u00a0 Dinozorlar bu devirde ortaya \u00e7\u0131km\u0131\u015ft\u0131r: II. ZAMAN<\/p>\n<p>d)\u00a0\u00a0\u00a0 Hersinyen ve Kaledoniyen s\u0131rada\u011flar\u0131 olu\u015fmu\u015ftur: I. ZAMAN<\/p>\n<p>e)\u00a0\u00a0\u00a0 \u0130stanbul ve \u00c7anakkale Bo\u011fazlar\u0131 olu\u015fmu\u015ftur: IV. ZAMAN<\/p>\n<p>&nbsp;<\/p>\n<p>Orojenez ( da\u011f olu\u015fumu)<\/p>\n<p>Depremler ( seizma )<\/p>\n<p><strong>\u00a0<\/strong><\/p>\n<p>I. HORST<\/p>\n<p>II.GRABEN<\/p>\n<p>\u00dclkemizde depremin en az oldu\u011fu yerler \u015funlard\u0131r;<\/p>\n<p>a)\u00a0\u00a0\u00a0 Konya ve \u00e7evresi<\/p>\n<p>b)\u00a0\u00a0\u00a0 Mardin \u2013 \u015e\u0131rnak E\u015fi\u011fi<\/p>\n<p>c)\u00a0\u00a0\u00a0 Mersin Anamur \u00c7evresi<\/p>\n<p><strong>\u00a0<\/strong><\/p>\n<p><strong>7.\u00a0\u00a0\u00a0\u00a0<\/strong>R\u00fczgar a\u015f\u0131nd\u0131rmas\u0131n\u0131n etkili oldu\u011fu sahalarla ilgili \u00f6zellikleri yaz\u0131n\u0131z;<\/p>\n<p>a)\u00a0\u00a0\u00a0 Ya\u011f\u0131\u015f miktar\u0131n\u0131n az olmas\u0131<\/p>\n<p>b)\u00a0\u00a0\u00a0 Topra\u011f\u0131n kuru ve taneli olmas\u0131<\/p>\n<p>c)\u00a0\u00a0\u00a0 Bitki \u00f6rt\u00fcs\u00fcn\u00fcn c\u0131l\u0131z olmas\u0131<\/p>\n<p><strong>\u00a0<\/strong><\/p>\n<p>a) bu b\u00f6lgedeki akarsular k\u0131\u015f mevsiminde kar ya\u011f\u0131\u015flar\u0131ndan dolay\u0131 daha az su ta\u015f\u0131r<\/p>\n<p>b) b\u00f6lgede akmakta\u00a0(bilgi yelpazesi.net) olan akarsular d\u00fczensiz bir ya\u011f\u0131\u015f rejimine sahiptirler .ilkbahar ve yaz aylar\u0131nda ta\u015f\u0131d\u0131klar\u0131 su miktar\u0131 di\u011fer mevsimlere g\u00f6re fazlad\u0131r.<\/p>\n<p><strong>\u00a0<\/strong><\/p>\n<p>a) Bir akarsuyun kollar\u0131 ile birlikte sular\u0131n\u0131 toplam\u0131\u015f oldu\u011fu alana HAVZA ad\u0131\u00a0 verilir.<\/p>\n<p>b)\u00a0\u00a0\u00a0 Bir akarsuyun sular\u0131n\u0131 denize veya g\u00f6le ula\u015ft\u0131rd\u0131\u011f\u0131 yere A\u011eIZ ad\u0131 verilir.<\/p>\n<p>c)\u00a0\u00a0\u00a0 R\u00fczgar\u0131n ta\u015f\u0131d\u0131\u011f\u0131 ince boyuttaki malzemeleri h\u0131z\u0131n\u0131n azald\u0131\u011f\u0131 yerde biriktirmesiyle olu\u015fan depolara L\u00d6SLER denir.<\/p>\n<p>d)\u00a0\u00a0\u00a0 Volkanlar\u0131n tepe k\u0131sm\u0131n\u0131n \u00e7\u00f6kmesi ya da patlayarak par\u00e7alanmas\u0131yla olu\u015fan \u00e7ukurlu\u011fa KRATER ad\u0131 verilir.<\/p>\n<p style=\"text-align: center;\">Dok\u00fcman\u0131n G\u00f6rselli Tam Halini \u0130ndirmek i\u00e7in <a href=\"http:\/\/www.sorubak.com\/9-sinif-cografya-2-donem-3-yazili-sorulari-20132014_83567.htm\" target=\"_blank\">TIKLAYINIZ<\/a><\/p>\n","protected":false},"excerpt":{"rendered":"<p>CO\u011eRAFYA DERS\u0130 9. SINIF 2. D\u00d6NEM 3. YAZILI SORULARI (3) (CEVAP ANAHTARLI) \u2026 \u2013 \u2026\u00a0 E\u011e\u0130T\u0130M VE \u00d6\u011eRET\u0130M YILI \u2026\u2026\u2026..\u2026\u2026\u2026\u2026\u2026..\u2026 OKULU 9\/\u2026 SINIFI CO\u011eRAFYA DERS\u0130 2. D\u00d6NEM 3. YAZILISI Tarih: \u2026\/\u2026\/\u2026\u2026 ADI SOYADI:\u2026\u2026\u2026\u2026\u2026\u2026\u2026\u2026\u2026\u2026 NU:\u2026\u2026\u2026\u2026.. PUAN:\u2026\u2026\u2026 &nbsp; Yukar\u0131daki s\u0131cakl\u0131k ve ya\u011f\u0131\u015f grafi\u011fine bakarak a\u015fa\u011f\u0131daki sorular\u0131 yan\u0131tlay\u0131n\u0131z &nbsp; a)\u00a0\u00a0\u00a0 En \u00e7ok ya\u011f\u0131\u015f hangi ayda olmu\u015ftur: www.sorubak.com &nbsp; &#8230; <a title=\"9 s\u0131n\u0131f co\u011frafya 2 d\u00f6nem 3 yaz\u0131l\u0131 sorular\u0131 ve cevaplar\u0131 2013-2014\" class=\"read-more\" href=\"https:\/\/www.sorubak.com\/blog\/9-sinif-cografya-2-donem-3-yazili-sorulari-ve-cevaplari-2013-2014-2.html\" aria-label=\"More on 9 s\u0131n\u0131f co\u011frafya 2 d\u00f6nem 3 yaz\u0131l\u0131 sorular\u0131 ve cevaplar\u0131 2013-2014\">Devam\u0131n\u0131 oku&#8230;<\/a><\/p>\n","protected":false},"author":1686,"featured_media":0,"comment_status":"open","ping_status":"open","sticky":false,"template":"","format":"standard","meta":{"footnotes":""},"categories":[17974,17961,13370],"tags":[18572,18571],"class_list":["post-52415","post","type-post","status-publish","format-standard","hentry","category-cografya-yazili-sorulari","category-lise-yazili-sorulari","category-yazili-sorulari","tag-9-sinif-cografya-2-donem-3-yazili-sorulari","tag-9-sinif-cografya-2-donem-3-yazili-sorulari-2013-2014"],"_links":{"self":[{"href":"https:\/\/www.sorubak.com\/blog\/wp-json\/wp\/v2\/posts\/52415","targetHints":{"allow":["GET"]}}],"collection":[{"href":"https:\/\/www.sorubak.com\/blog\/wp-json\/wp\/v2\/posts"}],"about":[{"href":"https:\/\/www.sorubak.com\/blog\/wp-json\/wp\/v2\/types\/post"}],"author":[{"embeddable":true,"href":"https:\/\/www.sorubak.com\/blog\/wp-json\/wp\/v2\/users\/1686"}],"replies":[{"embeddable":true,"href":"https:\/\/www.sorubak.com\/blog\/wp-json\/wp\/v2\/comments?post=52415"}],"version-history":[{"count":0,"href":"https:\/\/www.sorubak.com\/blog\/wp-json\/wp\/v2\/posts\/52415\/revisions"}],"wp:attachment":[{"href":"https:\/\/www.sorubak.com\/blog\/wp-json\/wp\/v2\/media?parent=52415"}],"wp:term":[{"taxonomy":"category","embeddable":true,"href":"https:\/\/www.sorubak.com\/blog\/wp-json\/wp\/v2\/categories?post=52415"},{"taxonomy":"post_tag","embeddable":true,"href":"https:\/\/www.sorubak.com\/blog\/wp-json\/wp\/v2\/tags?post=52415"}],"curies":[{"name":"wp","href":"https:\/\/api.w.org\/{rel}","templated":true}]}}