{"id":52399,"date":"2014-05-30T13:07:47","date_gmt":"2014-05-30T10:07:47","guid":{"rendered":"http:\/\/www.sorubak.com\/blog\/?p=52399"},"modified":"2014-05-30T13:10:08","modified_gmt":"2014-05-30T10:10:08","slug":"2014-2014-meb-calisma-takvimi","status":"publish","type":"post","link":"https:\/\/www.sorubak.com\/blog\/2014-2014-meb-calisma-takvimi.html","title":{"rendered":"2014-2015 MEB \u00c7al\u0131\u015fma Takvimi"},"content":{"rendered":"<p style=\"color: #000000;\">Milli E\u011fitim Bakanl\u0131\u011f\u0131 (<b>MEB<\/b>), gelecek e\u011fitim \u00f6\u011fretim y\u0131l\u0131n\u0131n \u00e7al\u0131\u015fma takvimini yay\u0131mlad\u0131.<\/p>\n<p style=\"color: #000000;\"><a href=\"https:\/\/www.sorubak.com\/blog\/wp-content\/uploads\/2013\/07\/logoaio.png\"><img loading=\"lazy\" decoding=\"async\" class=\"alignleft size-full wp-image-43143\" src=\"https:\/\/www.sorubak.com\/blog\/wp-content\/uploads\/2013\/07\/logoaio.png\" alt=\"meb\" width=\"130\" height=\"130\" \/><\/a>MEB, \u00e7al\u0131\u015fma takvimine ili\u015fkin haz\u0131rlanan genelgeyi illere g\u00f6nderdi. Genelgede, Bakanl\u0131\u011fa ba\u011fl\u0131 her derece ve t\u00fcrdeki e\u011fitim ve \u00f6\u011fretim kurumlar\u0131nda 2014-2015 e\u011fitim ve \u00f6\u011fretim y\u0131l\u0131n\u0131n 15 Eyl\u00fcl 2014 Pazartesi g\u00fcn\u00fc ba\u015flayaca\u011f\u0131, Orta\u00f6\u011fretim Genel M\u00fcd\u00fcrl\u00fc\u011f\u00fcn\u00fcn ge\u00e7en sene yay\u0131mlad\u0131\u011f\u0131 genelge ile belirlendi\u011fi hat\u0131rlat\u0131ld\u0131.<\/p>\n<p style=\"color: #000000;\">Bu e\u011fitim ve \u00f6\u011fretim y\u0131l\u0131na ait \u00e7al\u0131\u015fma takviminin, Milli E\u011fitim Bakanl\u0131\u011f\u0131 \u0130lk\u00f6\u011fretim Kurumlar\u0131 ve Orta\u00f6\u011fretim Kurumlar\u0131 Y\u00f6netmelikleri h\u00fck\u00fcmleri do\u011frultusunda belirtilen \u015fekilde d\u00fczenlenmesinin uygun g\u00f6r\u00fcld\u00fc\u011f\u00fc ifade edildi.<\/p>\n<p style=\"color: #000000;\">\u00a0Buna g\u00f6re, 2014-2015 e\u011fitim ve \u00f6\u011fretim y\u0131l\u0131; okul \u00f6ncesi, ilkokul birinci s\u0131n\u0131f, ortaokul ve imam hatip ortaokullar\u0131n\u0131n 5. s\u0131n\u0131flar\u0131ndaki \u00f6\u011frencilerin e\u011fitim ve \u00f6\u011fretime haz\u0131rlanmas\u0131 8-12 Eyl\u00fcl 2014 tarihleri aras\u0131nda yap\u0131lacak.<\/p>\n<p style=\"color: #000000;\">\u00a0Birinci kanaat d\u00f6nemi, 15 Eyl\u00fcl 2014 Pazartesi ba\u015flayacak ve 23 Ocak 2015 Cuma sona erecek. Yar\u0131 y\u0131l tatili, 26 Ocak-6 \u015eubat 2015&#8217;te yap\u0131lacak.<\/p>\n<p style=\"color: #000000;\">\u00a0\u0130kinci kanaat d\u00f6nemi, 09 \u015eubat 2015 Pazartesi ba\u015flayacak ve 12 Haziran 2015 g\u00fcn\u00fc sona erecek.<\/p>\n<p style=\"color: #000000;\">\u00a0<b>\u00e7al\u0131\u015fma takvimi<\/b>, bu tarihler dikkate al\u0131narak, &#8220;Milli E\u011fitim Bakanl\u0131\u011f\u0131 \u00d6rg\u00fcn ve Yayg\u0131n E\u011fitim Kurumlar\u0131n\u0131n \u00c7al\u0131\u015fma Takvimi&#8221; \u00f6rne\u011fi esaslar\u0131na g\u00f6re valiliklerce d\u00fczenlenecek.<\/p>\n<p style=\"color: #000000;\">\u00a02015-2016 e\u011fitim ve \u00f6\u011fretim y\u0131l\u0131 14 Eyl\u00fcl 2015 Pazartesi g\u00fcn\u00fc ba\u015flayacak.<\/p>\n","protected":false},"excerpt":{"rendered":"<p>Milli E\u011fitim Bakanl\u0131\u011f\u0131 (MEB), gelecek e\u011fitim \u00f6\u011fretim y\u0131l\u0131n\u0131n \u00e7al\u0131\u015fma takvimini yay\u0131mlad\u0131. MEB, \u00e7al\u0131\u015fma takvimine ili\u015fkin haz\u0131rlanan genelgeyi illere g\u00f6nderdi. Genelgede, Bakanl\u0131\u011fa ba\u011fl\u0131 her derece ve t\u00fcrdeki e\u011fitim ve \u00f6\u011fretim kurumlar\u0131nda 2014-2015 e\u011fitim ve \u00f6\u011fretim y\u0131l\u0131n\u0131n 15 Eyl\u00fcl 2014 Pazartesi g\u00fcn\u00fc ba\u015flayaca\u011f\u0131, Orta\u00f6\u011fretim Genel M\u00fcd\u00fcrl\u00fc\u011f\u00fcn\u00fcn ge\u00e7en sene yay\u0131mlad\u0131\u011f\u0131 genelge ile belirlendi\u011fi hat\u0131rlat\u0131ld\u0131. Bu e\u011fitim ve \u00f6\u011fretim &#8230; <a title=\"2014-2015 MEB \u00c7al\u0131\u015fma Takvimi\" class=\"read-more\" href=\"https:\/\/www.sorubak.com\/blog\/2014-2014-meb-calisma-takvimi.html\" aria-label=\"More on 2014-2015 MEB \u00c7al\u0131\u015fma Takvimi\">Devam\u0131n\u0131 oku&#8230;<\/a><\/p>\n","protected":false},"author":1,"featured_media":0,"comment_status":"open","ping_status":"open","sticky":false,"template":"","format":"standard","meta":{"footnotes":""},"categories":[13484],"tags":[],"class_list":["post-52399","post","type-post","status-publish","format-standard","hentry","category-meb"],"_links":{"self":[{"href":"https:\/\/www.sorubak.com\/blog\/wp-json\/wp\/v2\/posts\/52399","targetHints":{"allow":["GET"]}}],"collection":[{"href":"https:\/\/www.sorubak.com\/blog\/wp-json\/wp\/v2\/posts"}],"about":[{"href":"https:\/\/www.sorubak.com\/blog\/wp-json\/wp\/v2\/types\/post"}],"author":[{"embeddable":true,"href":"https:\/\/www.sorubak.com\/blog\/wp-json\/wp\/v2\/users\/1"}],"replies":[{"embeddable":true,"href":"https:\/\/www.sorubak.com\/blog\/wp-json\/wp\/v2\/comments?post=52399"}],"version-history":[{"count":0,"href":"https:\/\/www.sorubak.com\/blog\/wp-json\/wp\/v2\/posts\/52399\/revisions"}],"wp:attachment":[{"href":"https:\/\/www.sorubak.com\/blog\/wp-json\/wp\/v2\/media?parent=52399"}],"wp:term":[{"taxonomy":"category","embeddable":true,"href":"https:\/\/www.sorubak.com\/blog\/wp-json\/wp\/v2\/categories?post=52399"},{"taxonomy":"post_tag","embeddable":true,"href":"https:\/\/www.sorubak.com\/blog\/wp-json\/wp\/v2\/tags?post=52399"}],"curies":[{"name":"wp","href":"https:\/\/api.w.org\/{rel}","templated":true}]}}