{"id":51939,"date":"2014-05-07T22:36:02","date_gmt":"2014-05-07T19:36:02","guid":{"rendered":"http:\/\/www.sorubak.com\/blog\/?p=51939"},"modified":"2014-05-07T22:36:02","modified_gmt":"2014-05-07T19:36:02","slug":"9-sinif-cografya-2-donem-2-yazili-sorulari-2013-2014-2","status":"publish","type":"post","link":"https:\/\/www.sorubak.com\/blog\/9-sinif-cografya-2-donem-2-yazili-sorulari-2013-2014-2.html","title":{"rendered":"9 s\u0131n\u0131f co\u011frafya 2 d\u00f6nem 2 yaz\u0131l\u0131 sorular\u0131 2013-2014"},"content":{"rendered":"<p><strong>2013-2014 E\u011fitim-\u00d6\u011fretim Y\u0131l\u0131 \u00c7ine Anadolu \u00d6\u011fretmen Lisesi<\/strong><\/p>\n<p><strong>Co\u011frafya Dersi 9.S\u0131n\u0131flar 2.D\u00f6nem 2.S\u0131nav Sorular\u0131d\u0131r.<\/strong><\/p>\n<p><strong>1-<\/strong> A\u015fa\u011f\u0131daki se\u00e7eneklerde enlem de\u011ferleri verilen merkezlerden havalanan ve e\u015fit h\u0131zda, yerden e\u015fit y\u00fckseltide bat\u0131ya do\u011fru hareket eden u\u00e7aklardan hangisi D\u00fcnya \u00e7evresindeki turunu <strong><em>ilk \u00f6nce<\/em><\/strong> tamamlar?<\/p>\n<p>A-\u00a0 1<sup>0 <\/sup>Kuzey\u00a0\u00a0\u00a0\u00a0\u00a0\u00a0\u00a0 \u00a0\u00a0\u00a0\u00a0\u00a0C- 30<sup>0 <\/sup>G\u00fcney<\/p>\n<p>B- 45<sup>0 <\/sup>Kuzey\u00a0\u00a0\u00a0\u00a0\u00a0\u00a0 \u00a0\u00a0\u00a0\u00a0\u00a0D- 60<sup>0 <\/sup>G\u00fcney<\/p>\n<p>E- 75<sup>0 <\/sup>Kuzey<\/p>\n<p><strong>2-<\/strong> Bir b\u00f6lgenim izd\u00fc\u015f\u00fcm alan\u0131 ile ger\u00e7ek alan aras\u0131ndaki fark fazla ise, bu b\u00f6lge i\u00e7in a\u015fa\u011f\u0131dakilerden hangisi kesin olarak s\u00f6ylenebilir?<\/p>\n<p>A-Ortalama y\u00fckseltisi azd\u0131r<\/p>\n<p>B-Yer \u015fekillerinin engebesi fazlad\u0131r<\/p>\n<p>C-B\u00f6lge kutuplara yak\u0131n bir yerdedir<\/p>\n<p>D-\u0130zd\u00fc\u015f\u00fcm alan\u0131n\u0131n hesapland\u0131\u011f\u0131 harita konik projeksiyonla \u00e7izilmi\u015ftir<\/p>\n<p>E-B\u00f6lge yer \u015fekilleri bak\u0131m\u0131ndan olduk\u00e7a sadedir<\/p>\n<p><strong>3- <\/strong>D\u00f6nenceler \u00e7evresindeki \u00e7\u00f6llerde karasall\u0131\u011f\u0131n \u015fiddeti ve g\u00fcnl\u00fck s\u0131cakl\u0131k fark\u0131n\u0131n fazla olmas\u0131 a\u015fa\u011f\u0131dakilerden hangisiyle a\u00e7\u0131klan\u0131r?<\/p>\n<p>A-S\u0131cak su ak\u0131nt\u0131lar\u0131n\u0131n etkisiyle<\/p>\n<p>B-Nem oran\u0131n\u0131n az olmas\u0131yla<\/p>\n<p>C-G\u00fcne\u015flenme s\u00fcresinin uzun olmas\u0131yla<\/p>\n<p>D-Do\u011fal bitki \u00f6rt\u00fcs\u00fcn\u00fcn k\u0131sa boylu a\u011fa\u00e7lardan olu\u015fmas\u0131<\/p>\n<p>E-Ortalama y\u00fckseltinin fazla olmas\u0131yla<\/p>\n<p><strong>4-<\/strong> \u00a0\u00a0\u00a0\u00a0I.\u00a0 Havadaki nemin doyma<\/p>\n<p>noktas\u0131na ula\u015fmas\u0131<\/p>\n<p>II.\u00a0 S\u0131cakl\u0131\u011f\u0131n artmas\u0131<\/p>\n<p>III. Havan\u0131n so\u011fumas\u0131<\/p>\n<p>IV. Havan\u0131n y\u00fckselmesi<\/p>\n<p>Ya\u011f\u0131\u015f\u0131n olu\u015fabilmesi i\u00e7in yukar\u0131daki olu\u015fumlarda, olmas\u0131 gereken s\u0131ralama a\u015fa\u011f\u0131dakilerden hangisidir?<\/p>\n<p>A- I,II,IV ve III<\/p>\n<p>B- III,II,IV ve I<\/p>\n<p>C- III,II,I ve IV<\/p>\n<p>D- II,IV,III ve I<\/p>\n<p>E- I,III,IV ve II<\/p>\n<p><strong>5- \u00a0<\/strong>I. Muson\u00a0 II. Ekvatoral\u00a0\u00a0\u00a0\u00a0 III. \u00c7\u00f6l<\/p>\n<p>IV. Akdeniz\u00a0\u00a0\u00a0\u00a0\u00a0\u00a0\u00a0\u00a0\u00a0\u00a0\u00a0\u00a0\u00a0 V. Step<\/p>\n<p>Yukar\u0131da verilen iklim tiplerinden hangisinde ya\u011f\u0131\u015flar\u0131n b\u00fcy\u00fck b\u00f6l\u00fcm\u00fc yaz aylar\u0131nda ger\u00e7ekle\u015fir?<\/p>\n<p>A- I\u00a0\u00a0\u00a0 B- II\u00a0\u00a0\u00a0\u00a0\u00a0\u00a0 C- III\u00a0\u00a0\u00a0\u00a0\u00a0 D- IV\u00a0\u00a0\u00a0 \u00a0\u00a0E-V<\/p>\n<p>&nbsp;<\/p>\n<p><strong>6- <\/strong>A\u015fa\u011f\u0131daki makro klima ve tan\u0131t\u0131c\u0131 bitki \u00f6rt\u00fcs\u00fc e\u015fle\u015ftirmelerinden hangisi <strong><em>yanl\u0131\u015ft\u0131r<\/em><\/strong>?<\/p>\n<p>A-Ekvatoral-Orman<\/p>\n<p>B-Il\u0131man okyanus-Orman<\/p>\n<p>C-Il\u0131man okyanus-Uzun boylu ot topluluklar\u0131<\/p>\n<p>D-\u00c7\u00f6l-Kakt\u00fcs<\/p>\n<p>E-Sert karasal iklim-\u0130\u011fne yaprakl\u0131 orman<\/p>\n<p><strong>7- <\/strong>A\u015fa\u011f\u0131da belirtilen yerlerden hangisinde r\u00fczg\u00e2r\u0131n a\u015f\u0131nd\u0131rma ve biriktirme \u015fekillerinin g\u00f6r\u00fclme olas\u0131l\u0131\u011f\u0131 <strong><em>en azd\u0131r<\/em><\/strong>?<\/p>\n<p>A-Bitki \u00f6rt\u00fcs\u00fcn\u00fcn g\u00fcr oldu\u011fu alanlarda<\/p>\n<p>B-\u00c7\u00f6llerde<\/p>\n<p>C-Ya\u011f\u0131\u015f\u0131n az oldu\u011fu yerlerde<\/p>\n<p>D-karasall\u0131\u011f\u0131n \u00e7ok oldu\u011fu yerlerde<\/p>\n<p>E-Kumlu ve kire\u00e7li k\u0131y\u0131larda<\/p>\n<p><strong>8- <\/strong>K\u0131y\u0131 tiplerinin olu\u015fmas\u0131nda; buzulla\u015fma, dalga hareketleri ve k\u0131y\u0131 gerisindeki yer \u015fekilleri gibi fakt\u00f6rler etkilidir. A\u015fa\u011f\u0131daki k\u0131y\u0131 tiplerinden<\/p>\n<p>hangisinin olu\u015fabilmesi i\u00e7in da\u011flar\u0131n k\u0131y\u0131ya paralel uzanmas\u0131 gereklidir?<\/p>\n<p>A-Enine k\u0131y\u0131lar\u0131n<\/p>\n<p>B-Ria tipi k\u0131y\u0131lar\u0131n<\/p>\n<p>C-Boyuna k\u0131y\u0131lar\u0131n<\/p>\n<p>D-Hali\u00e7li k\u0131y\u0131lar\u0131n<\/p>\n<p>E-Deltal\u0131 k\u0131y\u0131lar\u0131n<\/p>\n<p><strong>9- \u00a0\u00a0\u00a0\u00a0<\/strong>*\u00a0 K\u0131y\u0131 kordonu<\/p>\n<p>*\u00a0 K\u0131y\u0131 oku<\/p>\n<p>*\u00a0 Tombolo<\/p>\n<p>*\u00a0 Lag\u00fcn ( Denizkula\u011f\u0131 )<\/p>\n<p>Yukar\u0131daki k\u0131y\u0131 \u015fekillerinin olu\u015fumunda a\u015fa\u011f\u0131dakilerden hangisi etkilidir?<\/p>\n<p>A-Akarsular\u00a0\u00a0\u00a0\u00a0\u00a0\u00a0\u00a0 B-R\u00fczg\u00e2rlar<\/p>\n<p>C-Buzullar\u00a0\u00a0\u00a0\u00a0\u00a0\u00a0\u00a0\u00a0\u00a0 D-Dalgalar<\/p>\n<p>E-Yeralt\u0131 sular\u0131<\/p>\n<p><strong>10-<\/strong> A\u015fa\u011f\u0131daki k\u0131talar\u0131n hangisinde \u00e7\u00f6l <strong><em>bulunmamaktad\u0131r<\/em><\/strong>?<\/p>\n<p>A- Avrupa\u00a0\u00a0\u00a0\u00a0\u00a0\u00a0\u00a0\u00a0\u00a0\u00a0 C-Amerika<\/p>\n<p>B- Asya\u00a0\u00a0\u00a0\u00a0\u00a0\u00a0\u00a0 \u00a0\u00a0\u00a0\u00a0\u00a0\u00a0\u00a0D-Okyanusya<\/p>\n<p>E-Afrika<\/p>\n<p><strong>11-<\/strong> A\u015fa\u011f\u0131dakilerin hangisinde iklimin etkisi <strong><em>yoktur<\/em><\/strong>?<\/p>\n<p>A-Tar\u0131msal etkinlikler<\/p>\n<p>B-Akarsu rejimleri<\/p>\n<p>C-Turizm olanaklar\u0131<\/p>\n<p>D-Yer \u00e7ekimi<\/p>\n<p>E-Enerji \u00fcretimi<\/p>\n<p><strong>\u00a0<\/strong><\/p>\n<p><strong>\u00a0<\/strong><\/p>\n<p><strong>12- <\/strong>A\u015fa\u011f\u0131dakilerden hangisi g\u00fcne\u015f \u0131\u015f\u0131nlar\u0131n\u0131n d\u00fc\u015fme a\u00e7\u0131s\u0131n\u0131 etkileyen fakt\u00f6rlerden <strong><em>de\u011fildir<\/em><\/strong>?<\/p>\n<p>A-Eksen e\u011fikli\u011fi\u00a0\u00a0\u00a0\u00a0\u00a0\u00a0\u00a0\u00a0 \u00a0C-E\u011fim<\/p>\n<p>B-G\u00fcnl\u00fck hareket\u00a0\u00a0\u00a0\u00a0\u00a0\u00a0 \u00a0\u00a0D-Bak\u0131<\/p>\n<p>E-Al\u00e7ak bas\u0131n\u00e7<\/p>\n<p><strong>13- <\/strong>1\/1.200.000 kesir \u00f6l\u00e7e\u011finin \u00e7izgi \u00f6l\u00e7ek ifadesi a\u015fa\u011f\u0131dakilerden hangisidir?<\/p>\n<p><strong>14-<\/strong> A\u015fa\u011f\u0131daki verilenlerden hangisi atmosferin katmanlar\u0131ndan biri <strong><em>de\u011fildir<\/em><\/strong>?<\/p>\n<p>A- Stratosfer\u00a0\u00a0\u00a0\u00a0\u00a0\u00a0\u00a0\u00a0 \u00a0\u00a0\u00a0\u00a0\u00a0\u00a0C- Troposfer<\/p>\n<p>B- Eksosfer\u00a0\u00a0\u00a0\u00a0\u00a0\u00a0\u00a0\u00a0\u00a0\u00a0\u00a0\u00a0\u00a0\u00a0\u00a0\u00a0 D- Litosfer<\/p>\n<p>E- \u0130yonosfer<\/p>\n<p><strong>15- <\/strong>\u201cAyn\u0131 s\u0131cakl\u0131ktaki noktalar\u0131<\/p>\n<p>birle\u015ftiren e\u011frilerdir.\u201d Yandaki tan\u0131m<\/p>\n<p>a\u015fa\u011f\u0131dakilerden hangisine aittir?<\/p>\n<p>A-\u0130zobar\u00a0\u00a0\u00a0\u00a0\u00a0 B- \u0130zoterm\u00a0\u00a0\u00a0\u00a0 C-\u0130zobat<\/p>\n<p>D-\u0130zoyet\u00a0 \u00a0\u00a0\u00a0 E-\u0130zohips<\/p>\n<p><strong>16- <\/strong><\/p>\n<p>Yukar\u0131da D\u00fcnya\u2019daki s\u00fcrekli dinamik ve termik bas\u0131n\u00e7 alanlar\u0131 g\u00f6sterilmi\u015ftir. Dinamik k\u00f6kenli bas\u0131n\u00e7lar\u0131n olu\u015fmas\u0131n\u0131n temel nedeni a\u015fa\u011f\u0131dakilerden hangisidir?<\/p>\n<p>A-D\u00fcnya\u2019n\u0131n \u015fekli<\/p>\n<p>B-D\u00fcnya\u2019n\u0131n eksen e\u011fikli\u011fi<\/p>\n<p>C-D\u00fcnya\u2019n\u0131n eksen hareketi<\/p>\n<p>D-D\u00fcnya\u2019n\u0131n y\u0131ll\u0131k hareketi<\/p>\n<p>E-Yery\u00fcz\u00fc \u015fekillerinin da\u011f\u0131l\u0131\u015f\u0131<\/p>\n<p><strong>17- <\/strong>A\u015fa\u011f\u0131daki r\u00fczg\u00e2rlardan hangisi s\u00fcrekli r\u00fczg\u00e2rlardan birisidir?<\/p>\n<p>A-F\u00f6n\u00a0\u00a0\u00a0\u00a0\u00a0\u00a0\u00a0\u00a0 B-Meltem\u00a0\u00a0\u00a0\u00a0\u00a0\u00a0\u00a0\u00a0 C-Bora<\/p>\n<p>D-Mistral\u00a0\u00a0\u00a0\u00a0\u00a0 E-Alizeler<\/p>\n<p><strong>18- <\/strong>R\u00fczg\u00e2r\u0131n olu\u015fmas\u0131, \u00f6ncelikle a\u015fa\u011f\u0131dakilerden hangisine ba\u011fl\u0131d\u0131r?<\/p>\n<p>A-Bas\u0131n\u00e7 fark\u0131na\u00a0\u00a0\u00a0\u00a0 C-S\u0131cakl\u0131\u011fa<\/p>\n<p>B-Y\u00fcksekli\u011fe \u00a0\u00a0\u00a0\u00a0\u00a0\u00a0\u00a0\u00a0\u00a0D-Bitki \u00f6rt\u00fcs\u00fcne<\/p>\n<p>E-Deniz etkisine<\/p>\n<p><strong>19- <\/strong>A\u015fa\u011f\u0131da verilen izobar haritalar\u0131n\u0131n hangisinde esen r\u00fczg\u00e2r\u0131n esme y\u00f6n\u00fc kuzeydo\u011fudan g\u00fcneybat\u0131ya do\u011frudur?<\/p>\n<p><strong>\u00a0<\/strong><\/p>\n<p><strong>20- <\/strong><\/p>\n<p>Yukar\u0131daki \u015fekillerde, karan\u0131n al\u00e7al\u0131p, denizlerin seviyesinin y\u00fckselmesiyle olu\u015fan; deniz ilerlemesi (transgresyon) olay\u0131 g\u00f6sterilmi\u015ftir.<\/p>\n<p>A\u015fa\u011f\u0131dakilerden hangisi transgresyonu olu\u015fturan i\u00e7 kuvvettir?<\/p>\n<p>A-Orojenez\u00a0\u00a0\u00a0\u00a0\u00a0\u00a0\u00a0\u00a0\u00a0\u00a0\u00a0\u00a0\u00a0 C-Heyelan<\/p>\n<p>B-Volkanizma\u00a0\u00a0\u00a0\u00a0\u00a0\u00a0\u00a0\u00a0\u00a0 D-\u00c7\u00f6kme depremi<\/p>\n<p>E-Epirojenez<\/p>\n<p><strong>21- <\/strong>A\u015fa\u011f\u0131daki ya\u011f\u0131\u015f ikililerinden hangileri s\u0131cakl\u0131\u011f\u0131n s\u0131f\u0131r derecenin alt\u0131nda oldu\u011fu zamanlarda ger\u00e7ekle\u015fir?<\/p>\n<p>A- \u00c7iy \u2013 Dolu<\/p>\n<p>B- Ya\u011fmur \u2013 Kar<\/p>\n<p>C- K\u0131ra\u011f\u0131 \u2013 K\u0131r\u00e7<\/p>\n<p>D- Kar \u2013 \u00c7iy<\/p>\n<p>E- K\u0131ra\u011f\u0131 \u2013 Ya\u011fmur<\/p>\n<p><strong>22- <\/strong>Bir yerde atmosferde meydana gelen meteorolojik olaylar\u0131n uzun g\u00f6zlemler sonucu ortalama durumuna ne denir?<\/p>\n<p>A-Hava olaylar\u0131\u00a0 \u00a0 C-Hava g\u00f6zlemleri<\/p>\n<p>B-Hava durumu\u00a0 \u00a0\u00a0D-Mevsim\u00a0\u00a0 E-\u0130klim<\/p>\n<p><strong>23- <\/strong>Akdeniz ikliminin g\u00f6r\u00fcld\u00fc\u011f\u00fc b\u00f6lgelerin karakteristik bitki \u00f6rt\u00fcs\u00fc a\u015fa\u011f\u0131dakilerden hangisidir?<\/p>\n<p>A-Savan\u00a0\u00a0\u00a0\u00a0\u00a0\u00a0\u00a0\u00a0 B-Tundra\u00a0\u00a0\u00a0\u00a0\u00a0\u00a0\u00a0\u00a0\u00a0\u00a0 C-Tayga<\/p>\n<p>D-Maki\u00a0\u00a0\u00a0\u00a0\u00a0\u00a0\u00a0\u00a0\u00a0\u00a0\u00a0\u00a0\u00a0\u00a0\u00a0\u00a0 E-Bozk\u0131r<\/p>\n<p><strong>\u00a0<\/strong><\/p>\n<p><strong>24- <\/strong>Boylam a\u015fa\u011f\u0131dakilerden hangisine etki eder?<\/p>\n<p>A- \u0130klim\u00a0\u00a0\u00a0 B-Yerle\u015fme C-Yerel saat<\/p>\n<p>D-Gece g\u00fcnd\u00fcz s\u00fcresi\u00a0 E-Akarsu rejimi<\/p>\n<p><strong>25- <\/strong>A\u015fa\u011f\u0131dakilerden hangisi akarsuyun biriktirmesiyle olu\u015fur?<\/p>\n<p>A- Peribacas\u0131\u00a0\u00a0\u00a0 B-Delta\u00a0\u00a0\u00a0 C-Dev kazan\u0131<\/p>\n<p>D-Vadi\u00a0\u00a0\u00a0\u00a0\u00a0\u00a0\u00a0\u00a0\u00a0\u00a0\u00a0\u00a0\u00a0\u00a0\u00a0\u00a0 E-Menderes<\/p>\n<p><strong>26- <\/strong>Bir g\u00f6zlem istasyonunda \u00f6l\u00e7\u00fclen ger\u00e7ek s\u0131cakl\u0131k 4\u00b0C, deniz seviyesine indirgenmi\u015f s\u0131cakl\u0131k de\u011ferleri ise 18\u00b0C\u2019 dir. Buna g\u00f6re istasyon deniz seviyesinden ka\u00e7 metre y\u00fcksekliktedir?<\/p>\n<p>A-2200m\u00a0\u00a0\u00a0\u00a0\u00a0\u00a0\u00a0\u00a0\u00a0 B-2800m\u00a0 \u00a0\u00a0\u00a0\u00a0\u00a0 C-4200m<\/p>\n<p>D-2400m\u00a0 \u00a0\u00a0\u00a0\u00a0 E-4000m<\/p>\n<p><strong>27- <\/strong>A\u015fa\u011f\u0131daki kuvvetlerden hangisinin enerji kayna\u011f\u0131 di\u011ferlerinden farkl\u0131d\u0131r?<\/p>\n<p>A-Seizma\u00a0\u00a0\u00a0\u00a0\u00a0 B-Dalgalar \u00a0\u00a0 \u00a0\u00a0\u00a0C-Ak\u0131nt\u0131lar<\/p>\n<p>D-R\u00fczg\u00e2rlar\u00a0\u00a0\u00a0\u00a0\u00a0\u00a0\u00a0 E-Yer alt\u0131 sular\u0131<\/p>\n<p><strong>28- <\/strong>\u201cAkarsuyun b\u00fct\u00fcn kollar\u0131yla sular\u0131n\u0131 toplad\u0131\u011f\u0131 alan\u201d Bu tan\u0131m a\u015fa\u011f\u0131daki kavramlardan hangisine aittir?<\/p>\n<p>A-Yerli akarsu<\/p>\n<p>B-Akarsuyun deltas\u0131<\/p>\n<p>C-Yabanc\u0131 akarsu<\/p>\n<p>D-Akarsu havzas\u0131<\/p>\n<p>E-Akarsuyun debisi<\/p>\n<p><strong>29- <\/strong>Bir yerin enlem derecesinden yararlanarak o yerle ilgili<\/p>\n<p>a\u015fa\u011f\u0131dakilerden hangisine <strong><em>ula\u015f\u0131lamaz<\/em><\/strong>?<\/p>\n<p>A-Yerel saati\u00a0\u00a0\u00a0\u00a0\u00a0\u00a0\u00a0\u00a0\u00a0\u00a0\u00a0\u00a0 C-\u0130klim \u00f6zellikleri<\/p>\n<p>B-Kutuplara uzakl\u0131\u011f\u0131 D-Bitki \u00f6rt\u00fcs\u00fc<\/p>\n<p>E-D\u00f6nencelere uzakl\u0131\u011f\u0131<\/p>\n<p><strong>30- <\/strong>A\u015fa\u011f\u0131da verilen kentlerden hangisi liman \u015fehri <strong><em>de\u011fildir<\/em><\/strong>?<\/p>\n<p>A-Mersin\u00a0\u00a0\u00a0\u00a0\u00a0\u00a0 B-Antalya\u00a0\u00a0\u00a0\u00a0\u00a0\u00a0\u00a0\u00a0\u00a0\u00a0 C-\u0130zmir<\/p>\n<p>D-Bal\u0131kesir\u00a0\u00a0\u00a0\u00a0\u00a0\u00a0\u00a0\u00a0\u00a0\u00a0\u00a0\u00a0 E-Samsun<\/p>\n<p><strong>31- <\/strong>A\u015fa\u011f\u0131dakilerden hangisi yerle\u015fmeyi s\u0131n\u0131rland\u0131ran fakt\u00f6rlerden <strong><em>de\u011fildir<\/em><\/strong>?<\/p>\n<p>A-Kutuplar\u00a0\u00a0\u00a0\u00a0\u00a0\u00a0 C-Il\u0131man iklim b\u00f6lgeleri<\/p>\n<p>B-Okyanuslar\u00a0\u00a0 D-Tropikal ormanlar<\/p>\n<p>E-\u00c7\u00f6ller<\/p>\n<p><strong>32- <\/strong>\u0130\u00e7 Anadolu B\u00f6lgesi\u2019nde volkan da\u011flar\u0131 ve volkanik arazi geni\u015f yer tutmaktad\u0131r. A\u015fa\u011f\u0131dakilerden hangisinde, \u0130\u00e7 Anadolu\u2019daki volkanlar birlikte verilmi\u015ftir?<\/p>\n<p>A-Nemrut, Karacada\u011f, K\u00fc\u00e7\u00fck A\u011fr\u0131, Nemrut<\/p>\n<p>B-Erciyes, Melendiz, Hasan Da\u011f\u0131, Karacada\u011f,\u00a0 Karada\u011f<\/p>\n<p>C-Tend\u00fcrek, Karacada\u011f, S\u00fcphan, Erciyes<\/p>\n<p>D-S\u00fcphan, B\u00fcy\u00fck A\u011fr\u0131, Meke, Melendiz, Nemrut<\/p>\n<p>E-Nemrut, Hasan da\u011f\u0131, Tend\u00fcrek, Karada\u011f, Kula<\/p>\n<p><strong>\u00a0<\/strong><\/p>\n<p><strong>33- <\/strong>A\u015fa\u011f\u0131da, olu\u015fumunda d\u0131\u015f kuvvetlerin etkili oldu\u011fu \u00fc\u00e7 farkl\u0131 yer \u015fekli verilmi\u015ftir.<\/p>\n<p>Bu yer \u015fekillerini olu\u015fturan d\u0131\u015f kuvvetler hangisinde do\u011fru olarak verilmi\u015ftir?<\/p>\n<p>I\u00a0\u00a0\u00a0 \u00a0\u00a0\u00a0\u00a0\u00a0\u00a0\u00a0\u00a0\u00a0\u00a0\u00a0 II \u00a0\u00a0\u00a0\u00a0\u00a0\u00a0\u00a0\u00a0\u00a0\u00a0\u00a0\u00a0\u00a0\u00a0 \u00a0\u00a0\u00a0\u00a0\u00a0\u00a0\u00a0III<\/p>\n<p>A) Buzullar\u00a0\u00a0 \u00a0\u00a0Akarsular\u00a0 \u00a0\u00a0\u00a0R\u00fczg\u00e2rlar<\/p>\n<p>B) R\u00fczg\u00e2rlar \u00a0\u00a0Akarsular\u00a0\u00a0 \u00a0\u00a0Dalga<\/p>\n<p>C) Akarsular \u00a0\u00a0R\u00fczg\u00e2rlar\u00a0\u00a0 \u00a0\u00a0Fiziksel<\/p>\n<p>ayr\u0131\u015fma<\/p>\n<p>D) R\u00fczg\u00e2rlar \u00a0\u00a0Buzullar\u00a0\u00a0\u00a0 \u00a0\u00a0\u00a0Akarsular<\/p>\n<p>E) Kimyasal\u00a0 \u00a0\u00a0Dalga\u00a0\u00a0\u00a0\u00a0\u00a0\u00a0\u00a0\u00a0\u00a0\u00a0 Buzullar<\/p>\n<p>ayr\u0131\u015fma<\/p>\n<p>&nbsp;<\/p>\n<p><strong>NOT<\/strong><strong>: 1.soru 4 puan di\u011ferleri 3 puan\u00a0\u00a0\u00a0\u00a0 <\/strong><\/p>\n<p><strong>\u00a0\u00a0\u00a0\u00a0\u00a0\u00a0\u00a0\u00a0\u00a0\u00a0 de\u011ferindedir.<\/strong><\/p>\n<p>&nbsp;<\/p>\n<p><strong><em>B \u00a0\u00a0\u00a0\u00a0A\u00a0 \u00a0\u00a0\u00a0\u015e\u00a0 \u00a0\u00a0\u00a0A \u00a0\u00a0\u00a0\u00a0R \u00a0\u00a0\u00a0\u00a0I \u00a0\u00a0\u00a0\u00a0L \u00a0\u00a0\u00a0\u00a0A \u00a0\u00a0\u00a0\u00a0R<\/em><\/strong><\/p>\n<p>&nbsp;<\/p>\n<p>&nbsp;<\/p>\n<p>ZEK\u0130 G\u00dcRB\u00dcZ<\/p>\n<p>CO\u011eRAFYA \u00d6\u011eRETMEN\u0130<\/p>\n<p style=\"text-align: center;\">Dok\u00fcman\u0131n G\u00f6rselli Tam Halini \u0130ndirmek i\u00e7in <a href=\"http:\/\/www.sorubak.com\/9-sinif-cografya-2-donem-2-yazili-sorulari-20132014_81162.htm\" target=\"_blank\">TIKLAYINIZ<\/a><\/p>\n","protected":false},"excerpt":{"rendered":"<p>2013-2014 E\u011fitim-\u00d6\u011fretim Y\u0131l\u0131 \u00c7ine Anadolu \u00d6\u011fretmen Lisesi Co\u011frafya Dersi 9.S\u0131n\u0131flar 2.D\u00f6nem 2.S\u0131nav Sorular\u0131d\u0131r. 1- A\u015fa\u011f\u0131daki se\u00e7eneklerde enlem de\u011ferleri verilen merkezlerden havalanan ve e\u015fit h\u0131zda, yerden e\u015fit y\u00fckseltide bat\u0131ya do\u011fru hareket eden u\u00e7aklardan hangisi D\u00fcnya \u00e7evresindeki turunu ilk \u00f6nce tamamlar? A-\u00a0 10 Kuzey\u00a0\u00a0\u00a0\u00a0\u00a0\u00a0\u00a0 \u00a0\u00a0\u00a0\u00a0\u00a0C- 300 G\u00fcney B- 450 Kuzey\u00a0\u00a0\u00a0\u00a0\u00a0\u00a0 \u00a0\u00a0\u00a0\u00a0\u00a0D- 600 G\u00fcney E- 750 Kuzey 2- &#8230; <a title=\"9 s\u0131n\u0131f co\u011frafya 2 d\u00f6nem 2 yaz\u0131l\u0131 sorular\u0131 2013-2014\" class=\"read-more\" href=\"https:\/\/www.sorubak.com\/blog\/9-sinif-cografya-2-donem-2-yazili-sorulari-2013-2014-2.html\" aria-label=\"More on 9 s\u0131n\u0131f co\u011frafya 2 d\u00f6nem 2 yaz\u0131l\u0131 sorular\u0131 2013-2014\">Devam\u0131n\u0131 oku&#8230;<\/a><\/p>\n","protected":false},"author":1686,"featured_media":0,"comment_status":"open","ping_status":"open","sticky":false,"template":"","format":"standard","meta":{"footnotes":""},"categories":[17974,17961,13370],"tags":[18348,18347],"class_list":["post-51939","post","type-post","status-publish","format-standard","hentry","category-cografya-yazili-sorulari","category-lise-yazili-sorulari","category-yazili-sorulari","tag-9-sinif-cografya-2-donem-2-yazili-sorulari","tag-9-sinif-cografya-2-donem-2-yazili-sorulari-2013-2014"],"_links":{"self":[{"href":"https:\/\/www.sorubak.com\/blog\/wp-json\/wp\/v2\/posts\/51939","targetHints":{"allow":["GET"]}}],"collection":[{"href":"https:\/\/www.sorubak.com\/blog\/wp-json\/wp\/v2\/posts"}],"about":[{"href":"https:\/\/www.sorubak.com\/blog\/wp-json\/wp\/v2\/types\/post"}],"author":[{"embeddable":true,"href":"https:\/\/www.sorubak.com\/blog\/wp-json\/wp\/v2\/users\/1686"}],"replies":[{"embeddable":true,"href":"https:\/\/www.sorubak.com\/blog\/wp-json\/wp\/v2\/comments?post=51939"}],"version-history":[{"count":0,"href":"https:\/\/www.sorubak.com\/blog\/wp-json\/wp\/v2\/posts\/51939\/revisions"}],"wp:attachment":[{"href":"https:\/\/www.sorubak.com\/blog\/wp-json\/wp\/v2\/media?parent=51939"}],"wp:term":[{"taxonomy":"category","embeddable":true,"href":"https:\/\/www.sorubak.com\/blog\/wp-json\/wp\/v2\/categories?post=51939"},{"taxonomy":"post_tag","embeddable":true,"href":"https:\/\/www.sorubak.com\/blog\/wp-json\/wp\/v2\/tags?post=51939"}],"curies":[{"name":"wp","href":"https:\/\/api.w.org\/{rel}","templated":true}]}}