{"id":50812,"date":"2014-03-11T03:01:37","date_gmt":"2014-03-11T01:01:37","guid":{"rendered":"http:\/\/www.sorubak.com\/blog\/?p=50812"},"modified":"2014-03-10T22:04:24","modified_gmt":"2014-03-10T20:04:24","slug":"5-sinif-din-kulturu-2-donem-1-yazili-sorulari","status":"publish","type":"post","link":"https:\/\/www.sorubak.com\/blog\/5-sinif-din-kulturu-2-donem-1-yazili-sorulari.html","title":{"rendered":"5.s\u0131n\u0131f din k\u00fclt\u00fcr\u00fc 2.d\u00f6nem 1.yaz\u0131l\u0131 sorular\u0131"},"content":{"rendered":"<div>\n<p align=\"center\"><b>2013-2014 \u00a0E\u011e\u0130T\u0130M \u00d6\u011eRET\u0130M YILI &#8230;&#8230;&#8230;&#8230; ORTA OKULU<\/b><\/p>\n<p align=\"center\"><b>D\u0130N K\u00dcLT\u00dcR\u00dc VE AHLAK B\u0130LG\u0130S\u0130 DERS\u0130 5. SINIF II. D\u00d6NEM I. YAZILI YOKLAMA<\/b><\/p>\n<p align=\"center\"><b>SINAV SORULARI<\/b><b>\u00a0<\/b><\/p>\n<p><b>Ad\u0131-Soyad\u0131\u00a0\u00a0\u00a0\u00a0\u00a0\u00a0\u00a0 :\u00a0\u00a0\u00a0\u00a0\u00a0\u00a0\u00a0\u00a0\u00a0\u00a0\u00a0\u00a0\u00a0\u00a0\u00a0\u00a0\u00a0\u00a0\u00a0\u00a0\u00a0\u00a0\u00a0\u00a0\u00a0\u00a0\u00a0\u00a0\u00a0\u00a0\u00a0\u00a0 NOT:<\/b><\/p>\n<p><b>S\u0131n\u0131f\u0131-Numaras\u0131\u00a0\u00a0\u00a0 :\u00a0\u00a0\u00a0\u00a0\u00a0\u00a0\u00a0\u00a0\u00a0\u00a0\u00a0\u00a0\u00a0\u00a0\u00a0\u00a0\u00a0\u00a0\u00a0\u00a0\u00a0\u00a0\u00a0\u00a0\u00a0\u00a0\u00a0\u00a0\u00a0\u00a0\u00a0\u00a0 Tarih: \u2026.\/04\/2013<\/b><b>\u00a0<\/b><\/p>\n<p align=\"center\"><b>S O R U L A R<\/b><\/p>\n<p><b><span style=\"text-decoration: underline;\">A- A\u015fa\u011f\u0131da verilen \u00e7oktan se\u00e7meli sorular\u0131 cevaplay\u0131n\u0131z <\/span><\/b><b><\/b><\/p>\n<p><b>\u00a0<\/b><b style=\"line-height: 1.5em;\">1-\u00a0 A\u015fa\u011f\u0131dakilerden hangisi Hz. Muhammed (sav) ile ilgili olarak <span style=\"text-decoration: underline;\">yanl\u0131\u015f bir bilgidir?<\/span><\/b><\/p>\n<\/div>\n<p>A) Son peygamberdir<\/p>\n<p>B) Kur\u2019an ona indirilmi\u015ftir<\/p>\n<p>C) Elli y\u0131l peygamberlik yapm\u0131\u015ft\u0131r.<\/p>\n<p>D) Altm\u0131\u015f \u00fc\u00e7 y\u0131l ya\u015fam\u0131\u015ft\u0131r.<\/p>\n<p><b>2- Mekke\u2019de bulunan K\u00e2be\u2019yi ve onun \u00e7evresindeki kutsal yerleri ziyaret ederek yap\u0131lan ibadet a\u015fa\u011f\u0131dakilerden hangisidir?<\/b><\/p>\n<p>A) Namaz\u00a0\u00a0\u00a0\u00a0\u00a0\u00a0 B) Hac \u00a0\u00a0\u00a0\u00a0C) Oru\u00e7\u00a0\u00a0\u00a0 D) Kurban<\/p>\n<p><b>3- Peygamberimizin<\/b><b>(sav) <\/b><b>toplam ka\u00e7 \u00e7ocu\u011fu vard\u0131?<\/b><\/p>\n<p>A)1\u00a0\u00a0\u00a0\u00a0\u00a0\u00a0 \u00a0\u00a0\u00a0\u00a0\u00a0\u00a0\u00a0\u00a0\u00a0B) 2\u00a0\u00a0\u00a0 \u00a0\u00a0\u00a0\u00a0\u00a0\u00a0\u00a0\u00a0\u00a0\u00a0C) 3\u00a0 \u00a0\u00a0\u00a0\u00a0\u00a0\u00a0\u00a0\u00a0\u00a0\u00a0\u00a0\u00a0\u00a0\u00a0\u00a0\u00a0D) 7<\/p>\n<p><b>4.<\/b>\u00a0 Hz. Muhammed(sav), aile bireylerine e\u015fit davran\u0131r, onlar\u0131 birbirlerinden ay\u0131rmazd\u0131.<\/p>\n<p><b>Verilen c\u00fcmlede Hz. Muhammed (S.A.V)&#8217;in hangi \u00f6zelli\u011fi \u00f6n plana \u00e7\u0131kmaktad\u0131r?<\/b><\/p>\n<p>A) \u00c7al\u0131\u015fkan olma\u00a0\u00a0\u00a0\u00a0\u00a0 \u00a0\u00a0\u00a0\u00a0\u00a0\u00a0\u00a0\u00a0B) Do\u011fru s\u00f6zl\u00fc olma<\/p>\n<p>C) Adaletli olma\u00a0\u00a0\u00a0\u00a0\u00a0\u00a0\u00a0\u00a0\u00a0\u00a0\u00a0\u00a0\u00a0 D)C\u00f6mert olma<\/p>\n<p><b>5. Hz. Muhammed nerede ve ne zaman do\u011fmu\u015ftur?<\/b><\/p>\n<p>A)\u00a0 575-Medine\u2019de\u00a0\u00a0\u00a0\u00a0\u00a0 \u00a0\u00a0\u00a0\u00a0B) 571-Mekke\u2019de<\/p>\n<p>C) \u00a0610-Medine\u2019de\u00a0\u00a0\u00a0\u00a0\u00a0\u00a0\u00a0 \u00a0 D) \u00a0632-Mekke\u2019de<\/p>\n<p><b>6. A\u015fa\u011f\u0131dakilerden hangisi Peygamberimizin aile ili\u015fkileri hakk\u0131nda s\u00f6ylenebilir?<\/b><\/p>\n<p>A) Aile bireylerini severdi<\/p>\n<p>B) Aile bireyleriyle \u015fakala\u015f\u0131rd\u0131<\/p>\n<p>C) Aile bireyleri aras\u0131nda ay\u0131r\u0131m yapmazd\u0131<\/p>\n<p>D) Hepsi<\/p>\n<p><b>\u00a0<\/b><\/p>\n<p>\u201c<i>Allah kat\u0131nda kom\u015fular\u0131n en hay\u0131rl\u0131s\u0131 kom\u015fusuna en hay\u0131rl\u0131 oland\u0131r.\u201d<\/i><\/p>\n<p><b>7- A\u015fa\u011f\u0131da verilen davran\u0131\u015flardan hangisini yapan ki\u015fi yukar\u0131da verilen hadise g\u00f6re <span style=\"text-decoration: underline;\">hay\u0131rl\u0131 bir kom\u015fu say\u0131lmaz?<\/span><\/b><\/p>\n<p>A) Kom\u015fular\u0131na yard\u0131m eden ki\u015fi<\/p>\n<p>B) Kom\u015fular\u0131na g\u00fcler y\u00fcz g\u00f6steren ki\u015fi<\/p>\n<p>C) G\u00fcr\u00fclt\u00fc yaparak kom\u015fular\u0131n\u0131 rahats\u0131z eden ki\u015fi<\/p>\n<p>D) Kom\u015fular\u0131n\u0131 ziyaret eden ki\u015fi<\/p>\n<p><b>\u00a0<\/b><b>8- A\u015fa\u011f\u0131dakilerden hangisi Hz. Muhammed(sav)\u2019in ailesinin \u00f6zelliklerinden biri <span style=\"text-decoration: underline;\">de\u011fildir<\/span>?<\/b><\/p>\n<p>A) Kom\u015fularla iyi ge\u00e7inilmesi<\/p>\n<p>B) \u0130sraftan ka\u00e7\u0131n\u0131lmas\u0131<\/p>\n<p>C) C\u00f6mert olmas\u0131<\/p>\n<p>D) Yetimlere k\u00f6t\u00fc davran\u0131lmas\u0131<\/p>\n<p><b>\u00a0<\/b><b>9. Allah, tarihte her millete bir peygamber g\u00f6ndermi\u015ftir. <span style=\"text-decoration: underline;\">\u0130lk peygamber ile son peygamber<\/span> a\u015fa\u011f\u0131dakilerden hangisinde do\u011fru olarak verilmi\u015ftir?<\/b><\/p>\n<p>A) Hz. Adem-Hz. Musa<\/p>\n<p>B) Hz. Adem-Hz. Muhammed(sav)<\/p>\n<p>C) Hz. Nuh-Hz. \u0130brahim<\/p>\n<p>D) Hz. Muhammed(sav)-Hz. \u0130sa<\/p>\n<p><b>10. A\u015fa\u011f\u0131dakilerden hangisi Peygamberimiz (s.a.v)\u2019in ailesinde misafire kar\u015f\u0131 g\u00f6sterilen tutum ve davran\u0131\u015flardan biri <span style=\"text-decoration: underline;\">olamaz?<\/span><\/b><\/p>\n<p>A) Misafire g\u00fcler y\u00fczle davran\u0131l\u0131rd\u0131.<\/p>\n<p>B) Misafirler en g\u00fczel \u015fekilde a\u011f\u0131rlan\u0131rd\u0131.<\/p>\n<p>C) \u00c7ok misafir geldi\u011fi i\u00e7in rahats\u0131z olurlard\u0131.<\/p>\n<p>D) Misafirden hi\u00e7bir \u015fey esirgenmez, en g\u00fczel \u015feylerden ikram edilirdi.<\/p>\n<p><b>11.Kendisinden bir giysi daha isteyen k\u0131z\u0131na bir tane dahi elbise bulunmayan insanlar\u0131n oldu\u011funu hat\u0131rlatarak, onun bu iste\u011fini nazik bir \u015fekilde geri \u00e7eviren Peygamberimiz<\/b><b>(sav)<\/b><b> bizlere nas\u0131l \u00f6rnek olmak istemi\u015ftir?<\/b><\/p>\n<p><b>A)<\/b> C\u00f6mert olmak\u00a0\u00a0\u00a0\u00a0\u00a0\u00a0\u00a0\u00a0\u00a0 <b>B)<\/b> L\u00fcks ya\u015famak<\/p>\n<p><b>C)<\/b> israftan ka\u00e7\u0131nmak\u00a0\u00a0\u00a0 <b>D)<\/b> \u00c7ocuklar\u0131n dedi\u011fini yapmak<\/p>\n<p><b>12.Her y\u0131l Nisan ay\u0131nda d\u00fczenlenen Kutlu Do\u011fum Haftas\u0131 etkinlikleri kimin do\u011fum g\u00fcn\u00fc i\u00e7in yap\u0131l\u0131r?<\/b><\/p>\n<p>A) Hz Ebu Bekir\u00a0\u00a0\u00a0\u00a0\u00a0\u00a0\u00a0\u00a0\u00a0\u00a0\u00a0\u00a0\u00a0 \u00a0\u00a0\u00a0\u00a0\u00a0\u00a0\u00a0\u00a0\u00a0\u00a0\u00a0\u00a0\u00a0\u00a0\u00a0\u00a0 B) Hz Ali\u00a0\u00a0\u00a0\u00a0\u00a0\u00a0\u00a0\u00a0\u00a0\u00a0\u00a0\u00a0\u00a0\u00a0\u00a0\u00a0 C) Hz Muhammed(sav)\u00a0\u00a0\u00a0\u00a0\u00a0\u00a0 \u00a0\u00a0\u00a0\u00a0\u00a0\u00a0\u00a0\u00a0\u00a0 \u00a0\u00a0\u00a0\u00a0\u00a0\u00a0\u00a0\u00a0\u00a0\u00a0\u00a0 D) Hz Osman<\/p>\n<p><b>13.A\u015fa\u011f\u0131dakilerden hangisi kom\u015funun kom\u015fu \u00fczerindeki haklar\u0131ndan birisi de\u011fildir?<\/b><\/p>\n<p><b>A)<\/b> Kom\u015funun bir yak\u0131n\u0131 vefat etti\u011fin de taziyesine gidip, cenazesine kat\u0131lmak. \u00dcz\u00fcnt\u00fcs\u00fcn\u00fc payla\u015fmak.<\/p>\n<p><b>B)<\/b> Kom\u015fusu maddi s\u0131k\u0131nt\u0131lar \u00e7ekip bor\u00e7 istedi\u011fi zaman bor\u00e7 vermek.<\/p>\n<p><b>C)<\/b> Kom\u015fusu hastaland\u0131\u011f\u0131nda ziyaret etmek\u00a0\u00a0\u00a0\u00a0\u00a0 ve onun ihtiya\u00e7lar\u0131n\u0131 gidermesine yard\u0131mc\u0131 olmak.<\/p>\n<p><b>D)<\/b> Kom\u015fusunun yan\u0131na m\u00fcmk\u00fcnse hi\u00e7 u\u011framamak.<\/p>\n<p><i>\u00a0<\/i><i>\u201cPeygamberimiz bir g\u00fcn sokakta arkada\u015flar\u0131n\u0131n yan\u0131nda \u00fczg\u00fcn bir \u015fekilde duran yetim bir \u00e7ocu\u011fu evine g\u00f6t\u00fcrm\u00fc\u015f, karn\u0131n\u0131 doyurmu\u015f ve ona g\u00fczel elbiseler giydirmi\u015ftir.\u201d<\/i><\/p>\n<p><b>14- Peygamberimizin(sav)<\/b> <b>\u00a0bu davran\u0131\u015f\u0131 ile \u00f6rt\u00fc\u015fen hadis-i \u015ferif a\u015fa\u011f\u0131dakilerden hangisidir?<\/b><\/p>\n<p><b>A)<\/b> Kom\u015fusu a\u00e7 iken tok yatan bizden de\u011fildir<\/p>\n<p><b>B)<\/b> G\u00fczel s\u00f6z de bir sadakad\u0131r.<\/p>\n<p><b>C)<\/b> M\u00fcsl\u00fcman M\u00fcsl\u00fcman\u2019\u0131n karde\u015fidir.<\/p>\n<p><b>D)<\/b> En hay\u0131rl\u0131 ev, i\u00e7inde yetime iyilik yap\u0131lan evdir.<\/p>\n<p><b>\u00a0<\/b><b>15.\u201cAte\u015fte g\u00fcl bah\u00e7esi\u201d denilince a\u015fa\u011f\u0131dakilerden<\/b><\/p>\n<p><b>hangisini hat\u0131rlamal\u0131y\u0131z?<\/b><\/p>\n<p>A) Hz. Adem\u00a0\u00a0\u00a0\u00a0\u00a0\u00a0\u00a0\u00a0\u00a0\u00a0\u00a0\u00a0\u00a0\u00a0\u00a0\u00a0 B) Hz. Muhammed(SAV)<\/p>\n<p>C) Hz. Yusuf\u00a0\u00a0\u00a0\u00a0\u00a0\u00a0\u00a0\u00a0\u00a0\u00a0\u00a0\u00a0\u00a0\u00a0\u00a0\u00a0\u00a0 D) Hz. \u0130brahim<\/p>\n<p><b><span style=\"text-decoration: underline;\">\u00a0<\/span><\/b><\/p>\n<p><b><span style=\"text-decoration: underline;\">B.A\u015fa\u011f\u0131da verilen bilgilerden do\u011fru olan\u0131 (D), yanl\u0131\u015f olan\u0131 (Y) ile i\u015faretleyiniz (10puan)<\/span><\/b><b><\/b><\/p>\n<p>(\u2026\u2026\u2026)\u00a0 Hz. Muhammed(sav) i\u015flerini dan\u0131\u015farak yapard\u0131.<b><\/b><\/p>\n<p>(\u2026\u2026\u2026)\u00a0 Namaz sadece evde k\u0131l\u0131n\u0131r.\u00a0\u00a0\u00a0\u00a0\u00a0\u00a0\u00a0\u00a0\u00a0\u00a0\u00a0\u00a0\u00a0\u00a0\u00a0\u00a0\u00a0\u00a0\u00a0\u00a0\u00a0\u00a0\u00a0\u00a0\u00a0\u00a0\u00a0\u00a0\u00a0\u00a0\u00a0 <b><\/b><\/p>\n<p>(\u2026\u2026\u2026)\u00a0 Camilerde imam\u0131n cemaate namaz k\u0131ld\u0131rd\u0131\u011f\u0131 yere minare denir<b><\/b><\/p>\n<p>(\u2026\u2026\u2026)\u00a0 Hz.Muhammed(sav) \u00a0\u2018\u2019Kom\u015fusu a\u00e7ken tok yatan bizden de\u011fildir\u2019\u2019 buyurmu\u015ftur.<\/p>\n<p>(\u2026\u2026\u2026)\u00a0 Hz Muhammed\u2019in(sav) \u00a0aile bireyleri , sevin\u00e7 ve \u00fcz\u00fcnt\u00fcleri payla\u015f\u0131rd\u0131.<\/p>\n<p><b><span style=\"text-decoration: underline;\">C.A\u015fa\u011f\u0131daki c\u00fcmlelerde bo\u015f b\u0131rak\u0131lan yerleri uygun \u015fekilde doldurunuz (10puan)<\/span><\/b><\/p>\n<p><b>(\u00a0 Emin, Abd\u00fclm\u00fcttalip, Alt\u0131, K\u0131ssa, Hatice\u00a0 ) <\/b><\/p>\n<p>&#8211; Hz. Muhammed \u2026\u2026\u2026\u2026\u2026\u2026\u2026\u2026 ya\u015f\u0131ndayken annesi vefat etti.<\/p>\n<p>&#8211; Hz. Muhammed\u2019e annesi vefat ettikten sonra dedesi\u2026\u2026\u2026\u2026\u2026\u2026\u2026\u2026\u2026\u2026\u2026\u2026\u2026\u2026\u2026\u2026\u2026\u2026\u2026\u2026 bakt\u0131.<\/p>\n<p>&#8211; Hz. Muahmmet 25 ya\u015f\u0131ndayken Hz. \u2026\u2026\u2026\u2026\u2026\u2026\u2026\u2026\u2026\u2026\u2026..\u2026\u2026\u2026\u2026\u2026\u2026 ile evlendi.<\/p>\n<p>&#8211; Hz. Muhammed\u2019e ya\u015fad\u0131\u011f\u0131 toplum taraf\u0131ndan verilen isim \u2026\u2026\u2026\u2026\u2026\u2026\u2026\u2026\u2026\u2026\u2026\u2026\u2026\u2026\u2026\u2026\u2026\u2026\u2026\u2026\u2026\u2026\u2026\u2026 dir.<\/p>\n<p>&#8211; Kur\u2019an\u2019da anlat\u0131lan, ge\u00e7mi\u015fte ya\u015fam\u0131\u015f insanlara ve peygamberlere ait ders verici olaylara \u2026\u2026\u2026\u2026\u2026\u2026\u2026\u2026\u2026<\/p>\n<p>ad\u0131 verilir.<\/p>\n<p><b>\u00a0<\/b><b>D. Bizim ailemizin de Peygamberimiz(sav)in ailesi gibi \u00f6rnek bir aile olabilmesi i\u00e7in aile i\u00e7erisinde her bir aile \u00fcyesinin ne gibi davran\u0131\u015flar yapmas\u0131 gerekir. A\u00e7\u0131klay\u0131n\u0131z.<\/b><\/p>\n<p>\u2026\u2026\u2026\u2026\u2026\u2026\u2026\u2026\u2026\u2026\u2026\u2026\u2026\u2026\u2026\u2026\u2026\u2026\u2026\u2026\u2026\u2026\u2026\u2026\u2026\u2026\u2026\u2026\u2026\u2026\u2026\u2026\u2026\u2026\u2026\u2026\u2026\u2026\u2026\u2026<\/p>\n<p><b>E.A\u015fa\u011f\u0131da verilen suredeki bo\u015fluklar\u0131 doldurunuz.(10 puan) <\/b><\/p>\n<p>Elem \u2026\u2026\u2026\u2026\u2026\u2026\u2026\u2026\u2026\u2026\u2026\u2026keyfe feala \u00a0rabb\u00fcke bi eshabi\u2019l-f\u00eel. \u2026\u2026\u2026\u2026\u2026\u2026\u2026\u2026\u2026\u2026.. yec&#8217;al \u2026\u2026\u2026\u2026\u2026\u2026..\u2026\u2026\u2026\u2026\u2026\u2026\u00a0 f\u00ee tadl\u00eel. Ve ersele aleyhim tayran\u2026\u2026\u2026\u2026\u2026\u2026\u2026\u2026\u2026\u2026\u2026.. Term\u00eehim \u2026\u2026\u2026\u2026\u2026\u2026\u2026\u2026\u2026\u2026\u2026\u2026\u2026\u2026\u2026.\u2026\u2026\u2026\u2026\u00a0 min sicc\u00eel. Fecealeh\u00fcm\u00a0 ke&#8217;asfin me&#8217;k\u00fbl.<\/p>\n<p><a href=\"http:\/\/www.sorubak.com\/5-sinif-din-kulturu-2-donem-1-yazili.php\" target=\"_blank\"><span style=\"color: #ff00ff;\"><strong>Daha Fazla\u00a05.s\u0131n\u0131f din k\u00fclt\u00fcr\u00fc 2.d\u00f6nem 1.yaz\u0131l\u0131 sorular\u0131<\/strong><\/span><\/a><\/p>\n","protected":false},"excerpt":{"rendered":"<p>2013-2014 \u00a0E\u011e\u0130T\u0130M \u00d6\u011eRET\u0130M YILI &#8230;&#8230;&#8230;&#8230; ORTA OKULU D\u0130N K\u00dcLT\u00dcR\u00dc VE AHLAK B\u0130LG\u0130S\u0130 DERS\u0130 5. SINIF II. D\u00d6NEM I. YAZILI YOKLAMA SINAV SORULARI\u00a0 Ad\u0131-Soyad\u0131\u00a0\u00a0\u00a0\u00a0\u00a0\u00a0\u00a0 :\u00a0\u00a0\u00a0\u00a0\u00a0\u00a0\u00a0\u00a0\u00a0\u00a0\u00a0\u00a0\u00a0\u00a0\u00a0\u00a0\u00a0\u00a0\u00a0\u00a0\u00a0\u00a0\u00a0\u00a0\u00a0\u00a0\u00a0\u00a0\u00a0\u00a0\u00a0\u00a0 NOT: S\u0131n\u0131f\u0131-Numaras\u0131\u00a0\u00a0\u00a0 :\u00a0\u00a0\u00a0\u00a0\u00a0\u00a0\u00a0\u00a0\u00a0\u00a0\u00a0\u00a0\u00a0\u00a0\u00a0\u00a0\u00a0\u00a0\u00a0\u00a0\u00a0\u00a0\u00a0\u00a0\u00a0\u00a0\u00a0\u00a0\u00a0\u00a0\u00a0\u00a0 Tarih: \u2026.\/04\/2013\u00a0 S O R U L A R A- A\u015fa\u011f\u0131da verilen \u00e7oktan se\u00e7meli sorular\u0131 cevaplay\u0131n\u0131z \u00a01-\u00a0 A\u015fa\u011f\u0131dakilerden hangisi Hz. Muhammed (sav) ile ilgili olarak yanl\u0131\u015f bir bilgidir? &#8230; <a title=\"5.s\u0131n\u0131f din k\u00fclt\u00fcr\u00fc 2.d\u00f6nem 1.yaz\u0131l\u0131 sorular\u0131\" class=\"read-more\" href=\"https:\/\/www.sorubak.com\/blog\/5-sinif-din-kulturu-2-donem-1-yazili-sorulari.html\" aria-label=\"More on 5.s\u0131n\u0131f din k\u00fclt\u00fcr\u00fc 2.d\u00f6nem 1.yaz\u0131l\u0131 sorular\u0131\">Devam\u0131n\u0131 oku&#8230;<\/a><\/p>\n","protected":false},"author":1,"featured_media":0,"comment_status":"open","ping_status":"open","sticky":false,"template":"","format":"standard","meta":{"footnotes":""},"categories":[18086,17980,13370],"tags":[],"class_list":["post-50812","post","type-post","status-publish","format-standard","hentry","category-5-sinif-din-kulturu-yazili-sorulari","category-ortaokul-yazili-sorulari","category-yazili-sorulari"],"_links":{"self":[{"href":"https:\/\/www.sorubak.com\/blog\/wp-json\/wp\/v2\/posts\/50812","targetHints":{"allow":["GET"]}}],"collection":[{"href":"https:\/\/www.sorubak.com\/blog\/wp-json\/wp\/v2\/posts"}],"about":[{"href":"https:\/\/www.sorubak.com\/blog\/wp-json\/wp\/v2\/types\/post"}],"author":[{"embeddable":true,"href":"https:\/\/www.sorubak.com\/blog\/wp-json\/wp\/v2\/users\/1"}],"replies":[{"embeddable":true,"href":"https:\/\/www.sorubak.com\/blog\/wp-json\/wp\/v2\/comments?post=50812"}],"version-history":[{"count":0,"href":"https:\/\/www.sorubak.com\/blog\/wp-json\/wp\/v2\/posts\/50812\/revisions"}],"wp:attachment":[{"href":"https:\/\/www.sorubak.com\/blog\/wp-json\/wp\/v2\/media?parent=50812"}],"wp:term":[{"taxonomy":"category","embeddable":true,"href":"https:\/\/www.sorubak.com\/blog\/wp-json\/wp\/v2\/categories?post=50812"},{"taxonomy":"post_tag","embeddable":true,"href":"https:\/\/www.sorubak.com\/blog\/wp-json\/wp\/v2\/tags?post=50812"}],"curies":[{"name":"wp","href":"https:\/\/api.w.org\/{rel}","templated":true}]}}