{"id":49817,"date":"2014-02-16T17:22:19","date_gmt":"2014-02-16T15:22:19","guid":{"rendered":"http:\/\/www.sorubak.com\/blog\/?p=49817"},"modified":"2014-02-16T17:22:19","modified_gmt":"2014-02-16T15:22:19","slug":"istiklal-marsinin-kabulu-siirleri-arsiv","status":"publish","type":"post","link":"https:\/\/www.sorubak.com\/blog\/istiklal-marsinin-kabulu-siirleri-arsiv.html","title":{"rendered":"\u0130stiklal Mar\u015f\u0131&#8217;n\u0131n Kabul\u00fc \u015eiirleri (Ar\u015fiv)"},"content":{"rendered":"<p><strong>\u0130stiklal Mar\u015f\u0131&#8217;n\u0131n Kabul\u00fc \u015eiirleri, 12 Mart \u0130stiklal Mar\u015f\u0131 Kabul\u00fc \u015eiirleri<\/strong><\/p>\n<p><i>Ey, mavi g\u00f6klerin beyaz ve k\u0131z\u0131l s\u00fcs\u00fc,<\/i><\/p>\n<p><i>K\u0131zkarde\u015fimin gelinli\u011fi, \u015fehidimin son \u00f6rt\u00fcs\u00fc!<\/i><\/p>\n<p><i>I\u015f\u0131k \u0131\u015f\u0131k, dalga dalga bayra\u011f\u0131m,<\/i><\/p>\n<p><i>Senin destan\u0131n\u0131 okudum, senin destan\u0131n\u0131 yazaca\u011f\u0131m.<\/i><i>\u00a0<\/i><\/p>\n<p><i>Sana benim g\u00f6z\u00fcmle bakmayan\u0131n mezar\u0131n\u0131 kazaca\u011f\u0131m.<\/i><\/p>\n<p><i>Seni selamlamadan u\u00e7an ku\u015fun yuvas\u0131n\u0131 bozaca\u011f\u0131m.<\/i><\/p>\n<p><i>\u00a0<\/i><i>Dalgaland\u0131\u011f\u0131n yerde ne korku, ne keder\u2026<\/i><\/p>\n<p><i>G\u00f6lgende bana da, bana da yer ver!<\/i><\/p>\n<p><i>Sabah olmas\u0131n, g\u00fcnler do\u011fmas\u0131n ne \u00e7\u0131kar.<\/i><\/p>\n<p><i>Yurda ay y\u0131ld\u0131z\u0131n \u0131\u015f\u0131\u011f\u0131 yeter.<\/i><i>\u00a0<\/i><\/p>\n<p><i>Sava\u015f bizi karl\u0131 da\u011flara g\u00f6t\u00fcrd\u00fc\u011f\u00fc g\u00fcn.<\/i><\/p>\n<p><i>K\u0131z\u0131ll\u0131\u011f\u0131nda \u0131s\u0131nd\u0131k,<\/i><\/p>\n<p><i>Da\u011flardan \u00e7\u00f6llere d\u00fc\u015f\u00fcrd\u00fc\u011f\u00fc g\u00fcn.<\/i><\/p>\n<p><i>G\u00f6lgene s\u0131\u011f\u0131nd\u0131k.<\/i><i>\u00a0<\/i><\/p>\n<p><i>Ey, \u015fimdi s\u00fczg\u00fcn, r\u00fczgarlarda dalgalan;<\/i><\/p>\n<p><i>Bar\u0131\u015f\u0131n g\u00fcvercini, sava\u015f\u0131n kartal\u0131\u2026<\/i><\/p>\n<p><i>Y\u00fcksek yerlerde a\u00e7an \u00e7i\u00e7e\u011fim;<\/i><\/p>\n<p><i>Senin alt\u0131nda do\u011fdum,<\/i><\/p>\n<p><i>Senin dibinde \u00f6lece\u011fim.<\/i><i>\u00a0<\/i><\/p>\n<p>\u0130stikl\u00e2l Mar\u015f\u0131, T\u00fcrkiye ve Kuzey K\u0131br\u0131s T\u00fcrk Cumhuriyeti&#8217;nin mill\u00ee mar\u015f\u0131. Mehmet \u00c2kif Ersoy taraf\u0131ndan kaleme al\u0131nan bu eser, 12 Mart 1921&#8217;de Birinci TBMM taraf\u0131ndan &#8220;\u0130stikl\u00e2l Mar\u015f\u0131&#8221; olarak kabul edilmi\u015ftir.<\/p>\n<p><a href=\"https:\/\/www.sorubak.com\/blog\/wp-content\/uploads\/2014\/02\/istiklalmarsi.jpg\"><img loading=\"lazy\" decoding=\"async\" class=\"alignleft size-full wp-image-49818\" alt=\"istiklalmarsi\" src=\"https:\/\/www.sorubak.com\/blog\/wp-content\/uploads\/2014\/02\/istiklalmarsi.jpg\" width=\"249\" height=\"202\" \/><\/a>T\u00fcrk Kurtulu\u015f Sava\u015f\u0131&#8217;n\u0131n ba\u015flar\u0131nda, \u0130stikl\u00e2l Harbi&#8217;nin milli bir ruh i\u00e7erisinde kazan\u0131lmas\u0131 imk\u00e2n\u0131n\u0131 sa\u011flamak amac\u0131yla Maarif Vekaleti, 1921&#8217;de bir g\u00fcfte yar\u0131\u015fmas\u0131 d\u00fczenlemi\u015f, s\u00f6z konusu yar\u0131\u015fmaya toplam 724 \u015fiir kat\u0131lm\u0131\u015ft\u0131r. Kazanan g\u00fcfteye para \u00f6d\u00fcl\u00fc kondu\u011fu i\u00e7in \u00f6nce yar\u0131\u015fmaya kat\u0131lmak istemeyen Burdur milletvekili Mehmet \u00c2kif Ersoy, Maarif Vekili Hamdullah Suphi&#8217;nin \u0131srar\u0131 \u00fczerine, Ankara&#8217;daki Taceddin Dergah\u0131&#8217;nda yazd\u0131\u011f\u0131 ve \u0130stiklal Harbi&#8217;ni verecek olan T\u00fcrk Ordusu&#8217;na hitap etti\u011fi \u015fiirini yar\u0131\u015fmaya koymu\u015ftur. Yap\u0131lan elemeler sonucu T\u00fcrkiye B\u00fcy\u00fck Millet Meclisi&#8217;nin 12 Mart 1921 tarihli oturumunda, baz\u0131 mebuslar\u0131n itirazlar\u0131na ra\u011fmen Mehmet \u00c2kif&#8217;in yazd\u0131\u011f\u0131 \u0130stiklal Mar\u015f\u0131 co\u015fkulu alk\u0131\u015flarla] kabul edilmi\u015ftir. Mecliste \u0130stikl\u00e2l Mar\u015f\u0131&#8217;n\u0131 okuyan ilk ki\u015fi d\u00f6nemin Milli E\u011fitim Bakan\u0131 Hamdullah Suphi Tanr\u0131\u00f6ver olmu\u015ftur.<\/p>\n<p>Mehmet \u00c2kif Ersoy \u0130stikl\u00e2l Mar\u015f\u0131&#8217;n\u0131, \u015fiirlerini toplad\u0131\u011f\u0131 Safahat&#8217;a dahil etmemi\u015f ve \u0130stikl\u00e2l Mar\u015f\u0131&#8217;n\u0131n T\u00fcrk Milleti&#8217;nin eseri oldu\u011funu beyan etmi\u015ftir.<\/p>\n<p>\u015eiirin bestelenmesi i\u00e7in a\u00e7\u0131lan ikinci yar\u0131\u015fmaya 24 besteci kat\u0131lm\u0131\u015f, 1924 y\u0131l\u0131nda Ankara&#8217;da toplanan se\u00e7ici kurul, Ali R\u0131fat \u00c7a\u011fatay&#8217;\u0131n bestesini kabul etmi\u015ftir. Bu beste 1930 y\u0131l\u0131na kadar \u00e7al\u0131nd\u0131ysa da 1930&#8217;da de\u011fi\u015ftirilerek, d\u00f6nemin Cumhurba\u015fkanl\u0131\u011f\u0131 Senfoni Orkestras\u0131 \u015eefi Osman Zeki \u00dcng\u00f6r&#8217;\u00fcn 1922&#8217;de haz\u0131rlad\u0131\u011f\u0131 bug\u00fcnk\u00fc beste y\u00fcr\u00fcrl\u00fc\u011fe konmu\u015f, toplamda dokuz d\u00f6rtl\u00fck ve bir be\u015flikten olu\u015fan mar\u015f\u0131n armonilemesini Edgar Manas, bando d\u00fczenlemesini de \u0130hsan Servet K\u00fcn\u00e7er yapm\u0131\u015ft\u0131r. \u00dcng\u00f6r&#8217;\u00fcn yak\u0131n dostu Cemal Re\u015fit Rey&#8217;le yap\u0131lm\u0131\u015f olan bir r\u00f6portajda da kendisinin belirtti\u011fine g\u00f6re asl\u0131nda ba\u015fka bir g\u00fcfte \u00fczerine yap\u0131lm\u0131\u015ft\u0131r ve \u0130stiklal Mar\u015f\u0131 olmas\u0131 d\u00fc\u015f\u00fcn\u00fclerek bestelenmemi\u015ftir. S\u00f6z ve melodide yer yer g\u00f6r\u00fclen uyum (Prozodi) eksikli\u011finin esas sebebi de (\u00d6rne\u011fin &#8220;Korkma, s\u00f6nmez bu \u015fafaklarda y\u00fczen al sancak&#8221; m\u0131sras\u0131 ezgili okundu\u011funda &#8220;\u015fafaklarda&#8221; s\u00f6zc\u00fc\u011f\u00fc iki m\u00fczikal c\u00fcmle aras\u0131nda b\u00f6l\u00fcnm\u00fc\u015ft\u00fcr) budur. Protokol gere\u011fi, sadece ilk iki d\u00f6rtl\u00fck beste e\u015fli\u011finde \u0130stikl\u00e2l Mar\u015f\u0131 olarak s\u00f6ylenmektedir.<\/p>\n<p>Okurlar\u0131m\u0131z i\u00e7in haz\u0131rlad\u0131\u011f\u0131m\u0131z <strong>\u0130stiklal Mar\u015f\u0131 Kabul \u015eiirleri<\/strong> ar\u015fivimize onlarca \u015fiir ekledik. Sizde 1<strong>2 Mart \u0130stiklal Mar\u015f\u0131n\u0131n Kabul\u00fc \u015eiirleri<\/strong> ar\u015fivimizden faydalanmak istiyorsan\u0131z a\u015fa\u011f\u0131daki linke t\u0131klamal\u0131s\u0131n\u0131z<\/p>\n<p><span style=\"color: #ff0000;\"><a href=\"http:\/\/www.sorubak.com\/istiklalmarsikabulusiirleri.php\" target=\"_blank\"><span style=\"color: #ff0000;\"><strong>\u0130ST\u0130KLAL MAR\u015eI \u015e\u0130\u0130R AR\u015e\u0130V\u0130M\u0130Z \u0130\u00c7\u0130N TIKLAYINIZ<\/strong><\/span><\/a><\/span><\/p>\n","protected":false},"excerpt":{"rendered":"<p>\u0130stiklal Mar\u015f\u0131&#8217;n\u0131n Kabul\u00fc \u015eiirleri, 12 Mart \u0130stiklal Mar\u015f\u0131 Kabul\u00fc \u015eiirleri Ey, mavi g\u00f6klerin beyaz ve k\u0131z\u0131l s\u00fcs\u00fc, K\u0131zkarde\u015fimin gelinli\u011fi, \u015fehidimin son \u00f6rt\u00fcs\u00fc! I\u015f\u0131k \u0131\u015f\u0131k, dalga dalga bayra\u011f\u0131m, Senin destan\u0131n\u0131 okudum, senin destan\u0131n\u0131 yazaca\u011f\u0131m.\u00a0 Sana benim g\u00f6z\u00fcmle bakmayan\u0131n mezar\u0131n\u0131 kazaca\u011f\u0131m. Seni selamlamadan u\u00e7an ku\u015fun yuvas\u0131n\u0131 bozaca\u011f\u0131m. \u00a0Dalgaland\u0131\u011f\u0131n yerde ne korku, ne keder\u2026 G\u00f6lgende bana da, bana &#8230; <a title=\"\u0130stiklal Mar\u015f\u0131&#8217;n\u0131n Kabul\u00fc \u015eiirleri (Ar\u015fiv)\" class=\"read-more\" href=\"https:\/\/www.sorubak.com\/blog\/istiklal-marsinin-kabulu-siirleri-arsiv.html\" aria-label=\"More on \u0130stiklal Mar\u015f\u0131&#8217;n\u0131n Kabul\u00fc \u015eiirleri (Ar\u015fiv)\">Devam\u0131n\u0131 oku&#8230;<\/a><\/p>\n","protected":false},"author":1,"featured_media":0,"comment_status":"open","ping_status":"open","sticky":false,"template":"","format":"standard","meta":{"footnotes":""},"categories":[13073],"tags":[],"class_list":["post-49817","post","type-post","status-publish","format-standard","hentry","category-belirli-gun-ve-haftalar"],"_links":{"self":[{"href":"https:\/\/www.sorubak.com\/blog\/wp-json\/wp\/v2\/posts\/49817","targetHints":{"allow":["GET"]}}],"collection":[{"href":"https:\/\/www.sorubak.com\/blog\/wp-json\/wp\/v2\/posts"}],"about":[{"href":"https:\/\/www.sorubak.com\/blog\/wp-json\/wp\/v2\/types\/post"}],"author":[{"embeddable":true,"href":"https:\/\/www.sorubak.com\/blog\/wp-json\/wp\/v2\/users\/1"}],"replies":[{"embeddable":true,"href":"https:\/\/www.sorubak.com\/blog\/wp-json\/wp\/v2\/comments?post=49817"}],"version-history":[{"count":0,"href":"https:\/\/www.sorubak.com\/blog\/wp-json\/wp\/v2\/posts\/49817\/revisions"}],"wp:attachment":[{"href":"https:\/\/www.sorubak.com\/blog\/wp-json\/wp\/v2\/media?parent=49817"}],"wp:term":[{"taxonomy":"category","embeddable":true,"href":"https:\/\/www.sorubak.com\/blog\/wp-json\/wp\/v2\/categories?post=49817"},{"taxonomy":"post_tag","embeddable":true,"href":"https:\/\/www.sorubak.com\/blog\/wp-json\/wp\/v2\/tags?post=49817"}],"curies":[{"name":"wp","href":"https:\/\/api.w.org\/{rel}","templated":true}]}}