{"id":49810,"date":"2014-02-16T16:11:03","date_gmt":"2014-02-16T14:11:03","guid":{"rendered":"http:\/\/www.sorubak.com\/blog\/?p=49810"},"modified":"2014-02-16T16:11:03","modified_gmt":"2014-02-16T14:11:03","slug":"sozlu-ve-yazili-anlatim-nedir","status":"publish","type":"post","link":"https:\/\/www.sorubak.com\/blog\/sozlu-ve-yazili-anlatim-nedir.html","title":{"rendered":"S\u00f6zl\u00fc ve Yaz\u0131l\u0131 anlat\u0131m nedir?"},"content":{"rendered":"<p>Bir duygunun, bir d\u00fc\u015f\u00fcncenin, bir iste\u011fin s\u00f6z ya da yaz\u0131 ile belirtilmesine anlat\u0131m denildi\u011fini g\u00f6rm\u00fc\u015ft\u00fck. Tan\u0131ma g\u00f6re anlat\u0131m: 1. S\u00f6zl\u00fc anlat\u0131m, 2. Yaz\u0131l\u0131 anlat\u0131m olmak \u00fczere iki t\u00fcrl\u00fcd\u00fcr.<\/p>\n<p><strong>S\u00f6zl\u00fc Anlat\u0131m nedir?<\/strong><\/p>\n<p>Anlat\u0131lmak istenen duygu, d\u00fc\u015f\u00fcnce ya da hayaller s\u00f6z ile anlat\u0131l\u0131r. S\u00f6zl\u00fc anlat\u0131ma konu\u015fma da denir. Kar\u015f\u0131l\u0131kl\u0131 konu\u015fmadan, tart\u0131\u015fmaya, konferansa kadar bir\u00e7ok konu\u015fma t\u00fcr\u00fc vard\u0131r. Bundan sonraki \u00fc\u00e7 \u00fcnite s\u00f6zl\u00fc anlat\u0131m \u00fczerinedir.<\/p>\n<p><strong>Yaz\u0131l\u0131 Anlat\u0131m nedir?<\/strong><\/p>\n<p>Anlat\u0131lmak istenen duygu, d\u00fc\u015f\u00fcnce ya da hayaller yaz\u0131 ile anlat\u0131l\u0131r. Yaz\u0131l\u0131 anlat\u0131ma komposizyon ya da yaln\u0131zca yaz\u0131 da denir. Yaz\u0131l\u0131 anlat\u0131m t\u00fcrleri \u00f6nce d\u00fc\u015f\u00fcnce yaz\u0131lar\u0131, sanat de\u011feri olan yaz\u0131lar, yaz\u0131\u015fmalar olmak \u00fczere \u00fc\u00e7e ayr\u0131l\u0131r, sonra onlar da kendi i\u00e7inde bir\u00e7ok t\u00fcre ayr\u0131l\u0131r.<\/p>\n","protected":false},"excerpt":{"rendered":"<p>Bir duygunun, bir d\u00fc\u015f\u00fcncenin, bir iste\u011fin s\u00f6z ya da yaz\u0131 ile belirtilmesine anlat\u0131m denildi\u011fini g\u00f6rm\u00fc\u015ft\u00fck. Tan\u0131ma g\u00f6re anlat\u0131m: 1. S\u00f6zl\u00fc anlat\u0131m, 2. Yaz\u0131l\u0131 anlat\u0131m olmak \u00fczere iki t\u00fcrl\u00fcd\u00fcr. S\u00f6zl\u00fc Anlat\u0131m nedir? Anlat\u0131lmak istenen duygu, d\u00fc\u015f\u00fcnce ya da hayaller s\u00f6z ile anlat\u0131l\u0131r. S\u00f6zl\u00fc anlat\u0131ma konu\u015fma da denir. Kar\u015f\u0131l\u0131kl\u0131 konu\u015fmadan, tart\u0131\u015fmaya, konferansa kadar bir\u00e7ok konu\u015fma t\u00fcr\u00fc vard\u0131r. &#8230; <a title=\"S\u00f6zl\u00fc ve Yaz\u0131l\u0131 anlat\u0131m nedir?\" class=\"read-more\" href=\"https:\/\/www.sorubak.com\/blog\/sozlu-ve-yazili-anlatim-nedir.html\" aria-label=\"More on S\u00f6zl\u00fc ve Yaz\u0131l\u0131 anlat\u0131m nedir?\">Devam\u0131n\u0131 oku&#8230;<\/a><\/p>\n","protected":false},"author":1,"featured_media":0,"comment_status":"open","ping_status":"open","sticky":false,"template":"","format":"standard","meta":{"footnotes":""},"categories":[12],"tags":[],"class_list":["post-49810","post","type-post","status-publish","format-standard","hentry","category-tr"],"_links":{"self":[{"href":"https:\/\/www.sorubak.com\/blog\/wp-json\/wp\/v2\/posts\/49810","targetHints":{"allow":["GET"]}}],"collection":[{"href":"https:\/\/www.sorubak.com\/blog\/wp-json\/wp\/v2\/posts"}],"about":[{"href":"https:\/\/www.sorubak.com\/blog\/wp-json\/wp\/v2\/types\/post"}],"author":[{"embeddable":true,"href":"https:\/\/www.sorubak.com\/blog\/wp-json\/wp\/v2\/users\/1"}],"replies":[{"embeddable":true,"href":"https:\/\/www.sorubak.com\/blog\/wp-json\/wp\/v2\/comments?post=49810"}],"version-history":[{"count":0,"href":"https:\/\/www.sorubak.com\/blog\/wp-json\/wp\/v2\/posts\/49810\/revisions"}],"wp:attachment":[{"href":"https:\/\/www.sorubak.com\/blog\/wp-json\/wp\/v2\/media?parent=49810"}],"wp:term":[{"taxonomy":"category","embeddable":true,"href":"https:\/\/www.sorubak.com\/blog\/wp-json\/wp\/v2\/categories?post=49810"},{"taxonomy":"post_tag","embeddable":true,"href":"https:\/\/www.sorubak.com\/blog\/wp-json\/wp\/v2\/tags?post=49810"}],"curies":[{"name":"wp","href":"https:\/\/api.w.org\/{rel}","templated":true}]}}