{"id":48541,"date":"2013-12-20T17:30:49","date_gmt":"2013-12-20T15:30:49","guid":{"rendered":"http:\/\/www.sorubak.com\/blog\/?p=48541"},"modified":"2013-12-20T17:30:49","modified_gmt":"2013-12-20T15:30:49","slug":"meb-zihin-engelliler-sinifi-ogretmenligi-kursu","status":"publish","type":"post","link":"https:\/\/www.sorubak.com\/blog\/meb-zihin-engelliler-sinifi-ogretmenligi-kursu.html","title":{"rendered":"MEB Zihin Engelliler S\u0131n\u0131f\u0131 \u00d6\u011fretmenli\u011fi Kursu"},"content":{"rendered":"<p>T.C.<\/p>\n<p><a href=\"https:\/\/www.sorubak.com\/blog\/wp-content\/uploads\/2013\/07\/logoaio.png\"><img loading=\"lazy\" decoding=\"async\" class=\"alignleft size-full wp-image-43143\" alt=\"meb\" src=\"https:\/\/www.sorubak.com\/blog\/wp-content\/uploads\/2013\/07\/logoaio.png\" width=\"130\" height=\"130\" \/><\/a>M\u0130LL\u0130\u00a0E\u011e\u0130T\u0130M\u00a0BAKANLI\u011eI<\/p>\n<p>\u00d6\u011fretmen Yeti\u015ftirme ve Geli\u015ftirme Genel M\u00fcd\u00fcrl\u00fc\u011f\u00fc<\/p>\n<p>Say\u0131 : 43501582\/774.01\/3924194 20\/12\/2013<\/p>\n<p>Konu: Zihin Engelliler S\u0131n\u0131f\u0131 \u00d6\u011fretmenli\u011fi Kursu<\/p>\n<p>&#8230;&#8230;&#8230;&#8230;&#8230;&#8230;&#8230;&#8230; VAL\u0130L\u0130\u011e\u0130NE<\/p>\n<p>(\u0130l Milli\u00a0E\u011fitim\u00a0M\u00fcd\u00fcrl\u00fc\u011f\u00fc)<\/p>\n<p>&nbsp;<\/p>\n<p>\u0130lgi: a) Talim ve Terbiye Kurulunun 12.02.2012 tarihli ve 5510 say\u0131l\u0131 m\u00fctalaas\u0131.<\/p>\n<p>b) Talim ve Terbiye Kurulunun 05.12.2013 tarihli ve 198 say\u0131l\u0131 karar\u0131.<\/p>\n<p>c) \u00d6\u011fretmen Yeti\u015ftirme ve Geli\u015ftirme Genel M\u00fcd\u00fcrl\u00fc\u011f\u00fc&#8217;n\u00fcn 16.05.2013 tarihli ve 43501582\/774.01\/993869 say\u0131l\u0131 yaz\u0131s\u0131.<\/p>\n<p>d) Dan\u0131\u015ftay 2. Dairesinin 12.04.2013 tarihli ve E: 2012\/12121, 25.09.2013 tarihli ve E: 2012\/11933 say\u0131l\u0131 kararlar\u0131.<\/p>\n<p>e) \u0130nsan Kaynaklar\u0131 Genel M\u00fcd\u00fcrl\u00fc\u011f\u00fc&#8217;n\u00fcn 11.12.2013 tarihli ve 68898891\/903\/3794336 say\u0131l\u0131 yaz\u0131s\u0131.<\/p>\n<p>&nbsp;<\/p>\n<p>2012 y\u0131l\u0131nda 6287 say\u0131l\u0131 Kanun ile\u00a0e\u011fitim\u00a0sisteminde yap\u0131lan de\u011fi\u015fiklikler sonucunda s\u0131n\u0131f \u00f6\u011fretmenli\u011finde olu\u015fan fazlal\u0131\u011f\u0131n giderilmesine y\u00f6nelik olarak Talim ve Terbiye Kurulu&#8217;nun 07\/07\/2009 tarihli ve 80 say\u0131l\u0131 karar\u0131 ile 12\/02\/2012 tarihli ve 5510 say\u0131l\u0131 m\u00fctalaas\u0131 \u00e7er\u00e7evesinde s\u0131n\u0131f \u00f6\u011fretmenlerine istemeleri halinde ve daha sonra hizmeti\u00e7i\u00a0e\u011fitim\u00a0yoluyla yeti\u015ftirilmek \u00fczere Zihin Engelliler S\u0131n\u0131f\u0131 \u00d6\u011fretmenli\u011fine veya Teknoloji ve Tasar\u0131m \u00f6\u011fretmenli\u011fine alan de\u011fi\u015fikli\u011fi imkan\u0131 verilmi\u015ftir.<\/p>\n<p>Bu ama\u00e7la ilgi (c) yaz\u0131m\u0131z ile alan de\u011fi\u015fikli\u011fi yapan \u00f6\u011fretmenlerimizin hizmeti\u00e7i\u00a0e\u011fitimleri\u00a0planlanarak ger\u00e7ekle\u015ftirilmi\u015ftir.<\/p>\n<p>Ancak bu i\u015fleme kar\u015f\u0131 a\u00e7\u0131lan davalar sonucunda; Dan\u0131\u015ftay \u0130kinci Dairesinin 12\/04\/2013 tarihli ve E: 2012\/12121 say\u0131l\u0131 karar\u0131yla il i\u00e7inde alan de\u011fi\u015fikli\u011fi K\u0131lavuzunun bu b\u00f6l\u00fcm\u00fcn\u00fcn, Dan\u0131\u015ftay \u0130kinci Dairesinin 25\/09\/2013 tarihli ve E: 2012\/11933 say\u0131l\u0131 karar\u0131yla da iller aras\u0131nda \u00f6z\u00fcr durumundan yap\u0131lan alan de\u011fi\u015fikli\u011fi i\u015fleminin y\u00fcr\u00fct\u00fclmesinin durdurulmas\u0131na karar verilmi\u015ftir.<\/p>\n<p>Talim ve Terbiye Kurulunun 05\/12\/2013 tarihli ve 198 say\u0131l\u0131 karar\u0131 ile 07\/07\/2009 tarihli ve 80 say\u0131l\u0131 karar\u0131na eklenen Ge\u00e7ici 9 uncu maddede &#8220;S\u0131n\u0131f \u00f6\u011fretmeni olarak g\u00f6rev yapmakta iken 540 saatlik &#8220;Zihin Engelliler S\u0131n\u0131f\u0131 \u00d6\u011fretmenli\u011fi\u00a0E\u011fitim\u00a0Program\u0131&#8221;n\u0131 ba\u015far\u0131yla tamamlayanlar\u0131n Zihin Engelliler S\u0131n\u0131f\u0131 alan\u0131na, \u00f6\u011fretmen olarak g\u00f6rev yapmakta iken 90 saatlik &#8220;Teknoloji ve Tasar\u0131m \u00d6\u011fretmenli\u011fi\u00a0E\u011fitim\u00a0Program\u0131&#8221;n\u0131 ba\u015far\u0131yla tamamlayanlar\u0131n Teknoloji ve Tasar\u0131m alan\u0131na\u00a0e\u011fitim\u00a0kurumlar\u0131n\u0131n ihtiyac\u0131na g\u00f6re alan de\u011fi\u015fikli\u011fi yap\u0131labilir.<\/p>\n<p>Bu kapsamda d\u00fczenlenecek olan\u00a0e\u011fitim\u00a0program\u0131n\u0131n i\u00e7eri\u011fi, y\u00f6ntemi, uygulama esaslar\u0131, ba\u015flama ve biti\u015f tarihleri, \u0130nsan Kaynaklar\u0131 Genel M\u00fcd\u00fcrl\u00fc\u011f\u00fc ile \u00d6\u011fretmen Yeti\u015ftirme ve Geli\u015ftirme Genel M\u00fcd\u00fcrl\u00fc\u011f\u00fc koordinesinde belirlenir.&#8221; denilmektedir.<\/p>\n<p>Bu itibarla alan de\u011fi\u015ftirmek isteyen \u00f6\u011fretmenlerin ma\u011fdur olmamalar\u0131 i\u00e7in eksik kalan\u00a0e\u011fitimlerinin\u00a02013 &#8211; 2014\u00a0e\u011fitim\u00a0\u00f6\u011fretim y\u0131l\u0131 yar\u0131y\u0131l tatili itibariyle ba\u015flat\u0131lmas\u0131 \u00e7al\u0131\u015fmalar\u0131 devam etmekte olup d\u00fczenleneceke\u011fitim\u00a0program\u0131n\u0131n i\u00e7eri\u011fi ile uygulama esaslar\u0131 daha sonra duyurulacakt\u0131r.<\/p>\n<p>Bilgilerinizi rica ederim.<\/p>\n<p>&nbsp;<\/p>\n<p>\u00d6mer BALIBEY<\/p>\n<p>Bakan a.<\/p>\n<p>Genel M\u00fcd\u00fcr<\/p>\n<p>&nbsp;<\/p>\n<p>&nbsp;<\/p>\n<p>DA\u011eITIM<\/p>\n<p>Gere\u011fi: Bilgi:<\/p>\n<p>B Plan\u0131 \u0130nsan Kaynaklar\u0131 Genel M\u00fcd\u00fcrl\u00fc\u011f\u00fc<\/p>\n","protected":false},"excerpt":{"rendered":"<p>T.C. M\u0130LL\u0130\u00a0E\u011e\u0130T\u0130M\u00a0BAKANLI\u011eI \u00d6\u011fretmen Yeti\u015ftirme ve Geli\u015ftirme Genel M\u00fcd\u00fcrl\u00fc\u011f\u00fc Say\u0131 : 43501582\/774.01\/3924194 20\/12\/2013 Konu: Zihin Engelliler S\u0131n\u0131f\u0131 \u00d6\u011fretmenli\u011fi Kursu &#8230;&#8230;&#8230;&#8230;&#8230;&#8230;&#8230;&#8230; VAL\u0130L\u0130\u011e\u0130NE (\u0130l Milli\u00a0E\u011fitim\u00a0M\u00fcd\u00fcrl\u00fc\u011f\u00fc) &nbsp; \u0130lgi: a) Talim ve Terbiye Kurulunun 12.02.2012 tarihli ve 5510 say\u0131l\u0131 m\u00fctalaas\u0131. b) Talim ve Terbiye Kurulunun 05.12.2013 tarihli ve 198 say\u0131l\u0131 karar\u0131. c) \u00d6\u011fretmen Yeti\u015ftirme ve Geli\u015ftirme Genel M\u00fcd\u00fcrl\u00fc\u011f\u00fc&#8217;n\u00fcn 16.05.2013 tarihli &#8230; <a title=\"MEB Zihin Engelliler S\u0131n\u0131f\u0131 \u00d6\u011fretmenli\u011fi Kursu\" class=\"read-more\" href=\"https:\/\/www.sorubak.com\/blog\/meb-zihin-engelliler-sinifi-ogretmenligi-kursu.html\" aria-label=\"More on MEB Zihin Engelliler S\u0131n\u0131f\u0131 \u00d6\u011fretmenli\u011fi Kursu\">Devam\u0131n\u0131 oku&#8230;<\/a><\/p>\n","protected":false},"author":1,"featured_media":0,"comment_status":"open","ping_status":"open","sticky":false,"template":"","format":"standard","meta":{"footnotes":""},"categories":[13484],"tags":[],"class_list":["post-48541","post","type-post","status-publish","format-standard","hentry","category-meb"],"_links":{"self":[{"href":"https:\/\/www.sorubak.com\/blog\/wp-json\/wp\/v2\/posts\/48541","targetHints":{"allow":["GET"]}}],"collection":[{"href":"https:\/\/www.sorubak.com\/blog\/wp-json\/wp\/v2\/posts"}],"about":[{"href":"https:\/\/www.sorubak.com\/blog\/wp-json\/wp\/v2\/types\/post"}],"author":[{"embeddable":true,"href":"https:\/\/www.sorubak.com\/blog\/wp-json\/wp\/v2\/users\/1"}],"replies":[{"embeddable":true,"href":"https:\/\/www.sorubak.com\/blog\/wp-json\/wp\/v2\/comments?post=48541"}],"version-history":[{"count":0,"href":"https:\/\/www.sorubak.com\/blog\/wp-json\/wp\/v2\/posts\/48541\/revisions"}],"wp:attachment":[{"href":"https:\/\/www.sorubak.com\/blog\/wp-json\/wp\/v2\/media?parent=48541"}],"wp:term":[{"taxonomy":"category","embeddable":true,"href":"https:\/\/www.sorubak.com\/blog\/wp-json\/wp\/v2\/categories?post=48541"},{"taxonomy":"post_tag","embeddable":true,"href":"https:\/\/www.sorubak.com\/blog\/wp-json\/wp\/v2\/tags?post=48541"}],"curies":[{"name":"wp","href":"https:\/\/api.w.org\/{rel}","templated":true}]}}