{"id":48533,"date":"2013-12-19T19:41:32","date_gmt":"2013-12-19T17:41:32","guid":{"rendered":"http:\/\/www.sorubak.com\/blog\/?p=48533"},"modified":"2013-12-19T19:41:32","modified_gmt":"2013-12-19T17:41:32","slug":"2014-ocak-meb-ozur-durumu-duyurusu","status":"publish","type":"post","link":"https:\/\/www.sorubak.com\/blog\/2014-ocak-meb-ozur-durumu-duyurusu.html","title":{"rendered":"2014 Ocak MEB \u00f6z\u00fcr durumu duyurusu"},"content":{"rendered":"<p>\u00d6\u011fretmenlerin\u00a0il i\u00e7i ve iller aras\u0131nda\u00a0sa\u011fl\u0131k\u00a0ve e\u015fdurumu\u00a0\u00f6zr\u00fc ile genel ve\u00a0\u00f6zel\u00a0hayat\u0131\u00a0olumsuz etkileyen nedenlere ba\u011fl\u0131\u00a0yer\u00a0de\u011fi\u015fikli\u011fi\u00a0ba\u015fvurular\u013102-08\u00a0Ocak\u00a02014\u00a0tarihleri\u00a0aras\u0131nda al\u0131nacak, ba\u015fvuruda\u00a0bulunan\u00a0\u00f6\u011fretmenlerin\u00a0e\u011fitim\u00a0kurumu tercihleri\u00a0ise 13-17\u00a0Ocak\u00a02014\u00a0tarihleri\u00a0aras\u0131nda al\u0131narak\u00a0yer\u00a0de\u011fi\u015ftirme\u00a0i\u015flemleri\u00a020-21\u00a0Ocak\u00a02014tarihleri\u00a0aras\u0131nda yap\u0131lacakt\u0131r.<\/p>\n<p><strong>2014\u00a0YARIYIL\u00a0TAT\u0130L\u0130\u00a0\u00d6\u011eRETMENLER\u0130N\u00a0\u0130L \u0130\u00c7\u0130 VE \u0130LLER ARASI \u00d6Z\u00dcR\u00a0DURUMUNA\u00a0BA\u011eLI\u00a0YER<\/strong><\/p>\n<p><strong>DE\u011e\u0130\u015eT\u0130RME DUYURUSU<\/strong><\/p>\n<p><a href=\"https:\/\/www.sorubak.com\/blog\/wp-content\/uploads\/2013\/07\/logoaio.png\"><img loading=\"lazy\" decoding=\"async\" class=\"alignleft size-full wp-image-43143\" alt=\"meb\" src=\"https:\/\/www.sorubak.com\/blog\/wp-content\/uploads\/2013\/07\/logoaio.png\" width=\"130\" height=\"130\" \/><\/a>Bakanl\u0131\u011f\u0131m\u0131za ba\u011fl\u0131\u00a0e\u011fitim\u00a0kurumlar\u0131nda\u00a0g\u00f6revli\u00a0\u00f6\u011fretmenlerin\u00a0il i\u00e7i ve iller aras\u0131nda\u00a0sa\u011fl\u0131k\u00a0ve e\u015f\u00a0durumu\u00f6zr\u00fc ile genel ve\u00a0\u00f6zel\u00a0hayat\u0131\u00a0olumsuz etkileyen nedenlere ba\u011fl\u0131\u00a0yer\u00a0de\u011fi\u015fiklikleri 06\/05\/2010\u00a0tarihli\u00a0ve 27573 say\u0131l\u0131 Resmi Gazete&#8217;de yay\u0131mlanan Milli\u00a0E\u011fitim\u00a0Bakanl\u0131\u011f\u0131\u00a0\u00d6\u011fretmenlerinin\u00a0Atama ve\u00a0Yer\u00a0De\u011fi\u015ftirme Y\u00f6netmeli\u011fi h\u00fck\u00fcmleri \u00e7er\u00e7evesinde belirtilen\u00a0tarihler\u00a0aras\u0131nda yap\u0131lacakt\u0131r.<\/p>\n<p>1.\u00a0Alanlar\u00a0itibar\u0131yla atama yap\u0131lacak norm\u00a0kadro\u00a0a\u00e7\u0131\u011f\u0131 bulunan b\u00fct\u00fcn\u00a0okullar, Bakanl\u0131\u011f\u0131n http:\/\/ikgm.meb.gov.tr\u00a0internet\u00a0adresinde\u00a0ilan edilerek\u00a0\u00f6\u011fretmenlerin\u00a0tercihlerine\u00a0a\u00e7\u0131lacak ve\u00a0yerde\u011fi\u015ftirmeler\u00a0bilgisayar\u00a0ortam\u0131nda\u00a0hizmet\u00a0puan\u0131\u00a0\u00fcst\u00fcnl\u00fc\u011f\u00fc\u00a0esas\u0131na g\u00f6re yap\u0131lacakt\u0131r.<\/p>\n<p>2.\u00a0\u00d6\u011fretmenlerin\u00a0hizmet\u00a0puan\u0131n\u0131n\u00a0hesab\u0131nda\u00a0ba\u015fvurular\u0131n\u00a0son\u00a0g\u00fcn\u00fc;\u00a0hizmet\u00a0s\u00fcresinin hesab\u0131nda ise 31Ocak\u00a02014\u00a0tarihi\u00a0esas al\u0131nacakt\u0131r.<\/p>\n<p>3.\u00a0Ba\u015fvuru\u00a0yapacak\u00a0\u00f6\u011fretmenlerde,\u00a0sa\u011fl\u0131k\u00a0durumu\u00a0\u00f6zr\u00fcne ba\u011fl\u0131\u00a0yer\u00a0de\u011fi\u015ftirmeler hari\u00e7, Devlet memurlu\u011fu ve\u00a0\u00f6\u011fretmenli\u011fin\u00a0her ikisinde de adayl\u0131klar\u0131n\u0131n kald\u0131r\u0131lm\u0131\u015f veya 31\u00a0Ocak\u00a02014\u00a0tarihi\u00a0itibar\u0131yla kald\u0131r\u0131labilecekdurumda\u00a0olmas\u0131 \u015fart\u0131 birlikte aranacakt\u0131r.<\/p>\n<p>4.\u00a0\u00d6\u011fretmenlikten\u00a0ayr\u0131ld\u0131ktan\u00a0sonra\u00a0a\u00e7\u0131ktan\u00a0ya da\u00a0kurumlar\u00a0aras\u0131\u00a0yeniden\u00a0atama kapsam\u0131nda atananlardan,\u00a0sa\u011fl\u0131k\u00a0durumu\u00a0\u00f6zr\u00fcne ba\u011fl\u0131\u00a0yer\u00a0de\u011fi\u015ftirmeler hari\u00e7, 31\u00a0Ocak\u00a02014\u00a0tarihi\u00a0itibar\u0131yla bulundu\u011fu ilde en az 1 (bir)\u00a0y\u0131l\u00a0s\u00fcreyle\u00a0\u00f6\u011fretmenlik\u00a0yapm\u0131\u015f olanlar, \u00f6z\u00fcr\u00a0durumuna\u00a0ba\u011fl\u0131\u00a0yer\u00a0de\u011fi\u015ftirme\u00a0ba\u015fvurusundabulunabilirler.<\/p>\n<p>5.\u00a0Sa\u011fl\u0131k\u00a0durumu\u00a0\u00f6zr\u00fc ya da genel ve\u00a0\u00f6zel\u00a0hayat\u0131\u00a0olumsuz etkileyen nedenlere ba\u011fl\u0131 olarak\u00a0yer\u00a0de\u011fi\u015ftirmeba\u015fvurusu\u00a0uygun\u00a0bulunan\u00a0\u00f6\u011fretmen\u00a0e\u015flerden, talebi halinde di\u011fer e\u015fin de\u00a0yer\u00a0de\u011fi\u015fikli\u011fi\u00a0ba\u015fvurusu\u00a0birliktede\u011ferlendirilecektir.<\/p>\n<p>6.\u00a0Ba\u015fvurular, http:\/\/mebbis.meb.gov.tr veya http:\/\/ikgm.meb.gov.tr\u00a0adreslerindeki\u00a0MEBB\u0130S \u00d6z\u00fcrDurumuna\u00a0Ba\u011fl\u0131\u00a0Yer\u00a0De\u011fi\u015ftirme\u00a0Ba\u015fvuru\u00a0Formu\u00a0doldurularak\u00a0belgeler\u00a0okul\u00a0m\u00fcd\u00fcrl\u00fc\u011f\u00fcne\u00a0teslim\u00a0edilmek suretiyle yap\u0131lacakt\u0131r.\u00a0Onayl\u0131\u00a0ba\u015fvuru\u00a0formu\u00a0\u00e7\u0131kt\u0131s\u0131n\u0131n bir \u00f6rne\u011fi\u00a0\u00f6\u011fretmene\u00a0elden\u00a0teslim\u00a0edilecektir.<\/p>\n<p>7.\u00a0\u00d6\u011fretmenler,\u00a0Ba\u015fvuru\u00a0Formu&#8217;nun ger\u00e7e\u011fe\u00a0uygun\u00a0\u015fekilde\u00a0doldurulmas\u0131ndan\u00a0sorumludur.\u00a0Ba\u015fvurularonaylanmadan\u00a0\u00f6nce\u00a0okul\u00a0y\u00f6neticiliklerinden\u00a0belgeye\u00a0dayal\u0131\u00a0bilgi\u00a0d\u00fczeltme talebinde bulunulabilir.\u00a0Ba\u015fvurus\u00fcresi i\u00e7inde\u00a0bilgi\u00a0d\u00fczeltme talebinde bulunanlardan\u00a0onay\u00a0a\u015famas\u0131ndaki\u00a0ba\u015fvurular\u0131\u00a0reddedilerek,onaylanm\u0131\u015f\u00a0ba\u015fvurular\u00a0ise iptal edilerek\u00a0\u00f6\u011fretmenlerin\u00a0yeniden\u00a0ba\u015fvuru\u00a0yapmalar\u0131 sa\u011flanacakt\u0131r.Bilgilerinde\u00a0de\u011fi\u015fiklik olanlar d\u0131\u015f\u0131nda\u00a0yeniden\u00a0ba\u015fvurularda\u00a0tercih\u00a0d\u00fczeltilmesi yap\u0131lmayacakt\u0131r.<\/p>\n<p>\u00d6\u011fretmenler,\u00a0ba\u015fvuru\u00a0s\u00fcresi i\u00e7inde, g\u00f6revli oldu\u011fu\u00a0okul\u00a0ya da\u00a0kadrosunun\u00a0bulundu\u011fu il\/il\u00e7e milli\u00a0e\u011fitimm\u00fcd\u00fcrl\u00fc\u011f\u00fcne dilek\u00e7e vermek suretiyle\u00a0yer\u00a0de\u011fi\u015ftirme\u00a0ba\u015fvurusundan\u00a0vazge\u00e7ebilir. Bu\u00a0durumda\u00f6\u011fretmenlerin\u00a0ba\u015fvurular\u0131\u00a0elektronik\u00a0ortamda\u00a0da iptal edilir.<\/p>\n<p>8.\u00a0\u00d6\u011fretmenlerin\u00a0\u015fahsen\u00a0ba\u015fvuru\u00a0yapmas\u0131 esast\u0131r. Ancak g\u00f6revli oldu\u011fu il\/il\u00e7e d\u0131\u015f\u0131nda bulunanlar, ibraz edilecek\u00a0belgeleri,\u00a0e-posta,\u00a0telefon,\u00a0faks\u00a0gibi\u00a0uygun\u00a0ileti\u015fim\u00a0ara\u00e7lar\u0131yla\u00a0kadrolar\u0131n\u0131n\u00a0bulundu\u011fu\u00a0okulm\u00fcd\u00fcrl\u00fc\u011f\u00fcne s\u00fcresi i\u00e7inde ula\u015ft\u0131rarak\u00a0ba\u015fvurular\u0131n\u0131n\u00a0onaylanmas\u0131n\u0131\u00a0isteyebilirler; y\u00f6neticiler de buba\u015fvurular\u0131\u00a0s\u00fcresi i\u00e7inde\u00a0onaylayacaklard\u0131r.\u00a0Ba\u015fvurusu\u00a0onaylanan\u00a0\u00f6\u011fretmenlere\u00a0ait\u00a0Ba\u015fvuru\u00a0Formu&#8217;nun \u00e7\u0131kt\u0131s\u0131 g\u00f6reve ba\u015flad\u0131klar\u0131nda\u00a0\u00f6\u011fretmenlere\u00a0imzalatt\u0131r\u0131lacakt\u0131r.<\/p>\n<p>9.\u00a0M\u00fcstakil\u00a0m\u00fcd\u00fcrl\u00fc\u011f\u00fc bulunmayan\u00a0okullarda\u00a0g\u00f6revli\u00a0\u00f6\u011fretmenler\u00a0ile\u00a0kadrolar\u0131\u00a0il\/il\u00e7e milli\u00a0e\u011fitimm\u00fcd\u00fcrl\u00fcklerinde bulunan\u00a0\u00f6\u011fretmenler,\u00a0ba\u015fvurular\u0131n\u0131\u00a0kadrolar\u0131n\u0131n\u00a0bulundu\u011fu il\/il\u00e7e milli\u00a0e\u011fitimm\u00fcd\u00fcrl\u00fcklerine yapacaklard\u0131r.<\/p>\n<p>10.\u00a0Yurt d\u0131\u015f\u0131nda\u00a0g\u00f6revlendirilenler ile ayl\u0131ks\u0131z izinli olan\u00a0\u00f6\u011fretmenlerden,\u00a0yurt d\u0131\u015f\u0131\u00a0g\u00f6rev s\u00fcresi veya izinlerinin 07\u00a0\u015eubat\u00a02014\u00a0tarihine\u00a0kadar\u00a0sona\u00a0erece\u011fini\u00a0belgelendirenler, di\u011fer \u015fartlar\u0131 da ta\u015f\u0131malar\u0131 kayd\u0131yla\u00a0yer\u00a0de\u011fi\u015ftirme\u00a0ba\u015fvurusunda\u00a0bulunabilirler. Bu kapsamda\u00a0yer\u00a0de\u011fi\u015fikli\u011fi\u00a0ger\u00e7ekle\u015ftirilenlerden\u00a0enge\u00e7\u00a010\u00a0\u015eubat\u00a02014\u00a0tarihi\u00a0itibar\u0131yla g\u00f6revine ba\u015flamayanlar\u0131n atamalar\u0131 iptal edilecektir.<\/p>\n<p>11.\u00a0\u00d6\u011fretmenlerden\u00a0e\u015fi kamu g\u00f6revlisi olup askerlik g\u00f6revini yapmakta olanlar, e\u015finin g\u00f6rev yapt\u0131\u011f\u0131kurumun\u00a0bulundu\u011fu\u00a0yere\u00a0yer\u00a0de\u011fi\u015ftirme iste\u011finde bulunabilecektir.<\/p>\n<p>12.\u00a0Ba\u015fvurular, iki a\u015famada al\u0131nacakt\u0131r.\u00a0Birinci\u00a0a\u015famada \u00f6z\u00fcr\u00a0ba\u015fvurular\u0131n\u0131n\u00a0ge\u00e7erlilik\u00a0kazanabilmesi\u00a0i\u00e7inba\u015fvurunun,\u00a0s\u0131ras\u0131yla\u00a0okul, il\u00e7e ve il milli\u00a0e\u011fitim\u00a0m\u00fcd\u00fcrl\u00fcklerince\u00a0onaylanmas\u0131\u00a0gerekmektedir. \u0130kinci a\u015famada ise\u00a0e\u011fitim\u00a0kurumu\u00a0tercihleri\u00a0al\u0131nacak ve\u00a0okul\u00a0m\u00fcd\u00fcrl\u00fcklerince\u00a0onaylanacakt\u0131r.<\/p>\n<p>13.\u00a0Elektronik\u00a0Ba\u015fvuru\u00a0Formu\u00a0d\u0131\u015f\u0131nda bir\u00a0belgeyle\u00a0veya\u00a0posta\u00a0yoluyla\u00a0yap\u0131lan\u00a0ba\u015fvurular; gerekli \u015fartlar\u0131 ta\u015f\u0131mayan\u00a0ba\u015fvurular; ger\u00e7e\u011fe\u00a0ayk\u0131r\u0131\u00a0bilgi\u00a0ve\u00a0belgeyle\u00a0ya da istenilen\u00a0bilgiler\u00a0uygun\u00a0bi\u00e7imdei\u015faretlenmeden\u00a0yap\u0131lan\u00a0ba\u015fvurular\u00a0ile\u00a0Elektronik\u00a0Ba\u015fvuru\u00a0Formu\u00a0\u00e7\u0131kt\u0131s\u0131 imzalanmadan ve\u00a0onaylanmadanyap\u0131lan\u00a0ba\u015fvurular\u00a0ge\u00e7ersiz say\u0131lacak; ge\u00e7ersiz\u00a0ba\u015fvurulara\u00a0dayal\u0131\u00a0yer\u00a0de\u011fi\u015ftirmeler iptal edilecektir.<\/p>\n<p>14.\u00a0Yer\u00a0de\u011fi\u015ftirme s\u00fcrecinde yap\u0131lan\u00a0i\u015flemlerle\u00a0ilgili olarak ger\u00e7e\u011fe\u00a0ayk\u0131r\u0131\u00a0beyanda bulunan\u00a0\u00f6\u011fretmenlerile gerekli\u00a0kontrolleri\u00a0yapmadan bu\u00a0ba\u015fvurular\u0131\u00a0onaylayan\u00a0sorumlular\u00a0hakk\u0131nda\u00a0yasal\u00a0i\u015flem\u00a0yap\u0131lacakt\u0131r.<\/p>\n<p>15.\u00a0Yer\u00a0de\u011fi\u015ftirme s\u00fcrecinde\u00a0ihtiya\u00e7\u00a0duyulan\u00a0a\u00e7\u0131klamalar\u00a0Bakanl\u0131\u011f\u0131n http:\/\/ikgm.meb.gov.tr\u00a0internetadresinden\u00a0ayr\u0131ca\u00a0duyurulacakt\u0131r.<\/p>\n<p>SA\u011eLIK\u00a0DURUMU\u00a0\u00d6ZR\u00dcNE BA\u011eLI\u00a0YER\u00a0DE\u011e\u0130\u015eT\u0130RMELER<\/p>\n<p>\u00d6\u011fretmenler;<\/p>\n<p>a) G\u00f6rev yapt\u0131\u011f\u0131\u00a0yerde\u00a0kalmas\u0131 halinde, kendisi, e\u015fi veya\u00a0\u00e7ocuklar\u0131n\u0131n\u00a0sa\u011fl\u0131k\u00a0durumlar\u0131n\u0131n\u00a0tehlikeye girece\u011fini belirtir\u00a0sa\u011fl\u0131k\u00a0kurulu\u00a0raporu ile tedavi olmak istedi\u011fi,<\/p>\n<p>b)\u00a0Anne,\u00a0baba\u00a0veya yarg\u0131 karar\u0131yla vasi tayin edildi\u011fi karde\u015flerinden birisi i\u00e7in &#8220;Ba\u015fkas\u0131n\u0131n\u00a0g\u00fc\u00e7\u00a0ve\u00a0yard\u0131m\u0131olmaks\u0131z\u0131n\u00a0hayat\u0131n\u0131\u00a0devam ettiremez.&#8221; ibaresi bulunan\u00a0sa\u011fl\u0131k\u00a0kurulu\u00a0raporu ile\u00a0anne,\u00a0baba\u00a0veya karde\u015fininAdres\u00a0Kay\u0131t\u00a0Sistemine\u00a0(AKS) kay\u0131tl\u0131\u00a0adresinin\u00a0bulundu\u011fu<\/p>\n<p>il\u00e7e\/ildeki\u00a0okullara\u00a0atanmak \u00fczere\u00a0yer\u00a0de\u011fi\u015ftirme\u00a0ba\u015fvurusunda\u00a0bulunabilirler.<\/p>\n<p>Kendi hastal\u0131\u011f\u0131 nedeniyle\u00a0yer\u00a0de\u011fi\u015ftirme\u00a0ba\u015fvurusunda\u00a0bulunan\u00a0\u00f6\u011fretmenlerin\u00a0ibraz etti\u011fi\u00a0sa\u011fl\u0131k\u00a0kuruluraporunda, hastal\u0131\u011f\u0131n\u0131n\u00a0\u00f6\u011fretmenlik\u00a0yapmas\u0131n\u0131 engellemeyece\u011finin\u00a0ayr\u0131ca\u00a0belirtilmesi gerekir.<\/p>\n<p>\u00d6zel\u00a0e\u011fitim\u00a0almas\u0131 gereken \u00e7ocu\u011fu olan\u00a0\u00f6\u011fretmenler\u00a0ise,\u00a0rehberlik\u00a0ve\u00a0ara\u015ft\u0131rma\u00a0merkezlerince\u00a0\u00e7ocuklar\u0131i\u00e7in\u00a0verilen\u00a0\u00f6zel\u00a0e\u011fitim\u00a0de\u011ferlendirme\u00a0kurulu\u00a0raporu ve il milli\u00a0e\u011fitim\u00a0m\u00fcd\u00fcrl\u00fcklerinden al\u0131nacak g\u00f6rev yapt\u0131\u011f\u0131 ilde \u00e7ocu\u011funun \u00f6zr\u00fcne ili\u015fkin\u00a0\u00f6zel\u00a0e\u011fitim\u00a0alabilece\u011fi resmi\u00a0e\u011fitim\u00a0kurumu\u00a0bulunmad\u0131\u011f\u0131na dair\u00a0belgeile\u00a0yer\u00a0de\u011fi\u015ftirme\u00a0ba\u015fvurusunda\u00a0bulunabilirler.<\/p>\n<p>Ba\u015fvuruda\u00a0istenecek\u00a0belgeler\u00a0\u015funlard\u0131r:<\/p>\n<p>a)\u00a0Ba\u015fvuru\u00a0tarihi\u00a0itibar\u0131yla resmi veya\u00a0\u00f6zel\u00a0sa\u011fl\u0131k\u00a0kurum\u00a0ve\u00a0kurulu\u015flar\u0131ndan\u00a0son\u00a0alt\u0131\u00a0ay\u00a0i\u00e7inde al\u0131nan yukar\u0131da\u00a0a\u00e7\u0131klanan\u00a0muhtevaya\u00a0uygun\u00a0sa\u011fl\u0131k\u00a0kurulu\u00a0raporu (\u00f6z\u00fcrl\u00fc raporlar\u0131nda s\u00fcre \u015fart\u0131 aranmaz),<\/p>\n<p>b) Karde\u015fine vasi tayin edilenlerden mahkeme karar\u0131,<\/p>\n<p>c) \u00c7ocu\u011fu\u00a0\u00f6zel\u00a0e\u011fitim\u00a0almas\u0131 gerekenlerden,\u00a0\u00f6zel\u00a0e\u011fitim\u00a0de\u011ferlendirme\u00a0kurulu\u00a0raporu ve bulundu\u011fu ilde\u00f6zel\u00a0e\u011fitim\u00a0alabilece\u011fi\u00a0e\u011fitim\u00a0kurumunun\u00a0bulunmad\u0131\u011f\u0131na dair g\u00f6rev yapt\u0131\u011f\u0131 il milli\u00a0e\u011fitim\u00a0m\u00fcd\u00fcrl\u00fc\u011f\u00fcnceverilecek\u00a0belge.<\/p>\n<p>E\u015f,\u00a0anne-baba,\u00a0\u00e7ocuk\u00a0ve karde\u015f i\u00e7in veya vasi tayini sebebiyle al\u0131nm\u0131\u015f\u00a0sa\u011fl\u0131k\u00a0kurulu\u00a0raporlar\u0131 ile yap\u0131lanba\u015fvurularda,\u00a0onay\u00a0makamlar\u0131,\u00a0aile\u00a0k\u00fct\u00fc\u011f\u00fcne i\u015flenmi\u015f\u00a0ki\u015fisel\u00a0bilgilerin\u00a0\u00f6zetlerini\u00a0g\u00f6sterir\u00a0vukuatl\u0131 n\u00fcfus kay\u0131t \u00f6rne\u011fini\u00a0elektronik\u00a0ortamda\u00a0temin ederek\u00a0kontrol\u00a0edeceklerdir.<\/p>\n<p>E\u015e\u00a0DURUMU\u00a0\u00d6ZR\u00dcNE BA\u011eLI\u00a0YER\u00a0DE\u011e\u0130\u015eT\u0130RMELER<\/p>\n<p>I-\u00a0\u00d6\u011fretmenlerden\u00a0e\u015fi;<\/p>\n<p>a) 657 say\u0131l\u0131 Devlet Memurlar\u0131 Kanunu&#8217;nun 4\/A ve 4\/B maddesi kapsam\u0131nda,<\/p>\n<p>b)\u00a0Sosyal G\u00fcvenlik\u00a0Kurumu&#8217;na ba\u011fl\u0131,<\/p>\n<p>c) 506 say\u0131l\u0131 Kanun&#8217;un Ge\u00e7ici 20 nci maddesine g\u00f6re,\u00a0bankalar\u00a0i\u00e7in\u00a0kurulmu\u015f\u00a0\u00f6zel\u00a0emeklilik\u00a0sand\u0131\u011f\u0131na tabi,<\/p>\n<p>\u00e7) TOBB ve\u00a0Odalar\u00a0gibi kamu\u00a0kurumu\u00a0niteli\u011findeki\u00a0meslek\u00a0kurulu\u015flar\u0131nda,<\/p>\n<p>d) Avukat olup baroya kay\u0131tl\u0131 ve vergi m\u00fckellefi olarak<\/p>\n<p>\u00e7al\u0131\u015fanlar\u00a0ile a\u015fa\u011f\u0131da II nci maddede belirtilenlerin e\u015fleri, e\u015flerinin g\u00f6rev yapt\u0131\u011f\u0131 il\/il\u00e7eye\u00a0yer\u00a0de\u011fi\u015ftirmeba\u015fvurusunda\u00a0bulunabilirler.<\/p>\n<p>II- E\u015f\u00a0durumu\u00a0\u00f6zr\u00fcnden\u00a0yer\u00a0de\u011fi\u015fikli\u011fi isteyenlerden:<\/p>\n<p>a) E\u015fi; yasama organ\u0131 \u00fcyeli\u011fi, belediye ba\u015fkanl\u0131\u011f\u0131, 23\/4\/1981\u00a0tarihli\u00a0ve 2451 say\u0131l\u0131 Bakanl\u0131klar ve Ba\u011fl\u0131 Kurulu\u015flarda Atama Usul\u00fcne \u0130li\u015fkin Kanun&#8217;a ekli I ve II say\u0131l\u0131 cetvellerde belirtilen g\u00f6revlerde bulunanlar, 27\/7\/1967\u00a0tarihli\u00a0ve 926 say\u0131l\u0131 T\u00fcrk Silahl\u0131 Kuvvetleri Personel Kanunu, 4\/11\/1981\u00a0tarihli\u00a0ve 2547 say\u0131l\u0131 Y\u00fcksek\u00f6\u011fretim Kanunu, 24\/2\/1983\u00a0tarihli\u00a0ve 2802 say\u0131l\u0131 Hakimler ve Savc\u0131lar Kanunu, kamu kurum ve kurulu\u015flar\u0131nda 657 say\u0131l\u0131 Devlet Memurlar\u0131 Kanunu kapsam\u0131nda memur veya bu Kanunun 4\/B ve 4\/C maddeleri kapsam\u0131nda s\u00f6zle\u015fmeli personel stat\u00fcs\u00fcnde\u00a0\u00e7al\u0131\u015fanlar, 399 say\u0131l\u0131 KHK kapsam\u0131nda\u00a0\u00e7al\u0131\u015fanlar, bunlar\u0131n d\u0131\u015f\u0131nda \u00f6zel kanunlarla kurulan kamu kurum ve kurulu\u015flar\u0131nda\u00a0\u00e7al\u0131\u015fanlar\u00a0ile kamu kurum ve kurulu\u015flar\u0131nda s\u00fcrekli i\u015f\u00e7i olarak\u00a0\u00e7al\u0131\u015fanlardan, e\u015finin\u00a0\u00e7al\u0131\u015fmakta\u00a0oldu\u011fu kurum\/kurulu\u015ftan al\u0131nacak g\u00f6rev yeri belgesi, (Birinci a\u015fama ba\u015fvurular\u0131n\u0131n son g\u00fcn\u00fc itibar\u0131yla ba\u015fka bir il&#8217;e atamas\u0131n\u0131n yap\u0131ld\u0131\u011f\u0131n\u0131 belgelendiren kamu kurum ve kurulu\u015flar\u0131nda\u00a0\u00e7al\u0131\u015fanlar\u0131n\u0131n, g\u00f6rev yeri belgesi aranmadan sadece atama kararlar\u0131 yeterli kabul edilecektir)<\/p>\n<p>b) E\u015fi kamu kurum ve kurulu\u015flar\u0131 d\u0131\u015f\u0131nda 31\/5\/2006 tarihli ve 5510 say\u0131l\u0131 Sosyal Sigortalar ve Genel Sa\u011fl\u0131k Sigortas\u0131 Kanunu&#8217;nun 4 \u00fcnc\u00fc maddesinin (a) ve (b) bentleri kapsam\u0131nda sigortal\u0131 olarak \u00e7al\u0131\u015fanlardan;<\/p>\n<p>1. E\u015finin \u00e7al\u0131\u015fmakta oldu\u011fu i\u015fyerinden al\u0131nacak g\u00f6rev yeri belgesi,<\/p>\n<p>2. Ba\u011fl\u0131 bulundu\u011fu vergi dairesinden veya ilgili meslek kurulu\u015fundan al\u0131nacak i\u015fyerinin faaliyette oldu\u011funu g\u00f6sterir belge,<\/p>\n<p>3. Birinci a\u015fama ba\u015fvurular\u0131n\u0131n son g\u00fcn\u00fc itibar\u0131yla son iki y\u0131ll\u0131k s\u00fcre zarf\u0131nda en az 360 g\u00fcn sigortal\u0131 hizmeti oldu\u011funu ve sigortal\u0131l\u0131\u011f\u0131n\u0131n halen devam etti\u011fini g\u00f6sterir belge,<\/p>\n<p>4. \u0130dare merkezi belirli bir il&#8217;de olmakla birlikte \u00fclke genelinde faaliyet g\u00f6steren \u015firketlerin \u015firket merkezi d\u0131\u015f\u0131nda \u00e7al\u0131\u015fanlar\u0131n\u0131n \u00f6\u011fretmen e\u015fleri, ayr\u0131ca, atanmak istedi\u011fi yerde e\u015finin i\u015fyerinin faal oldu\u011funa dair anonim \u015firketler i\u00e7in kendi i\u015fyerlerinden, di\u011fer \u015firketler i\u00e7inse \u00e7al\u0131\u015ft\u0131klar\u0131 ildeki vergi dairesi, belediye veya ilgili meslek kurulu\u015fundan alacaklar\u0131 belge istenecektir.<\/p>\n<p>5. 360 g\u00fcn sigortal\u0131l\u0131k s\u00fcresinin hesab\u0131nda, 31\/5\/2006 tarihli ve 5510 say\u0131l\u0131 Sosyal Sigortalar ve Genel Sa\u011fl\u0131k Sigortas\u0131 Kanunu&#8217;nun 4 \u00fcnc\u00fc maddesi kapsam\u0131nda ge\u00e7en hizmet s\u00fcrelerinin tamam\u0131 birlikte de\u011ferlendirilecektir.<\/p>\n<p>6. E\u015fleri sigortal\u0131 olarak \u00e7al\u0131\u015fan \u00f6\u011fretmenlerin yer de\u011fi\u015fikli\u011fi ba\u015fvurular\u0131nda, e\u015flerinin sigortal\u0131l\u0131k s\u00fcresinin yeterli olmamas\u0131 halinde, bor\u00e7lan\u0131lmak kayd\u0131yla son iki y\u0131ll\u0131k s\u00fcre zarf\u0131nda askerlikte ge\u00e7en s\u00fcreler de sigortal\u0131 olarak ge\u00e7irilen s\u00fcreler kapsam\u0131nda de\u011ferlendirilir.<\/p>\n<p>III- E\u015fi emekli olan \u00f6\u011fretmenler, bir defaya mahsus olmak \u00fczere son ba\u015fvuru tarihi itibar\u0131yla son 6 (alt\u0131) ay i\u00e7inde e\u015finin emekli oldu\u011funu g\u00f6sterir belge ile e\u015finin ikamet etti\u011fi yere yer de\u011fi\u015ftirme ba\u015fvurusunda bulunabilirler.<\/p>\n<p>IV- \u00d6\u011fretmenlerden;<\/p>\n<p>a) Kendisi ya da memur e\u015fi yurt d\u0131\u015f\u0131 g\u00f6revde bulunanlar,<\/p>\n<p>b) E\u015fleri ge\u00e7ici g\u00f6revli olanlar,<\/p>\n<p>c) E\u015fleri iste\u011fe ba\u011fl\u0131 sigortal\u0131 olanlar<\/p>\n<p>yer de\u011fi\u015ftirme ba\u015fvurusunda bulunamayacaklard\u0131r.<\/p>\n<p>GENEL VE \u00d6ZEL HAYATI ETK\u0130LEYEN NEDENLERE BA\u011eLI YER<\/p>\n<p>DE\u011e\u0130\u015eT\u0130RMELER<\/p>\n<p>1. \u00d6\u011fretmenlerden;<\/p>\n<p>a) E\u015fi vefat edenler, e\u015flerinin vefat tarihini izleyen 6 (alt\u0131) ay i\u00e7inde,<\/p>\n<p>b) E\u015fleri \u015fehit ya da malul gazi olanlar, \u015fehadet veya gazili\u011fin vukuundan itibaren 6 (alt\u0131) ay i\u00e7inde,<\/p>\n<p>c) Ter\u00f6r eylemleri etkisi ve sebebiyle, kanunen bakmakla y\u00fck\u00fcml\u00fc oldu\u011fu \u00e7ocuklar\u0131 ile anne\/babas\u0131 veya karde\u015flerinden biri \u015fehit ya da malul gazi olanlar, \u015fehadet veya gazili\u011fin vukuundan itibaren 6 (alt\u0131) ay i\u00e7inde,<\/p>\n<p>\u00e7) G\u00f6rev yapt\u0131klar\u0131 yerde \u00f6zel hayat\u0131nda a\u00e7\u0131k\u00e7a tehlike olu\u015fturan olay nedeniyle,<\/p>\n<p>d) G\u00f6revli oldu\u011fu yerle\u015fim yeri d\u0131\u015f\u0131nda bir orta\u00f6\u011fretim kurumunu, merkezi s\u0131navla kazanan \u00e7ocu\u011funun, \u00f6\u011frenim g\u00f6rece\u011fi yerde yat\u0131l\u0131 \u00f6\u011frenim g\u00f6rme imkan\u0131 olmad\u0131\u011f\u0131n\u0131 belgelendirenler<\/p>\n<p>yer de\u011fi\u015ftirme ba\u015fvurusunda bulunabileceklerdir.<\/p>\n<p>2. Bu kapsamda ba\u015fvuruda bulunacak \u00f6\u011fretmenlerden;<\/p>\n<p>a) G\u00f6rev yapt\u0131klar\u0131 yerde \u00f6zel hayat\u0131nda a\u00e7\u0131k\u00e7a tehlike olu\u015fturan olaya ili\u015fkin g\u00f6rev yapt\u0131\u011f\u0131 il valisinin teklifi,<\/p>\n<p>b) E\u015finin vefat\u0131n\u0131 g\u00f6sterir belge,<\/p>\n<p>c) E\u015fi, \u00e7ocu\u011fu ile anne\/babas\u0131 veya karde\u015flerinden birinin \u015fehit ya da malul gazi oldu\u011funa dair belge,<\/p>\n<p>\u00e7) \u00c7ocu\u011funun merkezi s\u0131navla kazand\u0131\u011f\u0131 yeri g\u00f6sterir belge ile \u00e7ocu\u011funun \u00f6\u011frenim g\u00f6rece\u011fi yerde yat\u0131l\u0131 \u00f6\u011frenim g\u00f6rme imkan\u0131 olmad\u0131\u011f\u0131na dair belge<\/p>\n<p>istenecektir.<\/p>\n<p>YER DE\u011e\u0130\u015eT\u0130RMELERDE \u00d6\u011eRETMEN, OKUL, \u0130L\u00c7E VE \u0130L M\u0130LL\u0130 E\u011e\u0130T\u0130M M\u00dcD\u00dcRL\u00dcKLER\u0130NCE YAPILACAK \u0130\u015e VE \u0130\u015eLEMLER<\/p>\n<p>\u00d6\u011fretmenler yer de\u011fi\u015ftirme ba\u015fvurular\u0131n\u0131, ilan edilen ba\u015fvuru tarihleri aras\u0131nda Elektronik Ba\u015fvuru Formu&#8217;nu doldurmak suretiyle yapacaklard\u0131r. Elektronik Ba\u015fvuru Formuna, http:\/\/mebbis.meb.gov.tr veya http:\/\/ikgm.meb.gov.tr adreslerinden &#8220;kullan\u0131c\u0131 ad\u0131&#8221; ve &#8220;\u015fifre&#8221; ile ula\u015f\u0131lacakt\u0131r.<\/p>\n<p>\u00d6\u011fretmenler yer de\u011fi\u015ftirme ba\u015fvurular\u0131n\u0131 yapt\u0131ktan sonra \u00f6z\u00fcr durumuna ili\u015fkin belgeleri, onay i\u00e7in kadrolar\u0131n\u0131n bulundu\u011fu okul m\u00fcd\u00fcrl\u00fc\u011f\u00fcne ibraz etmek zorundad\u0131r. G\u00f6revli oldu\u011fu il\/il\u00e7e d\u0131\u015f\u0131nda bulunanlar, ibraz edilecek belgeleri, e-posta, telefon, faks gibi uygun ileti\u015fim ara\u00e7lar\u0131yla kadrolar\u0131n\u0131n bulundu\u011fu okul m\u00fcd\u00fcrl\u00fc\u011f\u00fcne s\u00fcresi i\u00e7inde ula\u015ft\u0131racaklard\u0131r. S\u00fcresi i\u00e7inde ula\u015ft\u0131r\u0131lmayan belgelerden \u00f6\u011fretmen sorumludur.<\/p>\n<p>Okul m\u00fcd\u00fcrl\u00fcklerince, ibraz edilen belgeler incelenerek uygun bulunanlar elektronik ortamda tarand\u0131ktan sonra Elektronik Ba\u015fvuru Formu&#8217;nun \u00e7\u0131kt\u0131s\u0131 al\u0131narak ba\u015fvurular onaylanacakt\u0131r. Gerekli \u015fartlar\u0131 ta\u015f\u0131mad\u0131\u011f\u0131 tespit edilenlerin ba\u015fvurusu reddedilecektir.<\/p>\n<p>Okul m\u00fcd\u00fcrl\u00fckleri, \u00f6z\u00fcr durumu belgelerini elektronik ortamda sisteme yans\u0131tarak onay i\u00e7in il\u00e7e ve il milli e\u011fitim m\u00fcd\u00fcrl\u00fc\u011f\u00fcne g\u00f6nderilmesini sa\u011flayacakt\u0131r.<\/p>\n<p>Ba\u015fvurular; e\u011fitim kurumu m\u00fcd\u00fcrl\u00fcklerince ba\u015fvurunun yap\u0131ld\u0131\u011f\u0131 g\u00fcn ya da takip eden g\u00fcn i\u00e7inde; il ve il\u00e7e milli e\u011fitim m\u00fcd\u00fcrl\u00fcklerince ise en ge\u00e7 e\u011fitim kurumu m\u00fcd\u00fcrl\u00fc\u011f\u00fcn\u00fcn onay\u0131n\u0131 takip eden g\u00fcnde onaylanacakt\u0131r. Son g\u00fcn yap\u0131lan ba\u015fvurular ayn\u0131 g\u00fcn i\u00e7inde onaylanacakt\u0131r.<\/p>\n<p>Onay i\u015flemlerinin s\u00fcresi i\u00e7inde tamamlanmas\u0131n\u0131 takiben ba\u015fvurular de\u011ferlendirmeye al\u0131nacakt\u0131r.<\/p>\n<p>\u00d6\u011fretmenlerin ba\u015fvuru ve onay i\u015flemlerini internet arac\u0131l\u0131\u011f\u0131yla takip etmesi sa\u011flanacakt\u0131r.<\/p>\n<p>\u0130l\/il\u00e7e milli e\u011fitim m\u00fcd\u00fcrl\u00fckleri, yer de\u011fi\u015ftirme i\u015f ve i\u015flemleri ile ba\u015fvurular\u0131n onaylanmas\u0131 ya da reddedilmesinden g\u00f6revli, yetkili ve sorumludur.<\/p>\n<p>Onay i\u015flemlerinin hafta sonu tatillerine denk geldi\u011fi g\u00fcnlerde okullar ile il\/il\u00e7e milli e\u011fitim m\u00fcd\u00fcrl\u00fcklerince gerekli tedbirler al\u0131narak yeterli say\u0131da personel bulundurulacak ve ba\u015fvurular\u0131n onaylanmas\u0131 sa\u011flanacakt\u0131r.<\/p>\n<p>Yer de\u011fi\u015ftirme ba\u015fvurular\u0131na ili\u015fkin teredd\u00fctler \u00f6ncelikle il milli e\u011fitim m\u00fcd\u00fcrl\u00fc\u011f\u00fcnce giderilecek; bu a\u015famada giderilemeyen teredd\u00fctler yetkililerce Bakanl\u0131\u011fa bildirilecektir.<\/p>\n<p>BA\u015eVURU VE TERC\u0130HLER<\/p>\n<p>Ba\u015fvurular<\/p>\n<p>\u00d6z\u00fcr sebebiyle g\u00f6rev yerlerinden ayr\u0131lacak \u00f6\u011fretmenlerin yerine atama yap\u0131labilmesi bak\u0131m\u0131ndan ba\u015fvurular, yer de\u011fi\u015ftirme takviminde belirtilen tarihler aras\u0131nda iki a\u015famal\u0131 olarak al\u0131nacakt\u0131r.<\/p>\n<p>Birinci a\u015famada, \u00f6\u011fretmenler Elektronik Ba\u015fvuru Formu&#8217;nu doldurarak, \u00f6z\u00fcr durumuna g\u00f6re atanmak istedi\u011fi il ve il\u00e7eyi se\u00e7erek ba\u015fvuru formunu onaylatacaklard\u0131r.<\/p>\n<p>\u0130kinci a\u015famada; \u00f6\u011fretmenin atanmak istedi\u011fi il ve il\u00e7ede bo\u015f norm kadrosu bulunan okullar ile \u00f6\u011fretmenlerin yer de\u011fi\u015ftirmesi sebebiyle muhtemelen bo\u015falacak okullar\u0131n listesi http:\/\/ikgm.meb.gov.tr internet adresinde yay\u0131mlanacakt\u0131r. Birinci a\u015famada ba\u015fvurusu onaylanan \u00f6\u011fretmenler, atanmak istedikleri okul kodlar\u0131n\u0131, tercih \u00f6nceliklerini dikkate alarak i\u015faretleyeceklerdir.<\/p>\n<p>Tercih a\u015famas\u0131nda &#8220;muhtemelen bo\u015falacak okul&#8221; olarak ilan edilen ancak atamalar sonucunda bunlardan norm kadrosu bo\u015falmayan okullar\u0131 tercih eden \u00f6\u011fretmenlerin bu tercihleri de\u011ferlendirmeye al\u0131nmayacakt\u0131r.<\/p>\n<p>Tercihler 1-\u0130ller aras\u0131nda:<\/p>\n<p>\u00d6\u011fretmenler, \u00f6z\u00fcrlerinin bulundu\u011fu ildeki okullar aras\u0131ndan en \u00e7ok 40 (k\u0131rk) tercihte bulunabilirler. Tercihlerine atanamama ihtimaline kar\u015f\u0131l\u0131k \u00f6\u011fretmenler, 41 inci se\u00e7enek olarak il genelinde bo\u015f kalan e\u011fitim kurumlar\u0131na atanmak isteyip istemediklerini ayr\u0131ca belirtebilecektir.<\/p>\n<p>Tercihlerine atanamayanlardan 41 inci se\u00e7ene\u011fi tercih edenler il genelinde bo\u015f kalan kurumlara kur&#8217;a usul\u00fcyle atanacaklard\u0131r.<\/p>\n<p>40&#8217;tan az tercih yapanlar ile tercih d\u0131\u015f\u0131 atanmak istemeyen \u00f6\u011fretmenlerin sadece tercihleri dikkate al\u0131nacakt\u0131r.<\/p>\n<p>Hizmet puan\u0131 yetersizli\u011fi sebebiyle \u00f6z\u00fcr durumundan yer de\u011fi\u015ftirmeleri yap\u0131lamayan \u00f6\u011fretmenlere, istekleri halinde ayl\u0131ks\u0131z izin kulland\u0131r\u0131lacakt\u0131r.<\/p>\n<p>2- \u0130l i\u00e7inde:<\/p>\n<p>\u0130l i\u00e7inde \u00f6z\u00fcr durumuna ba\u011fl\u0131 yer de\u011fi\u015ftirecek \u00f6\u011fretmenler, \u00f6z\u00fcrlerinin bulundu\u011fu yerle\u015fim yerindeki e\u011fitim kurumlar\u0131 aras\u0131ndan en \u00e7ok 40 (k\u0131rk) tercihte bulunabilirler.<\/p>\n<p>Yer de\u011fi\u015fikli\u011fi i\u015flemlerinde; il merkezleri; il\u00e7eler; b\u00fcy\u00fck\u015fehir belediyesi stat\u00fcs\u00fcnde olan illerin il\u00e7eleri, beldeleri ve k\u00f6ylerinin her biri ayr\u0131 bir yerle\u015fim yeri olarak de\u011ferlendirilecek ve bu yerle\u015fim yerleri aras\u0131nda yer de\u011fi\u015fikli\u011fi ba\u015fvurusu yap\u0131labilecektir. Bu yerle\u015fim yerlerinin i\u00e7indeki e\u011fitim kurumlan aras\u0131nda \u00f6z\u00fcr durumundan yer de\u011fi\u015fikli\u011fi yap\u0131lamaz.<\/p>\n<p>B\u00fcy\u00fck\u015fehir belediyesi stat\u00fcs\u00fcnde olmayan illerde g\u00f6rev yapanlar, yaln\u0131zca \u00f6zr\u00fcn\u00fcn bulundu\u011fu il merkezi (belde ve k\u00f6yler dahil) ya da il\u00e7edeki (belde ve k\u00f6yler dahil) okullar\u0131 tercih edeceklerdir.<\/p>\n<p>E\u015fi, ayn\u0131 il\u00e7enin k\u00f6y veya beldelerinde g\u00f6rev yapanlar, \u00f6ncelikle e\u015finin oldu\u011fu yerdeki okullar\u0131 tercih edecektir.<\/p>\n<p>Kendisi veya e\u015fi, b\u00fcy\u00fck\u015fehir stat\u00fcs\u00fcnde olan illerin b\u00fcy\u00fck\u015fehir belediyesi s\u0131n\u0131rlar\u0131 d\u0131\u015f\u0131nda kalan il\u00e7elerinde g\u00f6rev yapanlar, e\u015finin g\u00f6rev yapt\u0131\u011f\u0131 b\u00fcy\u00fck\u015fehir belediye s\u0131n\u0131rlar\u0131 d\u0131\u015f\u0131ndaki il\u00e7ede bulunan (belde ve k\u00f6yler dahil) okullar\u0131 tercih edeceklerdir.<\/p>\n<p>B\u00fcy\u00fck\u015fehir stat\u00fcs\u00fcndeki illerde g\u00f6rev yapan \u00f6\u011fretmenlerden;<\/p>\n<p>B\u00fcy\u00fck\u015fehir belediyesi kapsam\u0131ndaki il\u00e7eler d\u0131\u015f\u0131ndaki il\u00e7elerden (belde ve k\u00f6yler dahil) b\u00fcy\u00fck\u015fehir belediyesi kapsam\u0131ndaki il\u00e7elere atanmas\u0131n\u0131 gerektiren \u00f6zr\u00fc bulunanlar b\u00fcy\u00fck\u015fehir belediyesi kapsam\u0131ndaki il\u00e7elerdeki,<\/p>\n<p>B\u00fcy\u00fck\u015fehir belediyesi kapsam\u0131 d\u0131\u015f\u0131ndaki il\u00e7elere (belde ve k\u00f6yler dahil) atanmas\u0131n\u0131 gerektiren \u00f6zr\u00fc bulunanlar, \u00f6z\u00fcrlerinin bulundu\u011fu il\u00e7edeki (belde ve k\u00f6yler dahil),<\/p>\n<p>B\u00fcy\u00fck\u015fehir belediyeleri merkez il\u00e7eleri aras\u0131nda atanmas\u0131n\u0131 gerektiren \u00f6zr\u00fc bulunanlar e\u015finin g\u00f6rev yapt\u0131\u011f\u0131 ve Adres Kay\u0131t Sistemi&#8217;ne (AKS) kay\u0131tl\u0131 ikametgah\u0131n\u0131n bulundu\u011fu il\u00e7edeki okullar\u0131<\/p>\n<p>tercih edebileceklerdir.<\/p>\n<p>3- Fen liseleri, sosyal bilimler liseleri, g\u00fczel sanatlar ve spor liseleri ile bilim ve sanat merkezleri \u00f6\u011fretmenlerinin tercihleri;<\/p>\n<p>Fen liseleri ve sosyal bilimler liselerinin b\u00fct\u00fcn alan \u00f6\u011fretmenleri ile g\u00fczel sanatlar ve spor liselerinin g\u00f6rsel sanatlar\/resim, m\u00fczik ve beden e\u011fitimi \u00f6\u011fretmenleri bilim ve sanat merkezleri hari\u00e7 t\u00fcm e\u011fitim kurumlar\u0131n\u0131 tercih edebilecektir.<\/p>\n<p>\u0130lgili mevzuat\u0131na g\u00f6re Anadolu liselerine atanan \u00f6\u011fretmenler, bilim ve sanat merkezleri hari\u00e7 fen liseleri ile sosyal bilimler liselerini tercih edebilecektir.<\/p>\n<p>G\u00fczel sanatlar ve spor liselerinde halen g\u00f6rev yapan g\u00f6rsel sanatlar\/resim, m\u00fczik ve beden e\u011fitimi \u00f6\u011fretmenleri ile ge\u00e7mi\u015fte g\u00fczel sanatlar liselerinde g\u00f6rev yapm\u0131\u015f olanlar, bilim ve sanat merkezleri hari\u00e7 g\u00fczel sanatlar ve spor liseleri ile di\u011fer e\u011fitim kurumlar\u0131n\u0131 tercih edebilecektir.<\/p>\n<p>Bilim ve sanat merkezlerinde halen g\u00f6rev yapan \u00f6\u011fretmenler ile ge\u00e7mi\u015fte bilim ve sanat merkezlerinde g\u00f6rev yapm\u0131\u015f olanlar fen liseleri ile sosyal bilimler liseleri hari\u00e7, bilim ve sanat merkezleri ile di\u011fer e\u011fitim kurumlar\u0131n\u0131 tercih edebilecektir. Bilim ve sanat merkezlerinde daha \u00f6nce g\u00f6rev yapmam\u0131\u015f \u00f6\u011fretmenler, bu merkezleri tercih edemezler.<\/p>\n<p>Yer De\u011fi\u015ftirmeler ve Tebligat<\/p>\n<p>Yer de\u011fi\u015ftirmeler, \u00f6\u011fretmenlerin tercihleri dikkate al\u0131narak hizmet puan\u0131 \u00fcst\u00fcnl\u00fc\u011f\u00fcne g\u00f6re yap\u0131lacakt\u0131r. Sonu\u00e7lar, http:\/\/ikgm.meb.gov.tr adresinde yay\u0131mlanacakt\u0131r. Yer de\u011fi\u015ftirmesi yap\u0131lan \u00f6\u011fretmenlerin tebligat, ayr\u0131lma ve ba\u015flama i\u015flemleri Yer De\u011fi\u015ftirme Takvimi&#8217;nde belirtilen s\u00fcreler i\u00e7inde tamamlanacakt\u0131r.<\/p>\n<p><b>YER DE\u011e\u0130\u015eT\u0130RME TAKV\u0130M\u0130<\/b><\/p>\n<p><b>I. A\u015eAMA<\/b><\/p>\n<p>Ba\u015fvurular\u0131n kabul edilmesi ve onay s\u00fcreci\u00a0<b>02-08 Ocak 2014<\/b><\/p>\n<p><b>II. A\u015eAMA<\/b><\/p>\n<p>Tercihlerin yap\u0131lmas\u0131 ve onay s\u00fcreci\u00a0<b>13-17 Ocak 2014<\/b><\/p>\n<p><b>Atamalar 20-21 Ocak 2014<\/b><\/p>\n<p><b>Tebligat ve ili\u015fik kesme i\u015flemleri 27 Ocak- 07 \u015eubat 2014<\/b><\/p>\n","protected":false},"excerpt":{"rendered":"<p>\u00d6\u011fretmenlerin\u00a0il i\u00e7i ve iller aras\u0131nda\u00a0sa\u011fl\u0131k\u00a0ve e\u015fdurumu\u00a0\u00f6zr\u00fc ile genel ve\u00a0\u00f6zel\u00a0hayat\u0131\u00a0olumsuz etkileyen nedenlere ba\u011fl\u0131\u00a0yer\u00a0de\u011fi\u015fikli\u011fi\u00a0ba\u015fvurular\u013102-08\u00a0Ocak\u00a02014\u00a0tarihleri\u00a0aras\u0131nda al\u0131nacak, ba\u015fvuruda\u00a0bulunan\u00a0\u00f6\u011fretmenlerin\u00a0e\u011fitim\u00a0kurumu tercihleri\u00a0ise 13-17\u00a0Ocak\u00a02014\u00a0tarihleri\u00a0aras\u0131nda al\u0131narak\u00a0yer\u00a0de\u011fi\u015ftirme\u00a0i\u015flemleri\u00a020-21\u00a0Ocak\u00a02014tarihleri\u00a0aras\u0131nda yap\u0131lacakt\u0131r. 2014\u00a0YARIYIL\u00a0TAT\u0130L\u0130\u00a0\u00d6\u011eRETMENLER\u0130N\u00a0\u0130L \u0130\u00c7\u0130 VE \u0130LLER ARASI \u00d6Z\u00dcR\u00a0DURUMUNA\u00a0BA\u011eLI\u00a0YER DE\u011e\u0130\u015eT\u0130RME DUYURUSU Bakanl\u0131\u011f\u0131m\u0131za ba\u011fl\u0131\u00a0e\u011fitim\u00a0kurumlar\u0131nda\u00a0g\u00f6revli\u00a0\u00f6\u011fretmenlerin\u00a0il i\u00e7i ve iller aras\u0131nda\u00a0sa\u011fl\u0131k\u00a0ve e\u015f\u00a0durumu\u00f6zr\u00fc ile genel ve\u00a0\u00f6zel\u00a0hayat\u0131\u00a0olumsuz etkileyen nedenlere ba\u011fl\u0131\u00a0yer\u00a0de\u011fi\u015fiklikleri 06\/05\/2010\u00a0tarihli\u00a0ve 27573 say\u0131l\u0131 Resmi Gazete&#8217;de yay\u0131mlanan Milli\u00a0E\u011fitim\u00a0Bakanl\u0131\u011f\u0131\u00a0\u00d6\u011fretmenlerinin\u00a0Atama ve\u00a0Yer\u00a0De\u011fi\u015ftirme Y\u00f6netmeli\u011fi h\u00fck\u00fcmleri \u00e7er\u00e7evesinde belirtilen\u00a0tarihler\u00a0aras\u0131nda yap\u0131lacakt\u0131r. 1.\u00a0Alanlar\u00a0itibar\u0131yla atama yap\u0131lacak &#8230; <a title=\"2014 Ocak MEB \u00f6z\u00fcr durumu duyurusu\" class=\"read-more\" href=\"https:\/\/www.sorubak.com\/blog\/2014-ocak-meb-ozur-durumu-duyurusu.html\" aria-label=\"More on 2014 Ocak MEB \u00f6z\u00fcr durumu duyurusu\">Devam\u0131n\u0131 oku&#8230;<\/a><\/p>\n","protected":false},"author":1,"featured_media":0,"comment_status":"open","ping_status":"open","sticky":false,"template":"","format":"standard","meta":{"footnotes":""},"categories":[13484],"tags":[],"class_list":["post-48533","post","type-post","status-publish","format-standard","hentry","category-meb"],"_links":{"self":[{"href":"https:\/\/www.sorubak.com\/blog\/wp-json\/wp\/v2\/posts\/48533","targetHints":{"allow":["GET"]}}],"collection":[{"href":"https:\/\/www.sorubak.com\/blog\/wp-json\/wp\/v2\/posts"}],"about":[{"href":"https:\/\/www.sorubak.com\/blog\/wp-json\/wp\/v2\/types\/post"}],"author":[{"embeddable":true,"href":"https:\/\/www.sorubak.com\/blog\/wp-json\/wp\/v2\/users\/1"}],"replies":[{"embeddable":true,"href":"https:\/\/www.sorubak.com\/blog\/wp-json\/wp\/v2\/comments?post=48533"}],"version-history":[{"count":0,"href":"https:\/\/www.sorubak.com\/blog\/wp-json\/wp\/v2\/posts\/48533\/revisions"}],"wp:attachment":[{"href":"https:\/\/www.sorubak.com\/blog\/wp-json\/wp\/v2\/media?parent=48533"}],"wp:term":[{"taxonomy":"category","embeddable":true,"href":"https:\/\/www.sorubak.com\/blog\/wp-json\/wp\/v2\/categories?post=48533"},{"taxonomy":"post_tag","embeddable":true,"href":"https:\/\/www.sorubak.com\/blog\/wp-json\/wp\/v2\/tags?post=48533"}],"curies":[{"name":"wp","href":"https:\/\/api.w.org\/{rel}","templated":true}]}}