{"id":48531,"date":"2013-12-19T17:45:17","date_gmt":"2013-12-19T15:45:17","guid":{"rendered":"http:\/\/www.sorubak.com\/blog\/?p=48531"},"modified":"2013-12-19T17:45:17","modified_gmt":"2013-12-19T15:45:17","slug":"29-aralik-meb-sube-mudurlugu-sinav-giris-belgeleri","status":"publish","type":"post","link":"https:\/\/www.sorubak.com\/blog\/29-aralik-meb-sube-mudurlugu-sinav-giris-belgeleri.html","title":{"rendered":"29 Aral\u0131k MEB \u015eube M\u00fcd\u00fcrl\u00fc\u011f\u00fc S\u0131nav Giri\u015f Belgeleri"},"content":{"rendered":"<p>2013\u00a0Milli\u00a0E\u011fitim\u00a0Bakanl\u0131\u011f\u0131 G\u00f6revde Y\u00fckselmeYaz\u0131l\u0131\u00a0S\u0131nav\u0131<\/p>\n<p>(2013-\u00a0MEB\u00a0GYS):\u00a0<b><\/b><b>S\u0131nava\u00a0Giri\u015f\u00a0Belgelerini<\/b>n Edinilmesi<\/p>\n<p><a href=\"https:\/\/www.sorubak.com\/blog\/wp-content\/uploads\/2013\/07\/logoaio.png\"><img loading=\"lazy\" decoding=\"async\" class=\"alignleft size-full wp-image-43143\" alt=\"meb\" src=\"https:\/\/www.sorubak.com\/blog\/wp-content\/uploads\/2013\/07\/logoaio.png\" width=\"130\" height=\"130\" \/><\/a>2013\u00a0Milli\u00a0E\u011fitim\u00a0Bakanl\u0131\u011f\u0131 G\u00f6revde Y\u00fckselmeYaz\u0131l\u0131\u00a0S\u0131nav\u0131\u00a0(2013-MEB\u00a0GYS),\u00a0<b>29\u00a0Aral\u0131k\u00a02013<\/b>tarihinde\u00a0yap\u0131lacakt\u0131r.\u00a0S\u0131nava\u00a0ba\u015fvuran\u00a0adaylar\u0131n,s\u0131navlara\u00a0girecekleri\u00a0bina\/salonlara\u00a0atanma\u00a0i\u015flemleri\u00a0tamamlanm\u0131\u015ft\u0131r.<\/p>\n<p>Adaylar,\u00a0s\u0131nava\u00a0girecekleri\u00a0yer\u00a0bilgisini\u00a0g\u00f6steren\u00a0S\u0131nava\u00a0Giri\u015f\u00a0Belgelerini\u00a0T.C. Kimlik\u00a0Numaralar\u0131\u00a0ve aday\u015fifreleri\u00a0ile 19\u00a0Aral\u0131k\u00a02013\u00a0tarihinde\u00a0saat\u00a014.00&#8217;ten itibaren \u00d6SYM&#8217;nin\u00a0<b><i>https:\/\/ais2.osym.gov.tr<\/i><\/b>\u00a0internetadresinden\u00a0edineceklerdir.\u00a0Belgenin\u00a0\u00fczerinde aday\u0131n\u00a0s\u0131nava\u00a0girece\u011fi\u00a0merkez,\u00a0bina,\u00a0salon\u00a0bilgileri\u00a0ile aday\u0131nfoto\u011fraf\u0131\u00a0bulunacakt\u0131r.\u00a0Belge\u00a0\u00fczerinde aday\u0131n\u00a0foto\u011fraf\u0131\u00a0bulunmas\u0131 zorunludur. Adaylar, bu\u00a0belgelerininyaz\u0131c\u0131dan\u00a0d\u00f6k\u00fcm\u00fcn\u00fc edinirken\u00a0belge\u00a0\u00fczerinde\u00a0foto\u011fraf\u00a0olmas\u0131na\u00a0\u00f6zen\u00a0g\u00f6stermelidirler. Adaylar\u00a0internettenedinecekleri bu\u00a0belgelerinin\u00a0renkli\u00a0ya da siyah-beyaz \u00e7\u0131kt\u0131lar\u0131n\u0131\u00a0s\u0131nav\u00a0g\u00fcn\u00fc yanlar\u0131nda bulundurmak zorundad\u0131r.\u00a0Belgenin\u00a0\u00f6n ve arka y\u00fcz\u00fcnde \u00d6SYM&#8217;nin\u00a0belirledi\u011fi\u00a0bilgiler\u00a0d\u0131\u015f\u0131nda herhangi bir\u00a0yaz\u0131,\u00a0resim,i\u015faret\u00a0vb. bulunmamal\u0131d\u0131r.\u00a0<b>S\u0131nava\u00a0Giri\u015f\u00a0Belgesi<\/b>&#8216;ni (foto\u011fraf\u00a0g\u00f6r\u00fcn\u00fcr\u00a0bir\u00a0\u015fekilde) yan\u0131nda bulundurmayan adaylar\u00a0s\u0131nava\u00a0al\u0131nmayacakt\u0131r. Adaylar\u0131n\u00a0s\u0131nava\u00a0girecekleri\u00a0binay\u0131\u00a0s\u0131nav\u00a0g\u00fcn\u00fcnden \u00f6nce g\u00f6rmeleriyararlar\u0131na\u00a0olacakt\u0131r. Adaylara\u00a0S\u0131nava\u00a0Giri\u015f\u00a0Belgesi\u00a0<b>g\u00f6nderilmeyecektir<\/b>.<\/p>\n<p>Adaylar\u0131n\u00a0s\u0131nava\u00a0girebilmeleri i\u00e7in\u00a0<b>S\u0131nava\u00a0Giri\u015f\u00a0Belgesinden<\/b>\u00a0ba\u015fka\u00a0foto\u011frafl\u0131\u00a0ve\u00a0onayl\u0131\u00a0\u00f6zel\u00a0kimlikbelgelerini\u00a0de yanlar\u0131nda bulundurmalar\u0131 zorunludur. N\u00fcfus c\u00fczdan\u0131, pasaport, zorunlu askerlik g\u00f6revini ifa eden er\/erba\u015flar ile askeri\u00a0\u00f6\u011frenciler\u00a0i\u00e7in askeri kimlik\u00a0belgesi\u00a0(Bu\u00a0\u00f6zel\u00a0durum, muvazzaf askerler i\u00e7in ge\u00e7erli de\u011fildir.),\u00a0T\u00fcrk\u00a0vatanda\u015fl\u0131\u011f\u0131ndan izin ile\u00a0ayr\u0131lanlar\u00a0ve bunlar\u0131n kanuni miras\u00e7\u0131lar\u0131na ait Pembe\/MaviKartlar\u00a0\u00f6zel\u00a0kimlik\u00a0belgesi\u00a0olarak kabul edilir. Bunlar\u0131n d\u0131\u015f\u0131ndaki,\u00a0s\u00fcr\u00fcc\u00fc\u00a0belgesi,\u00a0meslek\u00a0kimlik\u00a0kartlar\u0131\u00a0vb. di\u011fer\u00a0t\u00fcm\u00a0belgeler\u00a0s\u0131nava\u00a0giri\u015f\u00a0i\u00e7in ge\u00e7erli\u00a0belgeler\u00a0say\u0131lmayacakt\u0131r. N\u00fcfus c\u00fczdan\u0131nda\u00a0so\u011fuk\u00a0damga bas\u0131l\u0131 olmal\u0131, aday\u0131n g\u00fcncel bir\u00a0foto\u011fraf\u0131\u00a0ve T.C. Kimlik\u00a0Numaras\u0131\u00a0bulunmal\u0131, pasaportun s\u00fcresi ge\u00e7erli olmal\u0131d\u0131r. \u00dczerinde\u00a0so\u011fuk\u00a0damga, g\u00fcncel bir\u00a0foto\u011fraf\u00a0veya T.C. Kimlik\u00a0Numaras\u0131\u00a0bulunmayan n\u00fcfus c\u00fczdanlar\u0131 ile ge\u00e7erlilik s\u00fcresi bitmi\u015f pasaport kabul edilmeyecektir.\u00a0<b>Bu\u00a0belgelerini\u00a0eksiksiz olarak yan\u0131nda bulundurmayan bir aday, mazereti ne olursa olsun,\u00a0s\u0131nava\u00a0al\u0131nmayacakt\u0131r;<\/b>\u00a0s\u0131nava\u00a0al\u0131nsa bile\u00a0s\u0131nav\u0131ge\u00e7ersiz say\u0131lacakt\u0131r.<\/p>\n<p>N\u00fcfus c\u00fczdan\u0131 olmayan veya n\u00fcfus c\u00fczdan\u0131nda T.C. Kimlik\u00a0Numaras\u0131, so\u011fuk damga veya\u00a0foto\u011fraf\u0131bulunmayan adaylar\u0131n, kimlik\u00a0belgesi\u00a0nedeniyle s\u0131navda bir hak kayb\u0131na u\u011framamalar\u0131, ma\u011fduriyet ya\u015famamalar\u0131 i\u00e7in s\u0131nav kurallar\u0131na uygun kimlik\u00a0belgelerini\u00a0edinerek s\u0131nava girmeleri gerekmektedir.<\/p>\n<p>Adaylara ve kamuoyuna duyurulur.<\/p>\n","protected":false},"excerpt":{"rendered":"<p>2013\u00a0Milli\u00a0E\u011fitim\u00a0Bakanl\u0131\u011f\u0131 G\u00f6revde Y\u00fckselmeYaz\u0131l\u0131\u00a0S\u0131nav\u0131 (2013-\u00a0MEB\u00a0GYS):\u00a0S\u0131nava\u00a0Giri\u015f\u00a0Belgelerinin Edinilmesi 2013\u00a0Milli\u00a0E\u011fitim\u00a0Bakanl\u0131\u011f\u0131 G\u00f6revde Y\u00fckselmeYaz\u0131l\u0131\u00a0S\u0131nav\u0131\u00a0(2013-MEB\u00a0GYS),\u00a029\u00a0Aral\u0131k\u00a02013tarihinde\u00a0yap\u0131lacakt\u0131r.\u00a0S\u0131nava\u00a0ba\u015fvuran\u00a0adaylar\u0131n,s\u0131navlara\u00a0girecekleri\u00a0bina\/salonlara\u00a0atanma\u00a0i\u015flemleri\u00a0tamamlanm\u0131\u015ft\u0131r. Adaylar,\u00a0s\u0131nava\u00a0girecekleri\u00a0yer\u00a0bilgisini\u00a0g\u00f6steren\u00a0S\u0131nava\u00a0Giri\u015f\u00a0Belgelerini\u00a0T.C. Kimlik\u00a0Numaralar\u0131\u00a0ve aday\u015fifreleri\u00a0ile 19\u00a0Aral\u0131k\u00a02013\u00a0tarihinde\u00a0saat\u00a014.00&#8217;ten itibaren \u00d6SYM&#8217;nin\u00a0https:\/\/ais2.osym.gov.tr\u00a0internetadresinden\u00a0edineceklerdir.\u00a0Belgenin\u00a0\u00fczerinde aday\u0131n\u00a0s\u0131nava\u00a0girece\u011fi\u00a0merkez,\u00a0bina,\u00a0salon\u00a0bilgileri\u00a0ile aday\u0131nfoto\u011fraf\u0131\u00a0bulunacakt\u0131r.\u00a0Belge\u00a0\u00fczerinde aday\u0131n\u00a0foto\u011fraf\u0131\u00a0bulunmas\u0131 zorunludur. Adaylar, bu\u00a0belgelerininyaz\u0131c\u0131dan\u00a0d\u00f6k\u00fcm\u00fcn\u00fc edinirken\u00a0belge\u00a0\u00fczerinde\u00a0foto\u011fraf\u00a0olmas\u0131na\u00a0\u00f6zen\u00a0g\u00f6stermelidirler. Adaylar\u00a0internettenedinecekleri bu\u00a0belgelerinin\u00a0renkli\u00a0ya da siyah-beyaz \u00e7\u0131kt\u0131lar\u0131n\u0131\u00a0s\u0131nav\u00a0g\u00fcn\u00fc yanlar\u0131nda bulundurmak zorundad\u0131r.\u00a0Belgenin\u00a0\u00f6n ve arka y\u00fcz\u00fcnde \u00d6SYM&#8217;nin\u00a0belirledi\u011fi\u00a0bilgiler\u00a0d\u0131\u015f\u0131nda herhangi bir\u00a0yaz\u0131,\u00a0resim,i\u015faret\u00a0vb. bulunmamal\u0131d\u0131r.\u00a0S\u0131nava\u00a0Giri\u015f\u00a0Belgesi&#8216;ni (foto\u011fraf\u00a0g\u00f6r\u00fcn\u00fcr\u00a0bir\u00a0\u015fekilde) yan\u0131nda bulundurmayan adaylar\u00a0s\u0131nava\u00a0al\u0131nmayacakt\u0131r. Adaylar\u0131n\u00a0s\u0131nava\u00a0girecekleri\u00a0binay\u0131\u00a0s\u0131nav\u00a0g\u00fcn\u00fcnden \u00f6nce g\u00f6rmeleriyararlar\u0131na\u00a0olacakt\u0131r. Adaylara\u00a0S\u0131nava\u00a0Giri\u015f\u00a0Belgesi\u00a0g\u00f6nderilmeyecektir. Adaylar\u0131n\u00a0s\u0131nava\u00a0girebilmeleri i\u00e7in\u00a0S\u0131nava\u00a0Giri\u015f\u00a0Belgesinden\u00a0ba\u015fka\u00a0foto\u011frafl\u0131\u00a0ve\u00a0onayl\u0131\u00a0\u00f6zel\u00a0kimlikbelgelerini\u00a0de yanlar\u0131nda bulundurmalar\u0131 zorunludur. N\u00fcfus c\u00fczdan\u0131, pasaport, zorunlu askerlik g\u00f6revini &#8230; <a title=\"29 Aral\u0131k MEB \u015eube M\u00fcd\u00fcrl\u00fc\u011f\u00fc S\u0131nav Giri\u015f Belgeleri\" class=\"read-more\" href=\"https:\/\/www.sorubak.com\/blog\/29-aralik-meb-sube-mudurlugu-sinav-giris-belgeleri.html\" aria-label=\"More on 29 Aral\u0131k MEB \u015eube M\u00fcd\u00fcrl\u00fc\u011f\u00fc S\u0131nav Giri\u015f Belgeleri\">Devam\u0131n\u0131 oku&#8230;<\/a><\/p>\n","protected":false},"author":1,"featured_media":0,"comment_status":"open","ping_status":"open","sticky":false,"template":"","format":"standard","meta":{"footnotes":""},"categories":[13484],"tags":[],"class_list":["post-48531","post","type-post","status-publish","format-standard","hentry","category-meb"],"_links":{"self":[{"href":"https:\/\/www.sorubak.com\/blog\/wp-json\/wp\/v2\/posts\/48531","targetHints":{"allow":["GET"]}}],"collection":[{"href":"https:\/\/www.sorubak.com\/blog\/wp-json\/wp\/v2\/posts"}],"about":[{"href":"https:\/\/www.sorubak.com\/blog\/wp-json\/wp\/v2\/types\/post"}],"author":[{"embeddable":true,"href":"https:\/\/www.sorubak.com\/blog\/wp-json\/wp\/v2\/users\/1"}],"replies":[{"embeddable":true,"href":"https:\/\/www.sorubak.com\/blog\/wp-json\/wp\/v2\/comments?post=48531"}],"version-history":[{"count":0,"href":"https:\/\/www.sorubak.com\/blog\/wp-json\/wp\/v2\/posts\/48531\/revisions"}],"wp:attachment":[{"href":"https:\/\/www.sorubak.com\/blog\/wp-json\/wp\/v2\/media?parent=48531"}],"wp:term":[{"taxonomy":"category","embeddable":true,"href":"https:\/\/www.sorubak.com\/blog\/wp-json\/wp\/v2\/categories?post=48531"},{"taxonomy":"post_tag","embeddable":true,"href":"https:\/\/www.sorubak.com\/blog\/wp-json\/wp\/v2\/tags?post=48531"}],"curies":[{"name":"wp","href":"https:\/\/api.w.org\/{rel}","templated":true}]}}