{"id":48521,"date":"2013-12-18T20:31:17","date_gmt":"2013-12-18T18:31:17","guid":{"rendered":"http:\/\/www.sorubak.com\/blog\/?p=48521"},"modified":"2013-12-18T20:31:17","modified_gmt":"2013-12-18T18:31:17","slug":"4-sinif-sosyal-bilgiler-1-donem-2-yazili-sorulari-2013-2014-3","status":"publish","type":"post","link":"https:\/\/www.sorubak.com\/blog\/4-sinif-sosyal-bilgiler-1-donem-2-yazili-sorulari-2013-2014-3.html","title":{"rendered":"4.s\u0131n\u0131f sosyal bilgiler 1.d\u00f6nem 2.yaz\u0131l\u0131 sorular\u0131 2013-2014"},"content":{"rendered":"<p style=\"text-align: center;\">Yaz\u0131l\u0131n\u0131n G\u00f6rselli ve Tam Halini \u0130ndirmek \u0130\u00e7in <a href=\"http:\/\/www.sorubak.com\/4sinif-1donem-sosyal-bilgiler-2yazili-sorulari-2013_68008.htm\" target=\"_blank\">TIKLAYINIZ<\/a><\/p>\n<p align=\"center\"><b>2013-2014 E\u011e\u0130T\u0130M \u2013\u00d6\u011eRET\u0130M YILI D\u0130DEM I\u015eIKLI \u0130LKOKULU 4\/A SINIFI SOSYAL B\u0130LG\u0130LER DERS\u0130 B\u0130R\u0130NC\u0130 D\u00d6NEM \u0130K\u0130NC\u0130 YAZILI DE\u011eERLEND\u0130RME<\/b><\/p>\n<p><b>ADIM VE SOYADIM:\u00a0\u00a0\u00a0\u00a0\u00a0\u00a0\u00a0\u00a0\u00a0\u00a0\u00a0\u00a0\u00a0\u00a0\u00a0\u00a0\u00a0\u00a0\u00a0\u00a0\u00a0\u00a0\u00a0\u00a0\u00a0\u00a0\u00a0\u00a0\u00a0\u00a0\u00a0\u00a0\u00a0\u00a0\u00a0\u00a0\u00a0\u00a0\u00a0\u00a0\u00a0 \u00a0\u00a0\u00a0\u00a0\u00a0\u00a0\u00a0\u00a0\u00a0 TAR\u0130H:<\/b><\/p>\n<p><b>1-S\u00f6zl\u00fc Tarih Y\u00f6ntemi hakk\u0131nda bilgi veriniz.(8p.)<\/b><\/p>\n<p><b>\u00a0<\/b><\/p>\n<p><b>\u00a0<\/b><\/p>\n<p><b>2-Gelenek nedir?T\u00fcrk geleneklerine 4 \u00f6rnek yaz\u0131n\u0131z.(10p.)<\/b><\/p>\n<p><b>\u00a0<\/b><\/p>\n<p><b>\u00a0<\/b><\/p>\n<p><b>\u00a0<\/b><\/p>\n<p><b>\u00a0<\/b><\/p>\n<p><b>3-Atat\u00fcrk\u2019\u00fcn,Cumhuriyetin ilan\u0131ndan sonra\u00a0 milli k\u00fclt\u00fcr\u00fcm\u00fcz\u00fcn y\u00fckselmesi ve korunmas\u0131 i\u00e7in \u00a0\u00a0\u00a0yapt\u0131\u011f\u0131 \u00a0\u00a0\u00a0\u00a0\u00a03 \u00e7al\u0131\u015fmay\u0131\u00a0 yaz\u0131n\u0131z?(9p.)<\/b><\/p>\n<p><b>\u00a0<\/b><\/p>\n<p>&nbsp;<\/p>\n<p>&nbsp;<\/p>\n<p><b>4-Birinci D\u00fcnya Sava\u015f\u0131\u2019ndan sonra\u00a0 Osmanl\u0131 Devleti ile \u0130tilaf Devletleri aras\u0131nda imzalanan\u00a0 Mondros Ate\u015fkes Antla\u015fmas\u0131\u2019n\u0131n \u015fartlar\u0131 nelerdir?(12p)<\/b><\/p>\n<p><b>\u00a0<\/b><\/p>\n<p><b>\u00a0<\/b><\/p>\n<p><b>\u00a0<\/b><\/p>\n<p><b>\u00a0<\/b><\/p>\n<p><b>\u00a0<\/b><\/p>\n<p><b>5-Kurtulu\u015f Sava\u015f\u0131 \u2018nda Yunanl\u0131lar ile \u015fu sava\u015flar\u0131 yapt\u0131k:1\u2026\u2026\u2026\u2026\u2026\u2026\u2026\u2026\u2026\u2026\u2026\u2026\u2026\u2026\u2026\u2026\u2026..<\/b><\/p>\n<p><b>\u00a0\u00a0\u00a0\u00a0\u00a0\u00a0\u00a0\u00a0\u00a0\u00a0\u00a0\u00a0\u00a0\u00a0\u00a0\u00a0 (8p)\u00a0\u00a0\u00a0\u00a0\u00a0\u00a0\u00a0\u00a0\u00a0\u00a0\u00a0\u00a0\u00a0\u00a0\u00a0\u00a0\u00a0\u00a0\u00a0\u00a0\u00a0\u00a0\u00a0\u00a0\u00a0\u00a0\u00a0\u00a0\u00a0\u00a0\u00a0\u00a0 \u00a0\u00a0\u00a0 2\u2026\u2026\u2026\u2026\u2026\u2026\u2026\u2026\u2026\u2026\u2026\u2026\u2026\u2026\u2026\u2026\u2026<\/b><\/p>\n<p><b>\u00a0\u00a0\u00a0\u00a0\u00a0\u00a0\u00a0\u00a0\u00a0\u00a0\u00a0\u00a0\u00a0\u00a0\u00a0\u00a0\u00a0\u00a0\u00a0\u00a0\u00a0\u00a0\u00a0\u00a0\u00a0\u00a0\u00a0\u00a0\u00a0\u00a0\u00a0\u00a0\u00a0\u00a0\u00a0\u00a0\u00a0\u00a0\u00a0\u00a0\u00a0\u00a0\u00a0\u00a0\u00a0\u00a0\u00a0\u00a0\u00a0\u00a0\u00a0\u00a0\u00a0 \u00a0\u00a0\u00a0 3\u2026\u2026\u2026\u2026\u2026\u2026\u2026\u2026\u2026\u2026\u2026\u2026\u2026\u2026\u2026\u2026\u2026..<\/b><\/p>\n<p><b>\u00a0\u00a0\u00a0\u00a0\u00a0\u00a0\u00a0\u00a0\u00a0\u00a0\u00a0\u00a0\u00a0\u00a0\u00a0\u00a0\u00a0\u00a0\u00a0\u00a0\u00a0\u00a0\u00a0\u00a0\u00a0\u00a0\u00a0\u00a0\u00a0\u00a0\u00a0\u00a0\u00a0\u00a0\u00a0\u00a0\u00a0\u00a0\u00a0\u00a0\u00a0\u00a0\u00a0\u00a0\u00a0\u00a0\u00a0\u00a0\u00a0\u00a0\u00a0\u00a0\u00a0 \u00a0\u00a0\u00a0 4\u2026\u2026\u2026\u2026\u2026\u2026\u2026\u2026\u2026\u2026\u2026\u2026\u2026\u2026\u2026\u2026\u2026\u2026..<\/b><\/p>\n<p>&nbsp;<\/p>\n<p><b>6<\/b>&#8211;<b> <\/b><b>Milli m\u00fccadelenin ba\u015flang\u0131c\u0131ndan Cumhuriyet\u2019in ilan\u0131na kadar ge\u00e7en s\u00fcrede Atat\u00fcrk\u2019\u00fcn yapt\u0131\u011f\u0131 \u00e7al\u0131\u015fmalar\u0131 kronolojik s\u0131raya g\u00f6re 1\u2019den 6\u2019 ya<\/b><b> kadar numaraland\u0131r\u0131n. (6p)<\/b><b><\/b><\/p>\n<p>(\u00a0\u00a0\u00a0\u00a0\u00a0\u00a0\u00a0\u00a0 ) \u00a0\u00a0\u00a0\u00a0\u00a0 Erzurum Kongresinin yap\u0131lmas\u0131.<\/p>\n<p>(\u00a0\u00a0\u00a0\u00a0\u00a0\u00a0\u00a0\u00a0 )\u00a0 \u00a0\u00a0\u00a0 TBMM\u2019nin A\u00e7\u0131lmas\u0131.<\/p>\n<p>(\u00a0\u00a0\u00a0\u00a0\u00a0\u00a0\u00a0\u00a0 )\u00a0\u00a0\u00a0\u00a0\u00a0\u00a0 Cumhuriyetin \u0130lan\u0131<\/p>\n<p>(\u00a0\u00a0\u00a0\u00a0\u00a0\u00a0\u00a0\u00a0 )\u00a0\u00a0\u00a0\u00a0\u00a0\u00a0 Sakarya Meydan Muharebesinin kazan\u0131lmas\u0131.<\/p>\n<p>(\u00a0\u00a0\u00a0\u00a0\u00a0\u00a0\u00a0\u00a0 )\u00a0 \u00a0\u00a0\u00a0 Atat\u00fcrk\u2019\u00fcn Samsun\u2019a \u00e7\u0131k\u0131\u015f\u0131<\/p>\n<p>(\u00a0\u00a0\u00a0\u00a0\u00a0\u00a0\u00a0\u00a0 )\u00a0 \u00a0\u00a0\u00a0 Amasya Genelgesinin Yay\u0131nlanmas\u0131.<\/p>\n<p><b>7_A\u015fa\u011f\u0131daki bo\u015fluklar\u0131\u00a0 uygun ifadelerle tamamlay\u0131n\u0131z.(26p)<\/b><\/p>\n<p>*Her devletin yeni do\u011fan vatanda\u015f\u0131na verdi\u011fi belge \u2026\u2026\u2026\u2026\u2026\u2026\u2026\u2026\u2026\u2026\u2026\u2026\u2026\u2026\u2026\u2026\u2026\u2026d\u0131r.<\/p>\n<p>*Olaylar\u0131n olu\u015f tarihlerine g\u00f6re s\u0131ralanmas\u0131\u2026\u2026\u2026\u2026\u2026\u2026\u2026\u2026\u2026\u2026\u2026\u2026\u2026\u2026\u2026\u2026\u2026\u2026\u2026\u2026\u2026..dir.<\/p>\n<p>&nbsp;<\/p>\n<p>* \u00a0Aile fertlerini g\u00f6sterdi\u011fimiz \u015femaya \u2026\u2026\u2026\u2026\u2026\u2026\u2026\u2026\u2026\u2026\u2026\u2026\u2026\u2026\u2026\u2026\u2026..denir.<\/p>\n<p>* Kan ba\u011f\u0131 ile birbirine ba\u011fl\u0131 olan ki\u015filere \u2026\u2026\u2026\u2026\u2026\u2026\u2026\u2026\u2026\u2026\u2026.. denir.<\/p>\n<p>*Kurtulu\u015f Sava\u015f\u0131 s\u0131ras\u0131nda halk\u0131n d\u00fc\u015fmanlarla m\u00fccadele etmek i\u00e7in kurdu\u011fu\u00a0 birliklere\u2026\u2026\u2026\u2026\u2026\u2026\u2026\u2026\u2026\u2026\u2026\u2026\u2026\u2026\u2026\u2026\u2026\u2026\u2026.denir.<\/p>\n<p>&nbsp;<\/p>\n<p>*.\u2026\u2026\u2026\u2026\u2026\u2026\u2026\u2026\u2026\u2026. Karadeniz y\u00f6resine ait bir halk oyunudur.<\/p>\n<p>&nbsp;<\/p>\n<p>*Ata Sporlar\u0131m\u0131z denince\u2026\u2026\u2026\u2026\u2026\u2026\u2026\u2026\u2026\u2026\u2026\u2026\u2026\u2026\u2026\u2026\u2026\u2026\u2026\u2026\u2026\u2026\u2026\u2026\u2026\u2026\u2026\u2026\u2026\u2026\u2026\u2026akla gelir.<\/p>\n<p>&nbsp;<\/p>\n<p>*El sanatlar\u0131m\u0131za \u00f6rnek olarak 1\u2026\u2026\u2026\u2026\u2026\u2026\u2026., 2\u2026\u2026\u2026\u2026\u2026\u2026\u2026\u2026\u20263\u2026\u2026\u2026\u2026\u2026\u2026\u2026\u2026\u2026\u2026\u2026\u2026..verebiliriz.<\/p>\n<p>&nbsp;<\/p>\n<p>*G\u00fcney cephesinde \u2026\u2026\u2026\u2026\u2026\u2026\u2026\u2026\u2026\u2026\u2026\u2026\u2026\u2026.sava\u015ft\u0131k.Sava\u015fan illerimiz\u2026\u2026\u2026\u2026\u2026\u2026\u2026,\u2026\u2026\u2026\u2026\u2026\u2026\u2026ve Mara\u015f\u2019t\u0131r.<\/p>\n<p>&nbsp;<\/p>\n<p>*Do\u011fu Cephesi komutan\u0131 \u2026\u2026\u2026\u2026\u2026\u2026\u2026\u2026\u2026\u2026\u2026\u2026\u2026\u2026\u2026\u2026\u2026\u2026\u2026dir ve \u2026\u2026\u2026\u2026\u2026\u2026\u2026\u2026\u2026\u2026\u2026\u2026\u2026..kar\u015f\u0131 sava\u015f\u0131lm\u0131\u015ft\u0131r.<\/p>\n<p>&nbsp;<\/p>\n<p>*\u00a0 Atat\u00fcrk \u201cOrdular \u0130lk Hedefiniz Akdeniz\u2019dir.\u201d emrini \u2026\u2026\u2026\u2026\u2026\u2026\u2026\u2026\u2026\u2026\u2026\u2026\u2026\u2026\u2026\u2026\u2026\u2026\u2026\u2026.\u2019nde vermi\u015ftir.<\/p>\n<p>*Trablusgarp Sava\u015f\u0131 sonunda \u2026\u2026\u2026\u2026\u2026\u2026\u2026\u2026\u2026\u2026\u2026\u2026\u2026\u2026\u2026\u2026ile \u2026\u2026\u2026\u2026\u2026\u2026\u2026\u2026\u2026\u2026\u2026\u2026\u2026\u2026.Anla\u015fmas\u0131n\u0131 imzalad\u0131k.<\/p>\n<p>*\u2026\u2026\u2026\u2026\u2026\u2026\u2026\u2026\u2026\u2026\u2026\u2026\u2026\u2026\u2026\u2026.Sava\u015f\u0131\u2019ndan sonra Mustafa Kemal\u2019e \u201cGazi ve Mare\u015fallik\u201d r\u00fctbesi verilmi\u015ftir.<\/p>\n<p>*Ba\u011f\u0131ms\u0131zl\u0131k m\u00fccadelemizin sonunda;T\u00fcrk Devleti\u2019nin i\u015fgalci\u00a0 \u00a0devletlerce tan\u0131nd\u0131\u011f\u0131n\u0131 g\u00f6steren\u00a0 \u2026\u2026\u2026\u2026\u2026\u2026\u2026\u2026\u2026\u2026\u2026\u2026\u2026\u2026\u2026\u2026\u2026\u2026\u2026\u2026\u2026\u2026\u2026tarihli\u2026\u2026\u2026\u2026\u2026\u2026\u2026\u2026\u2026\u2026\u2026\u2026\u2026\u2026\u2026\u2026\u2026\u2026\u2026\u2026\u2026\u2026..Antla\u015fmas\u0131d\u0131r.<\/p>\n<p>*Cumhuriyetimiz\u2026\u2026\u2026\u2026\u2026\u2026\u2026\u2026\u2026\u2026\u2026\u2026\u2026\u2026\u2026\u2026\u2026\u2026\u2026\u2026\u2026\u2026\u2026\u2026tarihinde ilan edildi.<\/p>\n<p>*K\u00fclt\u00fcr \u00f6gelerimizi olu\u015fturan s\u00f6zl\u00fc eserlere \u00f6rnek olarak\u2026\u2026\u2026\u2026\u2026\u2026\u2026\u2026,\u2026\u2026\u2026\u2026\u2026\u2026\u2026\u2026\u2026..ve \u2026\u2026\u2026\u2026\u2026\u2026\u2026d\u0131r.<\/p>\n<p><b>A\u015fa\u011f\u0131daki sorularda uygun se\u00e7ene\u011fi i\u015faretleyiniz.(Her soru 3p)<\/b><b><\/b><\/p>\n<p><b>1-<\/b><b> Herhangi bir ki\u015finin n\u00fcfus c\u00fczdan\u0131na bak\u0131larak o ki\u015finin hakk\u0131ndaki\u00a0 sorulardan\u00a0\u00a0 hangisine cevap verilemez?<\/b><b><\/b><\/p>\n<p>A)Do\u011fum tarihi nedir?\u00a0\u00a0\u00a0\u00a0\u00a0\u00a0\u00a0\u00a0\u00a0\u00a0\u00a0\u00a0\u00a0\u00a0\u00a0\u00a0\u00a0\u00a0\u00a0\u00a0\u00a0\u00a0\u00a0\u00a0\u00a0\u00a0\u00a0\u00a0\u00a0\u00a0\u00a0\u00a0\u00a0\u00a0\u00a0\u00a0\u00a0\u00a0\u00a0\u00a0\u00a0\u00a0\u00a0\u00a0\u00a0\u00a0\u00a0\u00a0\u00a0\u00a0\u00a0\u00a0\u00a0\u00a0\u00a0 \u00a0\u00a0\u00a0\u00a0\u00a0\u00a0\u00a0\u00a0\u00a0\u00a0\u00a0B)Babas\u0131n\u0131n ad\u0131 nedir?\u00a0\u00a0 <b><\/b><\/p>\n<p>C)\u00a0\u00a0 Karde\u015finin ad\u0131 nedir?\u00a0\u00a0\u00a0\u00a0\u00a0\u00a0\u00a0\u00a0\u00a0\u00a0\u00a0\u00a0\u00a0\u00a0\u00a0\u00a0\u00a0\u00a0\u00a0\u00a0\u00a0\u00a0\u00a0\u00a0\u00a0\u00a0\u00a0\u00a0\u00a0\u00a0\u00a0\u00a0\u00a0\u00a0\u00a0\u00a0\u00a0\u00a0\u00a0\u00a0\u00a0\u00a0\u00a0\u00a0\u00a0\u00a0\u00a0\u00a0\u00a0\u00a0 \u00a0\u00a0\u00a0\u00a0\u00a0\u00a0\u00a0\u00a0\u00a0\u00a0D) Kimlik numaras\u0131 nedir?<b><\/b><\/p>\n<p><b>2-<\/b><b> Ailemize ait a\u015fa\u011f\u0131daki e\u015fyalardan hangisi geleneklerimizi yans\u0131t\u0131r?<\/b><\/p>\n<p>A) \u00c7eyiz\u00a0\u00a0\u00a0\u00a0\u00a0\u00a0\u00a0\u00a0\u00a0\u00a0\u00a0\u00a0\u00a0\u00a0\u00a0\u00a0\u00a0\u00a0\u00a0\u00a0\u00a0\u00a0\u00a0\u00a0 B) Televizyon \u00a0\u00a0\u00a0\u00a0\u00a0\u00a0\u00a0\u00a0\u00a0\u00a0\u00a0\u00a0C) Buzdolab\u0131\u00a0\u00a0\u00a0\u00a0\u00a0\u00a0\u00a0\u00a0\u00a0\u00a0\u00a0\u00a0\u00a0\u00a0\u00a0\u00a0\u00a0\u00a0 D) G\u00fcnl\u00fck giysiler<\/p>\n<p><b>3-\u201c<\/b>Orhan okuldan eve d\u00f6nerken g\u00f6rme \u00f6z\u00fcrl\u00fc bir adam\u0131n kar\u015f\u0131 kald\u0131r\u0131ma ge\u00e7mesine yard\u0131m etti.\u201d<\/p>\n<p><b>Orhan\u2019\u0131n g\u00f6rme engelli adama yard\u0131m etmesini sa\u011flayan duygu a\u015fa\u011f\u0131dakilerden hangisidir?<\/b><\/p>\n<p>A)Korku\u00a0\u00a0\u00a0\u00a0\u00a0\u00a0\u00a0\u00a0\u00a0\u00a0\u00a0\u00a0\u00a0\u00a0\u00a0\u00a0\u00a0\u00a0\u00a0\u00a0\u00a0\u00a0\u00a0\u00a0\u00a0\u00a0\u00a0\u00a0\u00a0\u00a0\u00a0\u00a0\u00a0 B)Merhamet\u00a0\u00a0\u00a0\u00a0\u00a0\u00a0\u00a0\u00a0\u00a0\u00a0\u00a0\u00a0\u00a0\u00a0\u00a0\u00a0\u00a0\u00a0\u00a0\u00a0\u00a0\u00a0\u00a0\u00a0\u00a0\u00a0\u00a0\u00a0\u00a0\u00a0\u00a0\u00a0 C)Heyecan\u00a0\u00a0\u00a0\u00a0\u00a0\u00a0\u00a0\u00a0\u00a0\u00a0\u00a0\u00a0\u00a0\u00a0\u00a0\u00a0 D)Sevin\u00e7<\/p>\n<p><b>4-<\/b><b>\u00a0 <\/b><b>A\u015fa\u011f\u0131dakilerden hangisi k\u00fclt\u00fcr\u00fcm\u00fczde <span style=\"text-decoration: underline;\">yer almaz?<\/span><\/b><\/p>\n<p>A)Halk oyunlar\u0131\u00a0\u00a0\u00a0\u00a0\u00a0\u00a0\u00a0\u00a0\u00a0\u00a0\u00a0\u00a0\u00a0\u00a0\u00a0\u00a0\u00a0\u00a0\u00a0\u00a0\u00a0\u00a0\u00a0\u00a0\u00a0 B)el sanatlar\u0131\u00a0\u00a0\u00a0\u00a0\u00a0\u00a0\u00a0\u00a0 \u00a0\u00a0\u00a0\u00a0\u00a0C)Bo\u011fa g\u00fcre\u015fleri\u00a0\u00a0\u00a0\u00a0\u00a0\u00a0\u00a0 \u00a0\u00a0\u00a0\u00a0 D)Bayramlar<\/p>\n<p>&nbsp;<\/p>\n<p><b>5<\/b>-\u201cBirinci D\u00fcnya Sava\u015f\u0131\u2019ndan sonra yurdumuz d\u00fc\u015fman devletler taraf\u0131ndan i\u015fgal edilmi\u015ftir.\u201d<\/p>\n<p><b>A\u015fa\u011f\u0131dakilerden hangisi bu devletlerden biri de\u011fildir?<\/b><\/p>\n<p>A)\u0130ngiltere\u00a0\u00a0\u00a0\u00a0\u00a0\u00a0\u00a0\u00a0\u00a0\u00a0\u00a0\u00a0\u00a0\u00a0\u00a0\u00a0\u00a0\u00a0\u00a0\u00a0\u00a0\u00a0\u00a0\u00a0\u00a0\u00a0\u00a0\u00a0\u00a0\u00a0\u00a0 B)Almanya\u00a0\u00a0\u00a0\u00a0\u00a0\u00a0\u00a0\u00a0\u00a0\u00a0\u00a0\u00a0\u00a0\u00a0\u00a0\u00a0\u00a0\u00a0\u00a0\u00a0\u00a0\u00a0\u00a0\u00a0 C)Fransa\u00a0\u00a0\u00a0\u00a0\u00a0 \u00a0\u00a0\u00a0 D)Yunanistan<\/p>\n<p>&nbsp;<\/p>\n<p><b>6<\/b>&#8211;<b> Atat\u00fcrk\u2019\u00fcn Milli M\u00fccadele\u2019de can\u0131n\u0131 hi\u00e7e sayarak m\u00fccadele etmesi ve \u00fclkemizi i\u015fgalden kurtarmas\u0131 onun hangi \u00f6zelli\u011fini ortaya koymaktad\u0131r?<\/b><\/p>\n<p><b>A)<\/b>Y\u00f6neticili\u011fi<\/p>\n<p><b>B)<\/b> A\u00e7\u0131k s\u00f6zl\u00fcl\u00fc\u011f\u00fc<\/p>\n<p><b>C)<\/b> Vatan ve millet sevgisi<\/p>\n<p><b>D)<\/b> Akl\u0131 ve bilimi esas almas\u0131<\/p>\n<p>&nbsp;<\/p>\n<p>&nbsp;<\/p>\n<p><b>7- A\u015fa\u011f\u0131dakilerden hangisi milli k\u00fclt\u00fcr\u00fcm\u00fcz\u00fcn \u00f6zelliklerinden biri <span style=\"text-decoration: underline;\">de\u011fildir<\/span>?<\/b><\/p>\n<p>A)\u00a0 geleneklerimiz\u00a0\u00a0\u00a0 \u00a0\u00a0\u00a0\u00a0\u00a0B) sava\u015flar\u0131m\u0131z\u00a0\u00a0\u00a0\u00a0 \u00a0\u00a0\u00a0\u00a0\u00a0\u00a0\u00a0C) adetlerimiz \u00a0\u00a0\u00a0\u00a0\u00a0 \u00a0\u00a0\u00a0\u00a0\u00a0\u00a0\u00a0\u00a0D) inan\u00e7lar\u0131m\u0131z<\/p>\n<p><b>\u00a0<\/b><\/p>\n<p>www.sorubak.com<\/p>\n<p>CEVAPLARINIZI KONTROL ED\u0130N\u0130Z\u2026.<\/p>\n<p style=\"text-align: center;\">Dok\u00fcman\u0131n Tam Halini \u0130ndirmek \u0130\u00e7in <a href=\"http:\/\/www.sorubak.com\/4sinif-1donem-sosyal-bilgiler-2yazili-sorulari-2013_68008.htm\" target=\"_blank\">TIKLAYINIZ<\/a><\/p>\n","protected":false},"excerpt":{"rendered":"<p>Yaz\u0131l\u0131n\u0131n G\u00f6rselli ve Tam Halini \u0130ndirmek \u0130\u00e7in TIKLAYINIZ 2013-2014 E\u011e\u0130T\u0130M \u2013\u00d6\u011eRET\u0130M YILI D\u0130DEM I\u015eIKLI \u0130LKOKULU 4\/A SINIFI SOSYAL B\u0130LG\u0130LER DERS\u0130 B\u0130R\u0130NC\u0130 D\u00d6NEM \u0130K\u0130NC\u0130 YAZILI DE\u011eERLEND\u0130RME ADIM VE SOYADIM:\u00a0\u00a0\u00a0\u00a0\u00a0\u00a0\u00a0\u00a0\u00a0\u00a0\u00a0\u00a0\u00a0\u00a0\u00a0\u00a0\u00a0\u00a0\u00a0\u00a0\u00a0\u00a0\u00a0\u00a0\u00a0\u00a0\u00a0\u00a0\u00a0\u00a0\u00a0\u00a0\u00a0\u00a0\u00a0\u00a0\u00a0\u00a0\u00a0\u00a0\u00a0 \u00a0\u00a0\u00a0\u00a0\u00a0\u00a0\u00a0\u00a0\u00a0 TAR\u0130H: 1-S\u00f6zl\u00fc Tarih Y\u00f6ntemi hakk\u0131nda bilgi veriniz.(8p.) \u00a0 \u00a0 2-Gelenek nedir?T\u00fcrk geleneklerine 4 \u00f6rnek yaz\u0131n\u0131z.(10p.) \u00a0 \u00a0 \u00a0 \u00a0 3-Atat\u00fcrk\u2019\u00fcn,Cumhuriyetin ilan\u0131ndan sonra\u00a0 milli k\u00fclt\u00fcr\u00fcm\u00fcz\u00fcn y\u00fckselmesi ve &#8230; <a title=\"4.s\u0131n\u0131f sosyal bilgiler 1.d\u00f6nem 2.yaz\u0131l\u0131 sorular\u0131 2013-2014\" class=\"read-more\" href=\"https:\/\/www.sorubak.com\/blog\/4-sinif-sosyal-bilgiler-1-donem-2-yazili-sorulari-2013-2014-3.html\" aria-label=\"More on 4.s\u0131n\u0131f sosyal bilgiler 1.d\u00f6nem 2.yaz\u0131l\u0131 sorular\u0131 2013-2014\">Devam\u0131n\u0131 oku&#8230;<\/a><\/p>\n","protected":false},"author":1686,"featured_media":0,"comment_status":"open","ping_status":"open","sticky":false,"template":"","format":"standard","meta":{"footnotes":""},"categories":[13370],"tags":[17811,17810],"class_list":["post-48521","post","type-post","status-publish","format-standard","hentry","category-yazili-sorulari","tag-4-sinif-sosyal-bilgiler-1-donem-2-yazili-sorulari","tag-4-sinif-sosyal-bilgiler-1-donem-2-yazili-sorulari-2013-2014"],"_links":{"self":[{"href":"https:\/\/www.sorubak.com\/blog\/wp-json\/wp\/v2\/posts\/48521","targetHints":{"allow":["GET"]}}],"collection":[{"href":"https:\/\/www.sorubak.com\/blog\/wp-json\/wp\/v2\/posts"}],"about":[{"href":"https:\/\/www.sorubak.com\/blog\/wp-json\/wp\/v2\/types\/post"}],"author":[{"embeddable":true,"href":"https:\/\/www.sorubak.com\/blog\/wp-json\/wp\/v2\/users\/1686"}],"replies":[{"embeddable":true,"href":"https:\/\/www.sorubak.com\/blog\/wp-json\/wp\/v2\/comments?post=48521"}],"version-history":[{"count":0,"href":"https:\/\/www.sorubak.com\/blog\/wp-json\/wp\/v2\/posts\/48521\/revisions"}],"wp:attachment":[{"href":"https:\/\/www.sorubak.com\/blog\/wp-json\/wp\/v2\/media?parent=48521"}],"wp:term":[{"taxonomy":"category","embeddable":true,"href":"https:\/\/www.sorubak.com\/blog\/wp-json\/wp\/v2\/categories?post=48521"},{"taxonomy":"post_tag","embeddable":true,"href":"https:\/\/www.sorubak.com\/blog\/wp-json\/wp\/v2\/tags?post=48521"}],"curies":[{"name":"wp","href":"https:\/\/api.w.org\/{rel}","templated":true}]}}