{"id":47935,"date":"2013-12-01T18:50:41","date_gmt":"2013-12-01T16:50:41","guid":{"rendered":"http:\/\/www.sorubak.com\/blog\/?p=47935"},"modified":"2013-12-01T18:50:41","modified_gmt":"2013-12-01T16:50:41","slug":"dandanakan-savasi-nedeni-ve-sonuclari","status":"publish","type":"post","link":"https:\/\/www.sorubak.com\/blog\/dandanakan-savasi-nedeni-ve-sonuclari.html","title":{"rendered":"Dandanakan Sava\u015f\u0131  nedeni ve sonu\u00e7lar\u0131"},"content":{"rendered":"<p><b>Dandanakan Sava\u015f\u0131 (1040)<\/b><\/p>\n<p>(<span style=\"text-decoration: underline;\">B\u00fcy\u00fck Sel\u00e7uklular<\/span> X Gazneliler)<\/p>\n<p><b>Nedeni:<\/b>\u00a0Gazneliler&#8217; in Sel\u00e7uklu g\u00fcc\u00fcn\u00fc Horasan&#8217;dan atmak istemesi<\/p>\n<p><b>\u00d6nemi:<\/b>\u00a0Sel\u00e7uklular, bu sava\u015ftan sonra s\u00fcrekli geli\u015fme a\u015famas\u0131na girerken, Gazneliler zay\u0131flama ve y\u0131k\u0131l\u0131\u015f s\u00fcrecine girmi\u015flerdir.<\/p>\n<ul>\n<li>\u0130ran, Irak, Azerbaycan ele ge\u00e7irilmi\u015ftir.<\/li>\n<li>Merkez Ni\u015fabur&#8217;dan Rey \u015fehrine ta\u015f\u0131nm\u0131\u015ft\u0131r.<\/li>\n<li>O\u011fuzlar\u0131n Anadolu&#8217;ya ak\u0131nlar\u0131 \u00c7a\u011fr\u0131 Bey&#8217;in ke\u015fif seferiyle ba\u015flar\u00a0 (1016). Anadolu&#8217; ya yap\u0131lan seferlerin artmas\u0131 \u00fczerine, Pasinler sava\u015f\u0131 yap\u0131l\u0131r.<\/li>\n<\/ul>\n","protected":false},"excerpt":{"rendered":"<p>Dandanakan Sava\u015f\u0131 (1040) (B\u00fcy\u00fck Sel\u00e7uklular X Gazneliler) Nedeni:\u00a0Gazneliler&#8217; in Sel\u00e7uklu g\u00fcc\u00fcn\u00fc Horasan&#8217;dan atmak istemesi \u00d6nemi:\u00a0Sel\u00e7uklular, bu sava\u015ftan sonra s\u00fcrekli geli\u015fme a\u015famas\u0131na girerken, Gazneliler zay\u0131flama ve y\u0131k\u0131l\u0131\u015f s\u00fcrecine girmi\u015flerdir. \u0130ran, Irak, Azerbaycan ele ge\u00e7irilmi\u015ftir. Merkez Ni\u015fabur&#8217;dan Rey \u015fehrine ta\u015f\u0131nm\u0131\u015ft\u0131r. O\u011fuzlar\u0131n Anadolu&#8217;ya ak\u0131nlar\u0131 \u00c7a\u011fr\u0131 Bey&#8217;in ke\u015fif seferiyle ba\u015flar\u00a0 (1016). Anadolu&#8217; ya yap\u0131lan seferlerin artmas\u0131 \u00fczerine, Pasinler sava\u015f\u0131 &#8230; <a title=\"Dandanakan Sava\u015f\u0131  nedeni ve sonu\u00e7lar\u0131\" class=\"read-more\" href=\"https:\/\/www.sorubak.com\/blog\/dandanakan-savasi-nedeni-ve-sonuclari.html\" aria-label=\"More on Dandanakan Sava\u015f\u0131  nedeni ve sonu\u00e7lar\u0131\">Devam\u0131n\u0131 oku&#8230;<\/a><\/p>\n","protected":false},"author":1,"featured_media":0,"comment_status":"open","ping_status":"open","sticky":false,"template":"","format":"standard","meta":{"footnotes":""},"categories":[26],"tags":[],"class_list":["post-47935","post","type-post","status-publish","format-standard","hentry","category-tarih"],"_links":{"self":[{"href":"https:\/\/www.sorubak.com\/blog\/wp-json\/wp\/v2\/posts\/47935","targetHints":{"allow":["GET"]}}],"collection":[{"href":"https:\/\/www.sorubak.com\/blog\/wp-json\/wp\/v2\/posts"}],"about":[{"href":"https:\/\/www.sorubak.com\/blog\/wp-json\/wp\/v2\/types\/post"}],"author":[{"embeddable":true,"href":"https:\/\/www.sorubak.com\/blog\/wp-json\/wp\/v2\/users\/1"}],"replies":[{"embeddable":true,"href":"https:\/\/www.sorubak.com\/blog\/wp-json\/wp\/v2\/comments?post=47935"}],"version-history":[{"count":0,"href":"https:\/\/www.sorubak.com\/blog\/wp-json\/wp\/v2\/posts\/47935\/revisions"}],"wp:attachment":[{"href":"https:\/\/www.sorubak.com\/blog\/wp-json\/wp\/v2\/media?parent=47935"}],"wp:term":[{"taxonomy":"category","embeddable":true,"href":"https:\/\/www.sorubak.com\/blog\/wp-json\/wp\/v2\/categories?post=47935"},{"taxonomy":"post_tag","embeddable":true,"href":"https:\/\/www.sorubak.com\/blog\/wp-json\/wp\/v2\/tags?post=47935"}],"curies":[{"name":"wp","href":"https:\/\/api.w.org\/{rel}","templated":true}]}}