{"id":47913,"date":"2013-12-01T10:25:51","date_gmt":"2013-12-01T08:25:51","guid":{"rendered":"http:\/\/www.sorubak.com\/blog\/?p=47913"},"modified":"2013-12-01T10:25:51","modified_gmt":"2013-12-01T08:25:51","slug":"girnata-islam-hukumeti","status":"publish","type":"post","link":"https:\/\/www.sorubak.com\/blog\/girnata-islam-hukumeti.html","title":{"rendered":"G\u0131rnata \u0130sl\u00e2m H\u00fck\u00fcmeti"},"content":{"rendered":"<p><b>G\u0131rnata \u0130sl\u00e2m H\u00fck\u00fcmeti<\/b><\/p>\n<p><b>(Ben-i Ahmer Devleti)<\/b><\/p>\n<ul>\n<li>Ben-i Ahmer Devleti, (G\u0131rnata \u0130slam H\u00fck\u00fcmeti) \u0130span-ya&#8217;n\u0131n g\u00fcneyinde yer alm\u0131\u015ft\u0131r. Askeri y\u00f6nden g\u00fc\u00e7l\u00fc de\u011fildi. Ancak \u0130sl\u00e2m bilim ve sanat\u0131n\u0131 Orta\u00e7a\u011f Avrupa\u00ads\u0131nda ya\u015fatm\u0131\u015ft\u0131r.<\/li>\n<li>\u0130spanya\u2019n\u0131n kuzeyinde bulunan Aragon ve Kas\u00adtilya krall\u0131klar\u0131 birle\u015ferek g\u00fc\u00e7l\u00fc bir devlet kurdular ve Ben-i Ahmer devletine son verdiler.<\/li>\n<li>\u0130span\u00adya\u2019da ya\u015fayan M\u00fcsl\u00fcmanlar ve Museviler Ha\u00e7l\u0131 kat\u00adli\u00adam\u0131yla kar\u015f\u0131la\u015ft\u0131lar.<\/li>\n<li>Oru\u00e7 Reis ve H\u0131z\u0131r Reis bunlar\u0131 Os\u00admanl\u0131 topraklar\u0131na ta\u015f\u0131yarak Ha\u00e7l\u0131 katliam\u0131n\u00addan kur\u00adtar\u00adm\u0131\u015flard\u0131r.<\/li>\n<\/ul>\n","protected":false},"excerpt":{"rendered":"<p>G\u0131rnata \u0130sl\u00e2m H\u00fck\u00fcmeti (Ben-i Ahmer Devleti) Ben-i Ahmer Devleti, (G\u0131rnata \u0130slam H\u00fck\u00fcmeti) \u0130span-ya&#8217;n\u0131n g\u00fcneyinde yer alm\u0131\u015ft\u0131r. Askeri y\u00f6nden g\u00fc\u00e7l\u00fc de\u011fildi. Ancak \u0130sl\u00e2m bilim ve sanat\u0131n\u0131 Orta\u00e7a\u011f Avrupa\u00ads\u0131nda ya\u015fatm\u0131\u015ft\u0131r. \u0130spanya\u2019n\u0131n kuzeyinde bulunan Aragon ve Kas\u00adtilya krall\u0131klar\u0131 birle\u015ferek g\u00fc\u00e7l\u00fc bir devlet kurdular ve Ben-i Ahmer devletine son verdiler. \u0130span\u00adya\u2019da ya\u015fayan M\u00fcsl\u00fcmanlar ve Museviler Ha\u00e7l\u0131 kat\u00adli\u00adam\u0131yla kar\u015f\u0131la\u015ft\u0131lar. Oru\u00e7 &#8230; <a title=\"G\u0131rnata \u0130sl\u00e2m H\u00fck\u00fcmeti\" class=\"read-more\" href=\"https:\/\/www.sorubak.com\/blog\/girnata-islam-hukumeti.html\" aria-label=\"More on G\u0131rnata \u0130sl\u00e2m H\u00fck\u00fcmeti\">Devam\u0131n\u0131 oku&#8230;<\/a><\/p>\n","protected":false},"author":1,"featured_media":0,"comment_status":"open","ping_status":"open","sticky":false,"template":"","format":"standard","meta":{"footnotes":""},"categories":[26],"tags":[],"class_list":["post-47913","post","type-post","status-publish","format-standard","hentry","category-tarih"],"_links":{"self":[{"href":"https:\/\/www.sorubak.com\/blog\/wp-json\/wp\/v2\/posts\/47913","targetHints":{"allow":["GET"]}}],"collection":[{"href":"https:\/\/www.sorubak.com\/blog\/wp-json\/wp\/v2\/posts"}],"about":[{"href":"https:\/\/www.sorubak.com\/blog\/wp-json\/wp\/v2\/types\/post"}],"author":[{"embeddable":true,"href":"https:\/\/www.sorubak.com\/blog\/wp-json\/wp\/v2\/users\/1"}],"replies":[{"embeddable":true,"href":"https:\/\/www.sorubak.com\/blog\/wp-json\/wp\/v2\/comments?post=47913"}],"version-history":[{"count":0,"href":"https:\/\/www.sorubak.com\/blog\/wp-json\/wp\/v2\/posts\/47913\/revisions"}],"wp:attachment":[{"href":"https:\/\/www.sorubak.com\/blog\/wp-json\/wp\/v2\/media?parent=47913"}],"wp:term":[{"taxonomy":"category","embeddable":true,"href":"https:\/\/www.sorubak.com\/blog\/wp-json\/wp\/v2\/categories?post=47913"},{"taxonomy":"post_tag","embeddable":true,"href":"https:\/\/www.sorubak.com\/blog\/wp-json\/wp\/v2\/tags?post=47913"}],"curies":[{"name":"wp","href":"https:\/\/api.w.org\/{rel}","templated":true}]}}