{"id":47483,"date":"2013-11-16T16:29:30","date_gmt":"2013-11-16T14:29:30","guid":{"rendered":"http:\/\/www.sorubak.com\/blog\/?p=47483"},"modified":"2013-11-16T16:29:30","modified_gmt":"2013-11-16T14:29:30","slug":"menemen-olayi-23-aralik-1930-onemi","status":"publish","type":"post","link":"https:\/\/www.sorubak.com\/blog\/menemen-olayi-23-aralik-1930-onemi.html","title":{"rendered":"Menemen Olay\u0131 (23 Aral\u0131k 1930) \u00d6nemi"},"content":{"rendered":"<p><b>Menemen Olay\u0131 (23 Aral\u0131k 1930)<\/b><\/p>\n<p>\u00b7\u00a0 Dervi\u015f Mehmet denilen bir isyanc\u0131, Menemen halk\u0131n\u0131 isyana \u00e7a\u011f\u0131rd\u0131.<\/p>\n<p>\u00b7\u00a0 \u0130syan\u0131 \u00f6nlemeye \u00e7al\u0131\u015fan aste\u011fmen Mustafa Fehmi Kubilay, isyanc\u0131lar taraf\u0131ndan \u00f6ld\u00fcr\u00fcld\u00fc.<\/p>\n<p>\u00b7\u00a0 B\u00f6lgeye gelen askeri birlikler isyan\u0131 bast\u0131rd\u0131.<\/p>\n<p><b>\u00a0<\/b><\/p>\n<p><b>\u00d6nemi:<\/b><\/p>\n<p>1.\u00c7ok partili hayat i\u00e7in ortam olu\u015fmad\u0131\u011f\u0131 g\u00f6r\u00fcld\u00fc.<\/p>\n<p>2.Rejimin yerle\u015fmesi i\u00e7in daha dikkatli olunmas\u0131 gerekti\u011fi g\u00f6r\u00fcld\u00fc.<\/p>\n<p>3.SCF\u2019nin kendi kendini kapatmas\u0131n\u0131n hakl\u0131l\u0131\u011f\u0131 anla\u015f\u0131ld\u0131.<\/p>\n<p><b>Not:<\/b> \u0130nk\u0131l\u00e2plar\u0131n yerle\u015fmesi i\u00e7in <b>1945 y\u0131l\u0131na kadar<\/b> bir daha \u00e7ok partili hayat denenmedi.<\/p>\n","protected":false},"excerpt":{"rendered":"<p>Menemen Olay\u0131 (23 Aral\u0131k 1930) \u00b7\u00a0 Dervi\u015f Mehmet denilen bir isyanc\u0131, Menemen halk\u0131n\u0131 isyana \u00e7a\u011f\u0131rd\u0131. \u00b7\u00a0 \u0130syan\u0131 \u00f6nlemeye \u00e7al\u0131\u015fan aste\u011fmen Mustafa Fehmi Kubilay, isyanc\u0131lar taraf\u0131ndan \u00f6ld\u00fcr\u00fcld\u00fc. \u00b7\u00a0 B\u00f6lgeye gelen askeri birlikler isyan\u0131 bast\u0131rd\u0131. \u00a0 \u00d6nemi: 1.\u00c7ok partili hayat i\u00e7in ortam olu\u015fmad\u0131\u011f\u0131 g\u00f6r\u00fcld\u00fc. 2.Rejimin yerle\u015fmesi i\u00e7in daha dikkatli olunmas\u0131 gerekti\u011fi g\u00f6r\u00fcld\u00fc. 3.SCF\u2019nin kendi kendini kapatmas\u0131n\u0131n hakl\u0131l\u0131\u011f\u0131 &#8230; <a title=\"Menemen Olay\u0131 (23 Aral\u0131k 1930) \u00d6nemi\" class=\"read-more\" href=\"https:\/\/www.sorubak.com\/blog\/menemen-olayi-23-aralik-1930-onemi.html\" aria-label=\"More on Menemen Olay\u0131 (23 Aral\u0131k 1930) \u00d6nemi\">Devam\u0131n\u0131 oku&#8230;<\/a><\/p>\n","protected":false},"author":1,"featured_media":0,"comment_status":"open","ping_status":"open","sticky":false,"template":"","format":"standard","meta":{"footnotes":""},"categories":[14,20],"tags":[],"class_list":["post-47483","post","type-post","status-publish","format-standard","hentry","category-sosyal-bilgiler","category-tc-ink-tarihi-ve-ataturkculuk"],"_links":{"self":[{"href":"https:\/\/www.sorubak.com\/blog\/wp-json\/wp\/v2\/posts\/47483","targetHints":{"allow":["GET"]}}],"collection":[{"href":"https:\/\/www.sorubak.com\/blog\/wp-json\/wp\/v2\/posts"}],"about":[{"href":"https:\/\/www.sorubak.com\/blog\/wp-json\/wp\/v2\/types\/post"}],"author":[{"embeddable":true,"href":"https:\/\/www.sorubak.com\/blog\/wp-json\/wp\/v2\/users\/1"}],"replies":[{"embeddable":true,"href":"https:\/\/www.sorubak.com\/blog\/wp-json\/wp\/v2\/comments?post=47483"}],"version-history":[{"count":0,"href":"https:\/\/www.sorubak.com\/blog\/wp-json\/wp\/v2\/posts\/47483\/revisions"}],"wp:attachment":[{"href":"https:\/\/www.sorubak.com\/blog\/wp-json\/wp\/v2\/media?parent=47483"}],"wp:term":[{"taxonomy":"category","embeddable":true,"href":"https:\/\/www.sorubak.com\/blog\/wp-json\/wp\/v2\/categories?post=47483"},{"taxonomy":"post_tag","embeddable":true,"href":"https:\/\/www.sorubak.com\/blog\/wp-json\/wp\/v2\/tags?post=47483"}],"curies":[{"name":"wp","href":"https:\/\/api.w.org\/{rel}","templated":true}]}}