{"id":47475,"date":"2013-11-16T16:26:48","date_gmt":"2013-11-16T14:26:48","guid":{"rendered":"http:\/\/www.sorubak.com\/blog\/?p=47475"},"modified":"2013-11-16T16:26:48","modified_gmt":"2013-11-16T14:26:48","slug":"turk-harflerinin-kabulu-1-kasim-1928-sebepleri","status":"publish","type":"post","link":"https:\/\/www.sorubak.com\/blog\/turk-harflerinin-kabulu-1-kasim-1928-sebepleri.html","title":{"rendered":"T\u00fcrk Harflerinin Kabul\u00fc (1 Kas\u0131m 1928) Sebepleri"},"content":{"rendered":"<p><b>T\u00fcrk Harflerinin Kabul\u00fc (1 Kas\u0131m 1928) <\/b><b>Sebepleri:<\/b> <b><\/b><\/p>\n<p>1.Arap harflerinin okuma ve yazmay\u0131 zorla\u015ft\u0131rmas\u0131.<\/p>\n<p>2.Avrupa ile ili\u015fkilerin kolayla\u015ft\u0131r\u0131lmak istenmesi<\/p>\n<p>3.Halk\u0131 \u00e7a\u011fda\u015fla\u015ft\u0131rmak<\/p>\n<p>4.T\u00fcrk\u00e7e\u2019yi yeniden canland\u0131rmak<\/p>\n<p>5.Okuma yazma oran\u0131n\u0131 art\u0131rmak<\/p>\n<p>6.Arap alfabesinin T\u00fcrk\u00e7e\u2019nin yap\u0131s\u0131na uymamas\u0131.<\/p>\n<p><b>Not:<\/b>1928 y\u0131l\u0131nda Millet Mektepleri a\u00e7\u0131larak e\u011fi\u00adtim seferberli\u011fi ba\u015flat\u0131lm\u0131\u015ft\u0131r. Mustafa Kemal bu mekteplerde 24 Kas\u0131m 1928\u2019de ders verdi\u011fi i\u00e7in, kendisine ba\u015f\u00f6\u011fretmen denilmi\u015ftir.<\/p>\n<p>1933\u2019de Dar\u00fclf\u00fcn\u00fbn\u2019un yerine \u0130stanbul \u00dcni\u00adversitesi kuruldu.<\/p>\n","protected":false},"excerpt":{"rendered":"<p>T\u00fcrk Harflerinin Kabul\u00fc (1 Kas\u0131m 1928) Sebepleri: 1.Arap harflerinin okuma ve yazmay\u0131 zorla\u015ft\u0131rmas\u0131. 2.Avrupa ile ili\u015fkilerin kolayla\u015ft\u0131r\u0131lmak istenmesi 3.Halk\u0131 \u00e7a\u011fda\u015fla\u015ft\u0131rmak 4.T\u00fcrk\u00e7e\u2019yi yeniden canland\u0131rmak 5.Okuma yazma oran\u0131n\u0131 art\u0131rmak 6.Arap alfabesinin T\u00fcrk\u00e7e\u2019nin yap\u0131s\u0131na uymamas\u0131. Not:1928 y\u0131l\u0131nda Millet Mektepleri a\u00e7\u0131larak e\u011fi\u00adtim seferberli\u011fi ba\u015flat\u0131lm\u0131\u015ft\u0131r. Mustafa Kemal bu mekteplerde 24 Kas\u0131m 1928\u2019de ders verdi\u011fi i\u00e7in, kendisine ba\u015f\u00f6\u011fretmen denilmi\u015ftir. 1933\u2019de Dar\u00fclf\u00fcn\u00fbn\u2019un &#8230; <a title=\"T\u00fcrk Harflerinin Kabul\u00fc (1 Kas\u0131m 1928) Sebepleri\" class=\"read-more\" href=\"https:\/\/www.sorubak.com\/blog\/turk-harflerinin-kabulu-1-kasim-1928-sebepleri.html\" aria-label=\"More on T\u00fcrk Harflerinin Kabul\u00fc (1 Kas\u0131m 1928) Sebepleri\">Devam\u0131n\u0131 oku&#8230;<\/a><\/p>\n","protected":false},"author":1,"featured_media":0,"comment_status":"open","ping_status":"open","sticky":false,"template":"","format":"standard","meta":{"footnotes":""},"categories":[14,20],"tags":[],"class_list":["post-47475","post","type-post","status-publish","format-standard","hentry","category-sosyal-bilgiler","category-tc-ink-tarihi-ve-ataturkculuk"],"_links":{"self":[{"href":"https:\/\/www.sorubak.com\/blog\/wp-json\/wp\/v2\/posts\/47475","targetHints":{"allow":["GET"]}}],"collection":[{"href":"https:\/\/www.sorubak.com\/blog\/wp-json\/wp\/v2\/posts"}],"about":[{"href":"https:\/\/www.sorubak.com\/blog\/wp-json\/wp\/v2\/types\/post"}],"author":[{"embeddable":true,"href":"https:\/\/www.sorubak.com\/blog\/wp-json\/wp\/v2\/users\/1"}],"replies":[{"embeddable":true,"href":"https:\/\/www.sorubak.com\/blog\/wp-json\/wp\/v2\/comments?post=47475"}],"version-history":[{"count":0,"href":"https:\/\/www.sorubak.com\/blog\/wp-json\/wp\/v2\/posts\/47475\/revisions"}],"wp:attachment":[{"href":"https:\/\/www.sorubak.com\/blog\/wp-json\/wp\/v2\/media?parent=47475"}],"wp:term":[{"taxonomy":"category","embeddable":true,"href":"https:\/\/www.sorubak.com\/blog\/wp-json\/wp\/v2\/categories?post=47475"},{"taxonomy":"post_tag","embeddable":true,"href":"https:\/\/www.sorubak.com\/blog\/wp-json\/wp\/v2\/tags?post=47475"}],"curies":[{"name":"wp","href":"https:\/\/api.w.org\/{rel}","templated":true}]}}