{"id":47473,"date":"2013-11-16T16:26:24","date_gmt":"2013-11-16T14:26:24","guid":{"rendered":"http:\/\/www.sorubak.com\/blog\/?p=47473"},"modified":"2013-11-16T16:26:24","modified_gmt":"2013-11-16T14:26:24","slug":"cumhuriyetin-ilk-yillarinda-egitimin-durumu","status":"publish","type":"post","link":"https:\/\/www.sorubak.com\/blog\/cumhuriyetin-ilk-yillarinda-egitimin-durumu.html","title":{"rendered":"Cumhuriyet\u2019in \u0130lk Y\u0131llar\u0131nda E\u011fitimin Durumu"},"content":{"rendered":"<p><b>Cumhuriyet\u2019in \u0130lk Y\u0131llar\u0131nda E\u011fitimin Durumu<\/b><\/p>\n<p>\u00b7\u00a0 1923-1924 \u00f6\u011fretim y\u0131l\u0131nda T\u00fcrkiye\u2019nin n\u00fcfusu 11-12 milyon kadard\u0131. Bu n\u00fcfusun % 10\u2019u okur-yazard\u0131.<b><\/b><\/p>\n<p>\u00b7\u00a0 \u00d6\u011fretmenlerin \u00e7o\u011fu, meslek\u00ee e\u011fitimden ge\u00e7memi\u015fti.<b><\/b><\/p>\n<p>\u00b7\u00a0 Bilimsel e\u011fitim ve \u00f6\u011fretim y\u00f6ntemleri bilinmiyordu.<b><\/b><\/p>\n<p>\u00b7\u00a0 Okul binalar\u0131 e\u011fitime elveri\u015fli de\u011fildi.<b><\/b><\/p>\n<p>\u00b7\u00a0 Ders ara\u00e7 ve gere\u00e7leri yetersizdi.<b><\/b><\/p>\n<p>\u00b7\u00a0 1923-1938 y\u0131llar\u0131 aras\u0131nda g\u00f6r\u00fclen aksakl\u0131klar giderilmeye \u00e7al\u0131\u015f\u0131lm\u0131\u015f ve bug\u00fcnk\u00fc e\u011fitim sistemimizin temeli at\u0131lm\u0131\u015ft\u0131r.<b><\/b><\/p>\n","protected":false},"excerpt":{"rendered":"<p>Cumhuriyet\u2019in \u0130lk Y\u0131llar\u0131nda E\u011fitimin Durumu \u00b7\u00a0 1923-1924 \u00f6\u011fretim y\u0131l\u0131nda T\u00fcrkiye\u2019nin n\u00fcfusu 11-12 milyon kadard\u0131. Bu n\u00fcfusun % 10\u2019u okur-yazard\u0131. \u00b7\u00a0 \u00d6\u011fretmenlerin \u00e7o\u011fu, meslek\u00ee e\u011fitimden ge\u00e7memi\u015fti. \u00b7\u00a0 Bilimsel e\u011fitim ve \u00f6\u011fretim y\u00f6ntemleri bilinmiyordu. \u00b7\u00a0 Okul binalar\u0131 e\u011fitime elveri\u015fli de\u011fildi. \u00b7\u00a0 Ders ara\u00e7 ve gere\u00e7leri yetersizdi. \u00b7\u00a0 1923-1938 y\u0131llar\u0131 aras\u0131nda g\u00f6r\u00fclen aksakl\u0131klar giderilmeye \u00e7al\u0131\u015f\u0131lm\u0131\u015f ve bug\u00fcnk\u00fc e\u011fitim &#8230; <a title=\"Cumhuriyet\u2019in \u0130lk Y\u0131llar\u0131nda E\u011fitimin Durumu\" class=\"read-more\" href=\"https:\/\/www.sorubak.com\/blog\/cumhuriyetin-ilk-yillarinda-egitimin-durumu.html\" aria-label=\"More on Cumhuriyet\u2019in \u0130lk Y\u0131llar\u0131nda E\u011fitimin Durumu\">Devam\u0131n\u0131 oku&#8230;<\/a><\/p>\n","protected":false},"author":1,"featured_media":0,"comment_status":"open","ping_status":"open","sticky":false,"template":"","format":"standard","meta":{"footnotes":""},"categories":[14,20],"tags":[],"class_list":["post-47473","post","type-post","status-publish","format-standard","hentry","category-sosyal-bilgiler","category-tc-ink-tarihi-ve-ataturkculuk"],"_links":{"self":[{"href":"https:\/\/www.sorubak.com\/blog\/wp-json\/wp\/v2\/posts\/47473","targetHints":{"allow":["GET"]}}],"collection":[{"href":"https:\/\/www.sorubak.com\/blog\/wp-json\/wp\/v2\/posts"}],"about":[{"href":"https:\/\/www.sorubak.com\/blog\/wp-json\/wp\/v2\/types\/post"}],"author":[{"embeddable":true,"href":"https:\/\/www.sorubak.com\/blog\/wp-json\/wp\/v2\/users\/1"}],"replies":[{"embeddable":true,"href":"https:\/\/www.sorubak.com\/blog\/wp-json\/wp\/v2\/comments?post=47473"}],"version-history":[{"count":0,"href":"https:\/\/www.sorubak.com\/blog\/wp-json\/wp\/v2\/posts\/47473\/revisions"}],"wp:attachment":[{"href":"https:\/\/www.sorubak.com\/blog\/wp-json\/wp\/v2\/media?parent=47473"}],"wp:term":[{"taxonomy":"category","embeddable":true,"href":"https:\/\/www.sorubak.com\/blog\/wp-json\/wp\/v2\/categories?post=47473"},{"taxonomy":"post_tag","embeddable":true,"href":"https:\/\/www.sorubak.com\/blog\/wp-json\/wp\/v2\/tags?post=47473"}],"curies":[{"name":"wp","href":"https:\/\/api.w.org\/{rel}","templated":true}]}}