{"id":47451,"date":"2013-11-14T22:07:05","date_gmt":"2013-11-14T20:07:05","guid":{"rendered":"http:\/\/www.sorubak.com\/blog\/?p=47451"},"modified":"2013-11-14T22:07:05","modified_gmt":"2013-11-14T20:07:05","slug":"11-sinif-inkilap-tarihi-1-donem-1-yazili-15-kasim-2013","status":"publish","type":"post","link":"https:\/\/www.sorubak.com\/blog\/11-sinif-inkilap-tarihi-1-donem-1-yazili-15-kasim-2013.html","title":{"rendered":"11.s\u0131n\u0131f ink\u0131lap tarihi 1.d\u00f6nem 1.yaz\u0131l\u0131 15 kas\u0131m 2013"},"content":{"rendered":"<p style=\"text-align: center;\">Yaz\u0131l\u0131n\u0131n G\u00f6rselli ve Tam Halini \u0130ndirmek \u0130\u00e7in <a href=\"http:\/\/www.sorubak.com\/11sinif-inkilap-tarihi-1donem-1yazili-20132014-yeni_65195.htm\" target=\"_blank\">TIKLAYINIZ<\/a><\/p>\n<p>ADI SOYADI: \u00a0 \u00a0 \u00a0 \u00a0 \u00a0 \u00a0 \u00a0 \u00a0 \u00a0 \u00a0 \u00a0 \u00a0 \u00a0 \u00a0 \u00a0 \u00a0 \u00a0 \u00a0AGRUBU<br \/>\nSINIFI:<br \/>\nNO:<br \/>\n2013-2014\u00a0\u00a0\u00a0E\u011e\u0130T\u0130M \u00d6\u011eRET\u0130M YILI MEHMET SEYF\u0130 ERALTAY \u00a0L\u0130SES\u0130<br \/>\nTC \u00a0\u0130NKILAP TAR\u0130H\u0130 VE ATAT\u00dcRK\u00c7\u00dcL\u00dcK DERS\u0130 11\u2026\u2026SINIFI \u00a0I. D\u00d6NEM \u00a0I. YAZILI \u00a0YOKLAMA SORULARIDIR.<br \/>\nA\u00a0 \u00a0 \u00a0GRUBU<br \/>\n<a href=\"http:\/\/www.sorubak.com\/\">www.sorubak.com<\/a><br \/>\n1 ) II Me\u015frutiyetin ilan edilmesinin neden lerini yaz\u0131n\u0131z<\/p>\n<p>2)Trablusgarb Sava\u015f\u0131\u2019nda \u0130talya\u2019n\u0131n Osmanl\u0131 Devletini bar\u0131\u015fa zorlamak i\u00e7in yapt\u0131\u011f\u0131 giri\u015fimleri yazarak U\u015fi Anla\u015fmas\u0131n\u0131n \u00f6nemini yaz\u0131n\u0131z.<\/p>\n<p>3)I Balkan Sva\u015f\u0131n\u0131n nedenleri nelerdir. Yaz\u0131n\u0131z.<\/p>\n<p>4) I.D\u00fcnya Sava\u015f\u0131n\u0131n siyasal \u00a0gerek\u00e7elerini a\u00e7\u0131klay\u0131n\u0131z.<\/p>\n<p>5) \u0130tilaf Devletlerinin Osmanl\u0131 devleti ile ittifak yapmamas\u0131n\u0131n nedenleri \u00a0nelerdir?yaz\u0131n\u0131z.<\/p>\n<p>6 ) Osmanl\u0131 Devletinin I. D\u00fcnyaSava\u015f\u0131nda \u00a0sava\u015ft\u0131\u011f\u0131 cepheleri yazarak \u00c7anakkale cephesinin a\u00e7\u0131lma nedenlerini yaz\u0131n\u0131z.<\/p>\n<p>7)Mondros M\u00fctarekesi\u2019nin en tehlikeli maddesi hangisidir?belirterek a\u00e7\u0131klay\u0131n\u0131z.<\/p>\n<p>8)Halk hareketi sonucu mevcut d\u00fczenin zor kullan\u0131larak y\u0131k\u0131lmas\u0131 ve y\u0131k\u0131lan d\u00fczenin yerine \u00e7a\u011f\u0131n ihtiyac\u0131n\u0131 kar\u015f\u0131layacak yeni bir d\u00fczen \u00a0kurulmas\u0131na \u2026\u2026\u2026\u2026\u2026\u2026\u2026\u2026\u2026denir.<\/p>\n<p>9 ) 31 Mart Olay\u0131 \u2026\u2026\u2026\u2026\u2026\u2026\u2026.ad\u0131 verilen bir kuvvet taraf\u0131ndan bast\u0131r\u0131lm\u0131\u015ft\u0131r.<\/p>\n<p>10) \u00a0II.Balkan Sava\u015f\u0131 sonunda \u00a0Osmanl\u0131 Yunanistan ile \u2026\u2026\u2026\u2026\u2026\u2026antla\u015fmas\u0131n\u0131 imzalam\u0131\u015ft\u0131r.<\/p>\n<p>11) I.D\u00fcnya sava\u015f\u0131n\u0131n sonunda Bulgaristan \u0130tilaf \u00a0Devletleri ile \u2026\u2026\u2026\u2026\u2026\u2026\u2026 antla\u015fmas\u0131n\u0131 imzalam\u0131\u015ft\u0131r.<\/p>\n<p>12)I.D\u00fcnya Sava\u015f\u0131 s\u0131ras\u0131nda \u0130ngilizlerin M\u0131s\u0131r valisi ve Hicaz Emiri \u015eerif H\u00fcseyin aras\u0131nda \u2026\u2026\u2026\u2026\u2026\u2026\u2026\u2026\u2026\u2026\u2026\u2026 antla\u015fmas\u0131n\u0131 imzalam\u0131\u015ft\u0131r.<\/p>\n<p>13)Osmanl\u0131 Devletinin a\u00e7t\u0131\u011f\u0131 ilk taarruz cephesi \u2026\u2026\u2026\u2026\u2026\u2026\u2026\u2026\u2026\u2026\u2026\u2026\u2026\u2026\u2026d\u0131r<br \/>\n.<br \/>\n14) \u00a0 \u00a0Osmanl\u0131 Devleti I Balkan sava\u015f\u0131 sonunda \u2026\u2026\u2026\u2026\u2026\u2026\u2026\u2026\u2026\u2026\u2026\u2026\u2026\u2026. antla\u015fmas\u0131n\u0131 imzalam\u0131\u015ft\u0131r.<\/p>\n<p>15)Almanya,Avusturya-Macaristan ve \u0130talya \u00a01882 \u00a0 y\u0131l\u0131nda \u00a0 \u2026\u2026\u2026\u2026\u2026\u2026\u2026..grubunu olu\u015fturmu\u015flard\u0131r.<\/p>\n<p>16)II Me\u015frutiyetin ilan\u0131 sonucunda Avusturya-Macaristan \u2026\u2026\u2026\u2026\u2026\u2026\u2026\u2026..\u2019ikendi topraklar\u0131na katt\u0131\u011f\u0131n\u0131 a\u00e7\u0131klam\u0131\u015ft\u0131r.<br \/>\n17)1917 y\u0131l\u0131nda Rusya\u2019da \u2026\u2026\u2026\u2026\u2026\u2026\u2026\u2026\u2026\u2026\u2026..ihtilali \u00e7\u0131km\u0131\u015f,\u00e7arl\u0131k rejimi y\u0131k\u0131lm\u0131\u015ft\u0131r.<br \/>\nNOT:1,2,3,4,5,6,7.sorular 10 puan d\u011fer sorular 3 puan de\u011ferindedir.ba\u015far\u0131lar dilerim.<\/p>\n<p>&nbsp;<\/p>\n<p>&nbsp;<\/p>\n<p>&nbsp;<\/p>\n<p>&nbsp;<\/p>\n<p>&nbsp;<\/p>\n<p><a href=\"http:\/\/www.sorubak.com\/\">www.sorubak.com<\/a><br \/>\nADI SOYADI: \u00a0 \u00a0 \u00a0 \u00a0 \u00a0 \u00a0 \u00a0 \u00a0 \u00a0 \u00a0 \u00a0 \u00a0 \u00a0 \u00a0 \u00a0 \u00a0 \u00a0 \u00a0B \u00a0GRUBU<br \/>\nSINIFI:<br \/>\nNO:<br \/>\n2010-2011\u00a0\u00a0\u00a0E\u011e\u0130T\u0130M \u00d6\u011eRET\u0130M YILI MEHMET SEYF\u0130 ERALTAY \u00a0L\u0130SES\u0130<br \/>\nTC \u00a0\u0130NKILAP TAR\u0130H\u0130 VE ATAT\u00dcRK\u00c7\u00dcL\u00dcK DERS\u0130 11\u2026\u2026SINIFI \u00a0I. D\u00d6NEM \u00a0I. YAZILI \u00a0YOKLAMA SORULARIDIR.<br \/>\n1)II Me\u015frutiyetin ilan\u0131\u2019n\u0131n sonu\u00e7lar\u0131n\u0131 a\u00e7\u0131klay\u0131n\u0131z<\/p>\n<p>2)Trablusgarb savas\u0131n\u0131n nedenlerini yaz\u0131n\u0131z<\/p>\n<p>3)I.ve II \u00a0Balkan Sava\u015f\u0131 aras\u0131ndaki \u00a0ili\u015fkiyi a\u00e7\u0131klay\u0131n\u0131z.<\/p>\n<p>4) I.D\u00fcnya Sava\u015f\u0131n\u0131n ekonomik gerek\u00e7elerini a\u00e7\u0131klay\u0131n\u0131z.<\/p>\n<p>5) Osmanl\u0131 devletinin I D\u00fcnya sava\u015f\u0131na girmesinin nedenleri nelerdir?yaz\u0131n\u0131z.<\/p>\n<p>B \u00a0GRUBU<br \/>\n6) ) Osmanl\u0131 Devletinin I. D\u00fcnyaSava\u015f\u0131nda \u00a0sava\u015ft\u0131\u011f\u0131 cepheleri \u00f6zelliklerine g\u00f6re s\u0131n\u0131f land\u0131rarak \u00c7anakkale cephesinin \u00a0T\u00fcrk tarihi a\u00e7\u0131s\u0131ndan sonu\u00e7lar\u0131n\u0131 yaz\u0131n\u0131z.<\/p>\n<p>7)Mondros M\u00fctarekesinin 24. maddesini yazarak \u00a0bu maddenin amac\u0131n\u0131 a\u00e7\u0131klay\u0131n\u0131z.<\/p>\n<p>8)Devletin ekonomik ,siyasi,ve sosyal yap\u0131s\u0131n\u0131 degi\u015ftirmek \u00fczere zor kullan\u0131larak yap\u0131lan eyleme \u2026\u2026\u2026\u2026\u2026\u2026\u2026\u2026\u2026\u2026\u2026..denir.<\/p>\n<p>9) \u00a023 Aral\u0131k 1876\u2019da haz\u0131rlanan ilk Osmanl\u0131 Anayasas\u0131na \u2026\u2026\u2026\u2026\u2026\u2026\u2026\u2026\u2026\u2026\u2026ad\u0131 verilir.<br \/>\n10) ) \u00a0II.Balkan Sava\u015f\u0131 sonunda \u00a0Osmanl\u0131lar Bulgaristan ile \u2026\u2026\u2026\u2026\u2026\u2026antla\u015fmas\u0131n\u0131 imzalam\u0131\u015ft\u0131r<br \/>\n.<br \/>\n11) ) I.D\u00fcnya sava\u015f\u0131n\u0131n sonunda Almanya \u00a0\u0130tilaf \u00a0Devletleri ile \u2026\u2026\u2026\u2026\u2026\u2026\u2026 antla\u015fmas\u0131n\u0131 imzalam\u0131\u015ft\u0131r.<\/p>\n<p>12 I.D\u00fcnya Sava\u015f\u0131 s\u0131ras\u0131nda \u0130ngiltere ve Fransa aras\u0131nda 1916 y\u0131l\u0131nda imzalanan\u2026\u2026\u2026\u2026\u2026\u2026..anla\u015fmas\u0131yla \u00a0Ortado\u011funun payla\u015f\u0131m\u0131 belirlenmi\u015ftir<br \/>\n.<br \/>\n13)Rusya \u00a03 \u00a0Mart 1918\u2019de ittifak Devletleriyle \u00a0imzalad\u0131\u011f\u0131 \u2026\u2026\u2026\u2026\u2026\u2026\u2026\u2026.antla\u015fmas\u0131 ile<br \/>\n\u0130le I D\u00fcnya sava\u015f\u0131ndan \u00e7ekilmi\u015ftir<br \/>\n.<br \/>\n14 )II Balkan Sava\u015f\u0131 sonunda Bulgaristan di\u011fer balkan devletleri ile \u2026\u2026\u2026\u2026\u2026\u2026\u2026\u2026.. antla\u015fmas\u0131n\u0131 imzalam\u0131\u015ft\u0131r.<br \/>\n15) \u0130ngiltere,Fransa ve Rusya taraf\u0131ndan1907 y\u0131l\u0131nda\u2026\u2026\u2026\u2026\u2026\u2026\u2026\u2026\u2026\u2026\u2026grubu olu\u015fturulmu\u015ftur.<\/p>\n<p>16) Rus \u00c7ar\u0131 ve \u0130ngiltere kral\u0131 1908 \u2018de\u2026\u2026\u2026\u2026\u2026\u2026\u2026g\u00f6r\u00fc\u015fmeleri sonucunda Osmanl\u0131 devletinden Makedonya\u2019da \u0131slahat yapmalar\u0131n\u0131 istemi\u015ftir.<\/p>\n<p>17) \u00a0I. D\u00fcnya sava\u015f\u0131 sonunda imzalanacak olan bari\u015f antla\u015fmalar\u0131n\u0131n tasla\u011f\u0131 \u2026\u2026\u2026\u2026\u2026\u2026\u2026\u2026\u2026\u2026\u2026\u2026\u2026&#8230;&#8230;&#8230;&#8230;&#8230;&#8230;&#8230;belirlenmi\u015ftir.<\/p>\n<p>NOT:1,2,3,4,5,6,7.sorular 10 puan d\u011fer sorular 3 puan de\u011ferindedir.ba\u015far\u0131lar dilerim.<\/p>\n<p style=\"text-align: center;\">Dok\u00fcman\u0131n Tam Halini \u0130ndirmek \u0130\u00e7in<a href=\"http:\/\/www.sorubak.com\/11sinif-inkilap-tarihi-1donem-1yazili-20132014-yeni_65195.htm\" target=\"_blank\"> TIKLAYINIZ<\/a><\/p>\n","protected":false},"excerpt":{"rendered":"<p>Yaz\u0131l\u0131n\u0131n G\u00f6rselli ve Tam Halini \u0130ndirmek \u0130\u00e7in TIKLAYINIZ ADI SOYADI: \u00a0 \u00a0 \u00a0 \u00a0 \u00a0 \u00a0 \u00a0 \u00a0 \u00a0 \u00a0 \u00a0 \u00a0 \u00a0 \u00a0 \u00a0 \u00a0 \u00a0 \u00a0AGRUBU SINIFI: NO: 2013-2014\u00a0\u00a0\u00a0E\u011e\u0130T\u0130M \u00d6\u011eRET\u0130M YILI MEHMET SEYF\u0130 ERALTAY \u00a0L\u0130SES\u0130 TC \u00a0\u0130NKILAP TAR\u0130H\u0130 VE ATAT\u00dcRK\u00c7\u00dcL\u00dcK DERS\u0130 11\u2026\u2026SINIFI \u00a0I. D\u00d6NEM \u00a0I. YAZILI \u00a0YOKLAMA SORULARIDIR. A\u00a0 \u00a0 \u00a0GRUBU www.sorubak.com 1 &#8230; <a title=\"11.s\u0131n\u0131f ink\u0131lap tarihi 1.d\u00f6nem 1.yaz\u0131l\u0131 15 kas\u0131m 2013\" class=\"read-more\" href=\"https:\/\/www.sorubak.com\/blog\/11-sinif-inkilap-tarihi-1-donem-1-yazili-15-kasim-2013.html\" aria-label=\"More on 11.s\u0131n\u0131f ink\u0131lap tarihi 1.d\u00f6nem 1.yaz\u0131l\u0131 15 kas\u0131m 2013\">Devam\u0131n\u0131 oku&#8230;<\/a><\/p>\n","protected":false},"author":1686,"featured_media":0,"comment_status":"open","ping_status":"open","sticky":false,"template":"","format":"standard","meta":{"footnotes":""},"categories":[13370],"tags":[17641,17640],"class_list":["post-47451","post","type-post","status-publish","format-standard","hentry","category-yazili-sorulari","tag-11-sinif-inkilap-tarihi-1-donem-1-yazili","tag-11-sinif-inkilap-tarihi-1-donem-1-yazili-2013"],"_links":{"self":[{"href":"https:\/\/www.sorubak.com\/blog\/wp-json\/wp\/v2\/posts\/47451","targetHints":{"allow":["GET"]}}],"collection":[{"href":"https:\/\/www.sorubak.com\/blog\/wp-json\/wp\/v2\/posts"}],"about":[{"href":"https:\/\/www.sorubak.com\/blog\/wp-json\/wp\/v2\/types\/post"}],"author":[{"embeddable":true,"href":"https:\/\/www.sorubak.com\/blog\/wp-json\/wp\/v2\/users\/1686"}],"replies":[{"embeddable":true,"href":"https:\/\/www.sorubak.com\/blog\/wp-json\/wp\/v2\/comments?post=47451"}],"version-history":[{"count":0,"href":"https:\/\/www.sorubak.com\/blog\/wp-json\/wp\/v2\/posts\/47451\/revisions"}],"wp:attachment":[{"href":"https:\/\/www.sorubak.com\/blog\/wp-json\/wp\/v2\/media?parent=47451"}],"wp:term":[{"taxonomy":"category","embeddable":true,"href":"https:\/\/www.sorubak.com\/blog\/wp-json\/wp\/v2\/categories?post=47451"},{"taxonomy":"post_tag","embeddable":true,"href":"https:\/\/www.sorubak.com\/blog\/wp-json\/wp\/v2\/tags?post=47451"}],"curies":[{"name":"wp","href":"https:\/\/api.w.org\/{rel}","templated":true}]}}