{"id":47213,"date":"2013-11-08T16:58:29","date_gmt":"2013-11-08T14:58:29","guid":{"rendered":"http:\/\/www.sorubak.com\/blog\/?p=47213"},"modified":"2013-11-08T16:58:29","modified_gmt":"2013-11-08T14:58:29","slug":"tekke-zaviye-ve-turbelerin-kapatilmasinin-onemi","status":"publish","type":"post","link":"https:\/\/www.sorubak.com\/blog\/tekke-zaviye-ve-turbelerin-kapatilmasinin-onemi.html","title":{"rendered":"Tekke, Zaviye ve T\u00fcrbelerin Kapat\u0131lmas\u0131n\u0131n \u00d6nemi"},"content":{"rendered":"<p><b>Toplumsal Ya\u015fay\u0131\u015f\u0131n D\u00fczenlen\u00admesi<\/b><\/p>\n<p><b>Tekke, Zaviye ve T\u00fcrbelerin Kapat\u0131lmas\u0131 <\/b><\/p>\n<p><b>(30 Kas\u0131m 1925)<\/b><\/p>\n<p><b>\u00d6nemi:<\/b><\/p>\n<p>1.T\u00fcrk halk\u0131n\u0131n bilime, ak\u0131lc\u0131l\u0131\u011fa ve laik d\u00fc\u015f\u00fcnceye y\u00f6nelmesi a\u00e7\u0131s\u0131ndan \u00f6nemli bir ad\u0131m at\u0131ld\u0131.<\/p>\n<p>2.Birlik beraberli\u011fin sa\u011flanmas\u0131 y\u00f6n\u00fcnde \u00f6nemli bir ad\u0131m at\u0131ld\u0131.<\/p>\n<p>3.T\u00fcrkiye\u2019nin falc\u0131lar, \u015feyhler, dervi\u015fler ve b\u00fcy\u00fc\u00adc\u00fcler \u00fclkesi olamayaca\u011f\u0131 ispatland\u0131.<\/p>\n<p><b>\u00a0<\/b><\/p>\n<p><b>\u00a0<\/b><\/p>\n<p><b>A\u00e7\u0131klamalar:<\/b><\/p>\n<p>\u00b7\u00a0 Ayn\u0131 g\u00fcn \u015feyh, dervi\u015f, m\u00fcrit gibi unvanlar\u0131n kul\u00adlan\u0131lmas\u0131 ve kurumlarla ilgili elbiselerin giyilmesi ve muskac\u0131l\u0131k yasakland\u0131.<\/p>\n<p>\u00b7\u00a0 T\u00fcrbeler kapat\u0131l\u0131rken Yavuz ve Fatih gibi T\u00fcrk b\u00fcy\u00fcklerinin t\u00fcrbelerinin kapat\u0131lmamas\u0131; T\u00fcrk \u0130nk\u0131l\u00e2b\u0131n\u0131n tarihi k\u00f6kleri koparmaya y\u00f6nelik olma\u00add\u0131\u011f\u0131n\u0131 g\u00f6sterdi.<\/p>\n","protected":false},"excerpt":{"rendered":"<p>Toplumsal Ya\u015fay\u0131\u015f\u0131n D\u00fczenlen\u00admesi Tekke, Zaviye ve T\u00fcrbelerin Kapat\u0131lmas\u0131 (30 Kas\u0131m 1925) \u00d6nemi: 1.T\u00fcrk halk\u0131n\u0131n bilime, ak\u0131lc\u0131l\u0131\u011fa ve laik d\u00fc\u015f\u00fcnceye y\u00f6nelmesi a\u00e7\u0131s\u0131ndan \u00f6nemli bir ad\u0131m at\u0131ld\u0131. 2.Birlik beraberli\u011fin sa\u011flanmas\u0131 y\u00f6n\u00fcnde \u00f6nemli bir ad\u0131m at\u0131ld\u0131. 3.T\u00fcrkiye\u2019nin falc\u0131lar, \u015feyhler, dervi\u015fler ve b\u00fcy\u00fc\u00adc\u00fcler \u00fclkesi olamayaca\u011f\u0131 ispatland\u0131. \u00a0 \u00a0 A\u00e7\u0131klamalar: \u00b7\u00a0 Ayn\u0131 g\u00fcn \u015feyh, dervi\u015f, m\u00fcrit gibi unvanlar\u0131n kul\u00adlan\u0131lmas\u0131 ve &#8230; <a title=\"Tekke, Zaviye ve T\u00fcrbelerin Kapat\u0131lmas\u0131n\u0131n \u00d6nemi\" class=\"read-more\" href=\"https:\/\/www.sorubak.com\/blog\/tekke-zaviye-ve-turbelerin-kapatilmasinin-onemi.html\" aria-label=\"More on Tekke, Zaviye ve T\u00fcrbelerin Kapat\u0131lmas\u0131n\u0131n \u00d6nemi\">Devam\u0131n\u0131 oku&#8230;<\/a><\/p>\n","protected":false},"author":1,"featured_media":0,"comment_status":"open","ping_status":"open","sticky":false,"template":"","format":"standard","meta":{"footnotes":""},"categories":[14,20],"tags":[],"class_list":["post-47213","post","type-post","status-publish","format-standard","hentry","category-sosyal-bilgiler","category-tc-ink-tarihi-ve-ataturkculuk"],"_links":{"self":[{"href":"https:\/\/www.sorubak.com\/blog\/wp-json\/wp\/v2\/posts\/47213","targetHints":{"allow":["GET"]}}],"collection":[{"href":"https:\/\/www.sorubak.com\/blog\/wp-json\/wp\/v2\/posts"}],"about":[{"href":"https:\/\/www.sorubak.com\/blog\/wp-json\/wp\/v2\/types\/post"}],"author":[{"embeddable":true,"href":"https:\/\/www.sorubak.com\/blog\/wp-json\/wp\/v2\/users\/1"}],"replies":[{"embeddable":true,"href":"https:\/\/www.sorubak.com\/blog\/wp-json\/wp\/v2\/comments?post=47213"}],"version-history":[{"count":0,"href":"https:\/\/www.sorubak.com\/blog\/wp-json\/wp\/v2\/posts\/47213\/revisions"}],"wp:attachment":[{"href":"https:\/\/www.sorubak.com\/blog\/wp-json\/wp\/v2\/media?parent=47213"}],"wp:term":[{"taxonomy":"category","embeddable":true,"href":"https:\/\/www.sorubak.com\/blog\/wp-json\/wp\/v2\/categories?post=47213"},{"taxonomy":"post_tag","embeddable":true,"href":"https:\/\/www.sorubak.com\/blog\/wp-json\/wp\/v2\/tags?post=47213"}],"curies":[{"name":"wp","href":"https:\/\/api.w.org\/{rel}","templated":true}]}}