{"id":47207,"date":"2013-11-08T16:56:35","date_gmt":"2013-11-08T14:56:35","guid":{"rendered":"http:\/\/www.sorubak.com\/blog\/?p=47207"},"modified":"2013-11-08T16:56:35","modified_gmt":"2013-11-08T14:56:35","slug":"olculer-saat-ve-takvimde-degisiklik-nedeni","status":"publish","type":"post","link":"https:\/\/www.sorubak.com\/blog\/olculer-saat-ve-takvimde-degisiklik-nedeni.html","title":{"rendered":"\u00d6l\u00e7\u00fcler, Saat ve Takvimde De\u011fi\u015fiklik Nedeni"},"content":{"rendered":"<p><b>\u00d6l\u00e7\u00fcler, Saat ve Takvimde De\u011fi\u015fiklik (26 Aral\u0131k 1925) <\/b><\/p>\n<p><b>Sebepleri:<\/b><\/p>\n<p>1.Avrupa ile T\u00fcrkiye aras\u0131ndaki ili\u015fkileri kolayla\u015f\u00adt\u0131rmak<\/p>\n<p>A\u00e7\u0131klama:<\/p>\n<p>1.Ayn\u0131 g\u00fcn Avrupa\u2019n\u0131n saat \u00f6l\u00e7\u00fcs\u00fc kabul edildi.<\/p>\n<p>2.1931\u2019de Avrupa\u00ee tarz a\u011f\u0131rl\u0131k ve uzunluk \u00f6l\u00e7\u00fcleri kabul edildi.<\/p>\n<p>3.1935\u2019de haftal\u0131k tatil Cuma\u2019dan Pazara al\u0131nd\u0131.<\/p>\n<p>4.1928\u2019de uluslararas\u0131 rakamlar kabul edildi.<\/p>\n<p>5.Uzunluk ve a\u011f\u0131rl\u0131k alan\u0131ndaki de\u011fi\u015fiklikler ve hafta tatilinin de\u011fi\u015ftirilmesi Avrupa ile ticari ili\u015fki\u00adleri kolayla\u015ft\u0131rmaya y\u00f6ne\u00adliktir.<\/p>\n","protected":false},"excerpt":{"rendered":"<p>\u00d6l\u00e7\u00fcler, Saat ve Takvimde De\u011fi\u015fiklik (26 Aral\u0131k 1925) Sebepleri: 1.Avrupa ile T\u00fcrkiye aras\u0131ndaki ili\u015fkileri kolayla\u015f\u00adt\u0131rmak A\u00e7\u0131klama: 1.Ayn\u0131 g\u00fcn Avrupa\u2019n\u0131n saat \u00f6l\u00e7\u00fcs\u00fc kabul edildi. 2.1931\u2019de Avrupa\u00ee tarz a\u011f\u0131rl\u0131k ve uzunluk \u00f6l\u00e7\u00fcleri kabul edildi. 3.1935\u2019de haftal\u0131k tatil Cuma\u2019dan Pazara al\u0131nd\u0131. 4.1928\u2019de uluslararas\u0131 rakamlar kabul edildi. 5.Uzunluk ve a\u011f\u0131rl\u0131k alan\u0131ndaki de\u011fi\u015fiklikler ve hafta tatilinin de\u011fi\u015ftirilmesi Avrupa ile ticari &#8230; <a title=\"\u00d6l\u00e7\u00fcler, Saat ve Takvimde De\u011fi\u015fiklik Nedeni\" class=\"read-more\" href=\"https:\/\/www.sorubak.com\/blog\/olculer-saat-ve-takvimde-degisiklik-nedeni.html\" aria-label=\"More on \u00d6l\u00e7\u00fcler, Saat ve Takvimde De\u011fi\u015fiklik Nedeni\">Devam\u0131n\u0131 oku&#8230;<\/a><\/p>\n","protected":false},"author":1,"featured_media":0,"comment_status":"open","ping_status":"open","sticky":false,"template":"","format":"standard","meta":{"footnotes":""},"categories":[14,20],"tags":[],"class_list":["post-47207","post","type-post","status-publish","format-standard","hentry","category-sosyal-bilgiler","category-tc-ink-tarihi-ve-ataturkculuk"],"_links":{"self":[{"href":"https:\/\/www.sorubak.com\/blog\/wp-json\/wp\/v2\/posts\/47207","targetHints":{"allow":["GET"]}}],"collection":[{"href":"https:\/\/www.sorubak.com\/blog\/wp-json\/wp\/v2\/posts"}],"about":[{"href":"https:\/\/www.sorubak.com\/blog\/wp-json\/wp\/v2\/types\/post"}],"author":[{"embeddable":true,"href":"https:\/\/www.sorubak.com\/blog\/wp-json\/wp\/v2\/users\/1"}],"replies":[{"embeddable":true,"href":"https:\/\/www.sorubak.com\/blog\/wp-json\/wp\/v2\/comments?post=47207"}],"version-history":[{"count":0,"href":"https:\/\/www.sorubak.com\/blog\/wp-json\/wp\/v2\/posts\/47207\/revisions"}],"wp:attachment":[{"href":"https:\/\/www.sorubak.com\/blog\/wp-json\/wp\/v2\/media?parent=47207"}],"wp:term":[{"taxonomy":"category","embeddable":true,"href":"https:\/\/www.sorubak.com\/blog\/wp-json\/wp\/v2\/categories?post=47207"},{"taxonomy":"post_tag","embeddable":true,"href":"https:\/\/www.sorubak.com\/blog\/wp-json\/wp\/v2\/tags?post=47207"}],"curies":[{"name":"wp","href":"https:\/\/api.w.org\/{rel}","templated":true}]}}