{"id":47205,"date":"2013-11-08T16:56:13","date_gmt":"2013-11-08T14:56:13","guid":{"rendered":"http:\/\/www.sorubak.com\/blog\/?p=47205"},"modified":"2013-11-08T16:56:13","modified_gmt":"2013-11-08T14:56:13","slug":"kadin-haklarinin-kabulu-ve-kadinin-toplumdaki-yeri","status":"publish","type":"post","link":"https:\/\/www.sorubak.com\/blog\/kadin-haklarinin-kabulu-ve-kadinin-toplumdaki-yeri.html","title":{"rendered":"Kad\u0131n Haklar\u0131n\u0131n Kabul\u00fc ve Kad\u0131n\u0131n Toplumdaki Yeri"},"content":{"rendered":"<p><b>Kad\u0131n Haklar\u0131n\u0131n Kabul\u00fc ve Kad\u0131n\u0131n Toplumdaki Yeri<\/b><\/p>\n<p><b>Sosyal Haklar<\/b><\/p>\n<p>\u00b7\u00a0 Medeni Kanun\u2019un kabul\u00fc ile kad\u0131n erkek e\u015fitsizli\u011fi giderildi.<\/p>\n<p>\u00b7\u00a0 T\u00fcrk kad\u0131n\u0131, resm\u00ee nik\u00e2h, bo\u015fanma, \u00e7ocuklar\u0131n vesayeti, mirasta e\u015fitlik, meslekte \u00e7al\u0131\u015fma haklar\u0131na kavu\u015ftu.<\/p>\n<p><b>\u00a0<\/b><\/p>\n<p><b>Siyasal Haklar<\/b><\/p>\n<p>\u00b7\u00a0 Kad\u0131nlara 3 Nisan 1930\u2019da belediye se\u00e7imlerinde se\u00e7me ve se\u00e7ilme hakk\u0131;<\/p>\n<p>\u00b7\u00a0 29 Ekim 1933\u2019de muhtar se\u00e7imlerinde se\u00e7me ve se\u00e7ilme hakk\u0131;<\/p>\n<p>\u00b7\u00a0 5 Aral\u0131k 1934\u2019de ise milletvekili se\u00e7imlerinde se\u00e7me ve se\u00e7ilme hakk\u0131 verildi.<\/p>\n<p>&nbsp;<\/p>\n<p><b>Kad\u0131nlara Siyasal Haklar\u0131n Verilmesinin \u00d6nemi:<\/b><\/p>\n<p>1.Kad\u0131n, siyasal alanda erke\u011fe e\u015fit hale geldi.<\/p>\n<p>2.Ulusal irade meclise tam olarak yans\u0131d\u0131.<\/p>\n<p>3.Milli Egemenlik ve Halk\u00e7\u0131l\u0131k peki\u015fti.<\/p>\n<p>4.T\u00fcrk kad\u0131n\u0131 Avrupa \u00fclkelerinde kad\u0131nlara veril\u00admi\u015f olan haklardan daha fazla hakka sahip oldu.<\/p>\n<p><b>Not: <\/b>1935 se\u00e7imlerinde 18 kad\u0131n milletvekili meclise girmi\u015ftir.<\/p>\n","protected":false},"excerpt":{"rendered":"<p>Kad\u0131n Haklar\u0131n\u0131n Kabul\u00fc ve Kad\u0131n\u0131n Toplumdaki Yeri Sosyal Haklar \u00b7\u00a0 Medeni Kanun\u2019un kabul\u00fc ile kad\u0131n erkek e\u015fitsizli\u011fi giderildi. \u00b7\u00a0 T\u00fcrk kad\u0131n\u0131, resm\u00ee nik\u00e2h, bo\u015fanma, \u00e7ocuklar\u0131n vesayeti, mirasta e\u015fitlik, meslekte \u00e7al\u0131\u015fma haklar\u0131na kavu\u015ftu. \u00a0 Siyasal Haklar \u00b7\u00a0 Kad\u0131nlara 3 Nisan 1930\u2019da belediye se\u00e7imlerinde se\u00e7me ve se\u00e7ilme hakk\u0131; \u00b7\u00a0 29 Ekim 1933\u2019de muhtar se\u00e7imlerinde se\u00e7me ve se\u00e7ilme &#8230; <a title=\"Kad\u0131n Haklar\u0131n\u0131n Kabul\u00fc ve Kad\u0131n\u0131n Toplumdaki Yeri\" class=\"read-more\" href=\"https:\/\/www.sorubak.com\/blog\/kadin-haklarinin-kabulu-ve-kadinin-toplumdaki-yeri.html\" aria-label=\"More on Kad\u0131n Haklar\u0131n\u0131n Kabul\u00fc ve Kad\u0131n\u0131n Toplumdaki Yeri\">Devam\u0131n\u0131 oku&#8230;<\/a><\/p>\n","protected":false},"author":1,"featured_media":0,"comment_status":"open","ping_status":"open","sticky":false,"template":"","format":"standard","meta":{"footnotes":""},"categories":[14,20],"tags":[],"class_list":["post-47205","post","type-post","status-publish","format-standard","hentry","category-sosyal-bilgiler","category-tc-ink-tarihi-ve-ataturkculuk"],"_links":{"self":[{"href":"https:\/\/www.sorubak.com\/blog\/wp-json\/wp\/v2\/posts\/47205","targetHints":{"allow":["GET"]}}],"collection":[{"href":"https:\/\/www.sorubak.com\/blog\/wp-json\/wp\/v2\/posts"}],"about":[{"href":"https:\/\/www.sorubak.com\/blog\/wp-json\/wp\/v2\/types\/post"}],"author":[{"embeddable":true,"href":"https:\/\/www.sorubak.com\/blog\/wp-json\/wp\/v2\/users\/1"}],"replies":[{"embeddable":true,"href":"https:\/\/www.sorubak.com\/blog\/wp-json\/wp\/v2\/comments?post=47205"}],"version-history":[{"count":0,"href":"https:\/\/www.sorubak.com\/blog\/wp-json\/wp\/v2\/posts\/47205\/revisions"}],"wp:attachment":[{"href":"https:\/\/www.sorubak.com\/blog\/wp-json\/wp\/v2\/media?parent=47205"}],"wp:term":[{"taxonomy":"category","embeddable":true,"href":"https:\/\/www.sorubak.com\/blog\/wp-json\/wp\/v2\/categories?post=47205"},{"taxonomy":"post_tag","embeddable":true,"href":"https:\/\/www.sorubak.com\/blog\/wp-json\/wp\/v2\/tags?post=47205"}],"curies":[{"name":"wp","href":"https:\/\/api.w.org\/{rel}","templated":true}]}}