{"id":47059,"date":"2013-11-05T00:22:22","date_gmt":"2013-11-04T22:22:22","guid":{"rendered":"http:\/\/www.sorubak.com\/blog\/?p=47059"},"modified":"2013-11-05T00:22:22","modified_gmt":"2013-11-04T22:22:22","slug":"montro-sozlesmesi-icerigi-ve-onemi","status":"publish","type":"post","link":"https:\/\/www.sorubak.com\/blog\/montro-sozlesmesi-icerigi-ve-onemi.html","title":{"rendered":"Montr\u00f6 S\u00f6zle\u015fmesi \u0130\u00e7eri\u011fi ve \u00d6nemi"},"content":{"rendered":"<p><b>Montr\u00f6 S\u00f6zle\u015fmesi (20 Temmuz 1936)<\/b><\/p>\n<p>\u00b7\u00a0 T\u00fcrkiye Lozan\u2019da Bo\u011fazlar ile ilgili h\u00fck\u00fcmleri, g\u00fcvenlik konusunda Milletler Cemiyeti\u2019nin etkili olaca\u011f\u0131 ve Avrupa\u2019da silahs\u0131zlanman\u0131n ger\u00e7ekle\u015fe\u00adce\u011fi \u00fcmidi ile kabul etmi\u015ftir.<\/p>\n<p>\u00b7\u00a0 1933 y\u0131l\u0131ndan itibaren Almanya ve \u0130talya\u2019n\u0131n h\u0131zl\u0131 bir \u015fekilde silahlanmas\u0131 ve MC\u2019ni bu duruma bir \u00e7are bulamamas\u0131 T\u00fcrkiye\u2019yi Bo\u011fazlar\u0131n g\u00fcvenli\u011fi konusunda endi\u015felendirdi.<\/p>\n<p>\u00b7\u00a0 Lozan Antla\u015fmas\u0131\u2019n\u0131n T\u00fcrkiye\u2019yi Bo\u011fazlar konusunda k\u0131s\u0131tlayan h\u00fck\u00fcm\u00adlerinin kald\u0131r\u0131lmas\u0131 i\u00e7in T\u00fcrkiye, 10 Nisan 1936\u2019da Lozan\u2019\u0131 imzalayan devletlere birer nota g\u00f6nderdi.<\/p>\n<p>\u00b7\u00a0 Antla\u015fmalar\u0131n hi\u00e7e say\u0131ld\u0131\u011f\u0131 ve devletlerin dost aray\u0131\u015f\u0131 i\u00e7inde oldu\u011fu bir d\u00f6nemde T\u00fcrkiye\u2019nin istekleri olumlu kar\u015f\u0131land\u0131 ve Bo\u011fazlar\u2019\u0131n stat\u00fcs\u00fc \u0130svi\u00e7re\u2019nin Montr\u00f6 kentinde tekrar g\u00f6r\u00fc\u015f\u00fcld\u00fc.<\/p>\n<p>&nbsp;<\/p>\n<p><b>Montr\u00f6 S\u00f6zle\u015fmesi\u2019nin \u0130\u00e7eri\u011fi:<\/b><\/p>\n<p>1.Bo\u011fazlar komisyonu kald\u0131r\u0131larak g\u00f6revleri T\u00fcrk devletine devredildi.<\/p>\n<p>2.Bo\u011fazlara T\u00fcrkiye\u2019nin asker sokmas\u0131 kabul edildi.<\/p>\n<p>3.Ticaret gemilerinin Bo\u011fazlar\u2019dan serbest ge\u00e7i\u015fi kabul edildi.<\/p>\n<p>4.Sava\u015f gemilerinin Bo\u011fazlar\u2019dan ge\u00e7i\u015fine s\u0131n\u0131rlama getirildi.<\/p>\n<p>5.Sava\u015f zaman\u0131nda T\u00fcrkiye\u2019ye Bo\u011fazlar\u2019\u0131 kapatma hakk\u0131 tan\u0131nd\u0131.<\/p>\n<p>&nbsp;<\/p>\n<p><b>\u00d6nemi:<\/b><\/p>\n<p>1.Misak-\u0131 Milli y\u00f6n\u00fcnde \u00f6nemli bir ad\u0131m at\u0131ld\u0131.<\/p>\n<p>2.T\u00fcrkiye\u2019nin uluslararas\u0131 g\u00fc\u00e7 dengesinde \u00f6nemi artt\u0131.<\/p>\n<p>3.SSCB, kendisini Karadeniz\u2019de g\u00fcvende hissetti.<\/p>\n<p>4.T\u00fcrkiye\u2019nin Do\u011fu Akdeniz\u2019deki durumu g\u00fc\u00e7\u00adlendi.<\/p>\n<p>A\u00e7\u0131klamalar:<\/p>\n<p>1.\u0130talya s\u00f6zle\u015fmeyi daha sonra imzalad\u0131. (\u0130talya Habe\u015fistan\u2019a sald\u0131rd\u0131\u011f\u0131 zaman Milletler Cemiyeti\u2019nde olan T\u00fcrkiye de \u0130talya\u2019n\u0131n bu davran\u0131\u00ad\u015f\u0131n\u0131 k\u0131namak zorunda kal\u00adm\u0131\u015ft\u0131.)<\/p>\n<p>2.\u0130ngiltere T\u00fcrkiye\u2019nin Do\u011fu Akdeniz\u2019de g\u00fc\u00e7l\u00fc olmas\u0131n\u0131 istiyordu.<\/p>\n<p>3.SSCB, Lozan\u2019\u0131n olu\u015fturdu\u011fu Bo\u011fazlar rejimini be\u011fenmiyordu.<\/p>\n<p>4.Japonya, \u0130kinci D\u00fcnya Sava\u015f\u0131\u2019ndan sonra g\u00f6r\u00fc\u015fmeden \u00e7ekildi.<\/p>\n","protected":false},"excerpt":{"rendered":"<p>Montr\u00f6 S\u00f6zle\u015fmesi (20 Temmuz 1936) \u00b7\u00a0 T\u00fcrkiye Lozan\u2019da Bo\u011fazlar ile ilgili h\u00fck\u00fcmleri, g\u00fcvenlik konusunda Milletler Cemiyeti\u2019nin etkili olaca\u011f\u0131 ve Avrupa\u2019da silahs\u0131zlanman\u0131n ger\u00e7ekle\u015fe\u00adce\u011fi \u00fcmidi ile kabul etmi\u015ftir. \u00b7\u00a0 1933 y\u0131l\u0131ndan itibaren Almanya ve \u0130talya\u2019n\u0131n h\u0131zl\u0131 bir \u015fekilde silahlanmas\u0131 ve MC\u2019ni bu duruma bir \u00e7are bulamamas\u0131 T\u00fcrkiye\u2019yi Bo\u011fazlar\u0131n g\u00fcvenli\u011fi konusunda endi\u015felendirdi. \u00b7\u00a0 Lozan Antla\u015fmas\u0131\u2019n\u0131n T\u00fcrkiye\u2019yi Bo\u011fazlar konusunda &#8230; <a title=\"Montr\u00f6 S\u00f6zle\u015fmesi \u0130\u00e7eri\u011fi ve \u00d6nemi\" class=\"read-more\" href=\"https:\/\/www.sorubak.com\/blog\/montro-sozlesmesi-icerigi-ve-onemi.html\" aria-label=\"More on Montr\u00f6 S\u00f6zle\u015fmesi \u0130\u00e7eri\u011fi ve \u00d6nemi\">Devam\u0131n\u0131 oku&#8230;<\/a><\/p>\n","protected":false},"author":1,"featured_media":0,"comment_status":"open","ping_status":"open","sticky":false,"template":"","format":"standard","meta":{"footnotes":""},"categories":[14,20],"tags":[],"class_list":["post-47059","post","type-post","status-publish","format-standard","hentry","category-sosyal-bilgiler","category-tc-ink-tarihi-ve-ataturkculuk"],"_links":{"self":[{"href":"https:\/\/www.sorubak.com\/blog\/wp-json\/wp\/v2\/posts\/47059","targetHints":{"allow":["GET"]}}],"collection":[{"href":"https:\/\/www.sorubak.com\/blog\/wp-json\/wp\/v2\/posts"}],"about":[{"href":"https:\/\/www.sorubak.com\/blog\/wp-json\/wp\/v2\/types\/post"}],"author":[{"embeddable":true,"href":"https:\/\/www.sorubak.com\/blog\/wp-json\/wp\/v2\/users\/1"}],"replies":[{"embeddable":true,"href":"https:\/\/www.sorubak.com\/blog\/wp-json\/wp\/v2\/comments?post=47059"}],"version-history":[{"count":0,"href":"https:\/\/www.sorubak.com\/blog\/wp-json\/wp\/v2\/posts\/47059\/revisions"}],"wp:attachment":[{"href":"https:\/\/www.sorubak.com\/blog\/wp-json\/wp\/v2\/media?parent=47059"}],"wp:term":[{"taxonomy":"category","embeddable":true,"href":"https:\/\/www.sorubak.com\/blog\/wp-json\/wp\/v2\/categories?post=47059"},{"taxonomy":"post_tag","embeddable":true,"href":"https:\/\/www.sorubak.com\/blog\/wp-json\/wp\/v2\/tags?post=47059"}],"curies":[{"name":"wp","href":"https:\/\/api.w.org\/{rel}","templated":true}]}}