{"id":47057,"date":"2013-11-05T00:21:47","date_gmt":"2013-11-04T22:21:47","guid":{"rendered":"http:\/\/www.sorubak.com\/blog\/?p=47057"},"modified":"2013-11-05T00:21:47","modified_gmt":"2013-11-04T22:21:47","slug":"sadabat-pakti-sebebi-onemi-katilan-devletler","status":"publish","type":"post","link":"https:\/\/www.sorubak.com\/blog\/sadabat-pakti-sebebi-onemi-katilan-devletler.html","title":{"rendered":"S\u00e2d\u00e2bat Pakt\u0131  Sebebi, \u00d6nemi, Kat\u0131lan Devletler"},"content":{"rendered":"<p><b>S\u00e2d\u00e2bat Pakt\u0131 (9 Temmuz 1937)<\/b><\/p>\n<p><b>Sebebi:<\/b><\/p>\n<p>\u00b7\u00a0 \u0130talya\u2019n\u0131n Akdeniz Havzas\u0131 ve Ortado\u011fu\u2019ya y\u00f6ne\u00adlik sald\u0131rgan tutumu.<\/p>\n<p><b>Kat\u0131lan Devletler:<\/b><\/p>\n<p>\u00b7\u00a0 T\u00fcrkiye, \u0130ran, Afganistan ve Irak<\/p>\n<p><b>\u00a0<\/b><\/p>\n<p><b>\u00d6nemi: <\/b><\/p>\n<p>1.T\u00fcrkiye \u0130ran ve Irak s\u0131n\u0131r\u0131n\u0131 g\u00fcvence alt\u0131na ald\u0131.<\/p>\n<p>2.\u0130talya\u2019ya kar\u015f\u0131 Balkanlar\u2019da \u00f6nemli bir cayd\u0131r\u0131c\u0131\u00adl\u0131k rol\u00fc \u00fcstlenmi\u015f olan T\u00fcrkiye S\u00e2d\u00e2bat Pakt\u0131 ile de tavr\u0131n\u0131 devam ettirerek d\u00fcnya bar\u0131\u015f\u0131na katk\u0131da bu\u00adlunma istedi\u011fini g\u00f6stermi\u015ftir.<\/p>\n<p>3.T\u00fcrkiye b\u00f6lgede \u00f6nc\u00fc durumda oldu\u011funu g\u00f6ster\u00admi\u015ftir.<\/p>\n<p><b>Not:<\/b> \u0130kinci D\u00fcnya Sava\u015f\u0131 ba\u015flay\u0131nca pakt da\u011f\u0131lm\u0131\u015f\u00adt\u0131r.<\/p>\n","protected":false},"excerpt":{"rendered":"<p>S\u00e2d\u00e2bat Pakt\u0131 (9 Temmuz 1937) Sebebi: \u00b7\u00a0 \u0130talya\u2019n\u0131n Akdeniz Havzas\u0131 ve Ortado\u011fu\u2019ya y\u00f6ne\u00adlik sald\u0131rgan tutumu. Kat\u0131lan Devletler: \u00b7\u00a0 T\u00fcrkiye, \u0130ran, Afganistan ve Irak \u00a0 \u00d6nemi: 1.T\u00fcrkiye \u0130ran ve Irak s\u0131n\u0131r\u0131n\u0131 g\u00fcvence alt\u0131na ald\u0131. 2.\u0130talya\u2019ya kar\u015f\u0131 Balkanlar\u2019da \u00f6nemli bir cayd\u0131r\u0131c\u0131\u00adl\u0131k rol\u00fc \u00fcstlenmi\u015f olan T\u00fcrkiye S\u00e2d\u00e2bat Pakt\u0131 ile de tavr\u0131n\u0131 devam ettirerek d\u00fcnya bar\u0131\u015f\u0131na katk\u0131da bu\u00adlunma istedi\u011fini &#8230; <a title=\"S\u00e2d\u00e2bat Pakt\u0131  Sebebi, \u00d6nemi, Kat\u0131lan Devletler\" class=\"read-more\" href=\"https:\/\/www.sorubak.com\/blog\/sadabat-pakti-sebebi-onemi-katilan-devletler.html\" aria-label=\"More on S\u00e2d\u00e2bat Pakt\u0131  Sebebi, \u00d6nemi, Kat\u0131lan Devletler\">Devam\u0131n\u0131 oku&#8230;<\/a><\/p>\n","protected":false},"author":1,"featured_media":0,"comment_status":"open","ping_status":"open","sticky":false,"template":"","format":"standard","meta":{"footnotes":""},"categories":[14,20],"tags":[],"class_list":["post-47057","post","type-post","status-publish","format-standard","hentry","category-sosyal-bilgiler","category-tc-ink-tarihi-ve-ataturkculuk"],"_links":{"self":[{"href":"https:\/\/www.sorubak.com\/blog\/wp-json\/wp\/v2\/posts\/47057","targetHints":{"allow":["GET"]}}],"collection":[{"href":"https:\/\/www.sorubak.com\/blog\/wp-json\/wp\/v2\/posts"}],"about":[{"href":"https:\/\/www.sorubak.com\/blog\/wp-json\/wp\/v2\/types\/post"}],"author":[{"embeddable":true,"href":"https:\/\/www.sorubak.com\/blog\/wp-json\/wp\/v2\/users\/1"}],"replies":[{"embeddable":true,"href":"https:\/\/www.sorubak.com\/blog\/wp-json\/wp\/v2\/comments?post=47057"}],"version-history":[{"count":0,"href":"https:\/\/www.sorubak.com\/blog\/wp-json\/wp\/v2\/posts\/47057\/revisions"}],"wp:attachment":[{"href":"https:\/\/www.sorubak.com\/blog\/wp-json\/wp\/v2\/media?parent=47057"}],"wp:term":[{"taxonomy":"category","embeddable":true,"href":"https:\/\/www.sorubak.com\/blog\/wp-json\/wp\/v2\/categories?post=47057"},{"taxonomy":"post_tag","embeddable":true,"href":"https:\/\/www.sorubak.com\/blog\/wp-json\/wp\/v2\/tags?post=47057"}],"curies":[{"name":"wp","href":"https:\/\/api.w.org\/{rel}","templated":true}]}}