{"id":47045,"date":"2013-11-05T00:07:51","date_gmt":"2013-11-04T22:07:51","guid":{"rendered":"http:\/\/www.sorubak.com\/blog\/?p=47045"},"modified":"2013-11-05T00:07:51","modified_gmt":"2013-11-04T22:07:51","slug":"milliyetcilik-ilkesinin-ozellikleri","status":"publish","type":"post","link":"https:\/\/www.sorubak.com\/blog\/milliyetcilik-ilkesinin-ozellikleri.html","title":{"rendered":"Milliyet\u00e7ilik ilkesinin \u00f6zellikleri"},"content":{"rendered":"<p><b>Milliyet\u00e7ilik<\/b><\/p>\n<p>1.Kurtulu\u015f Sava\u015f\u0131n\u0131n yap\u0131lmas\u0131nda ve T\u00fcrk Devle-ti\u00adnin kurulmas\u0131nda temel ilke oldu.<\/p>\n<p>2.Bu ilke fedak\u00e2rl\u0131k ve dayan\u0131\u015fmay\u0131 gerektirir.<\/p>\n<p>3.Irk\u00e7\u0131l\u0131k ve \u00fcmmet\u00e7ili\u011fi ret eder.<\/p>\n<p>4.T\u00fcrkiye Cumhuriyeti\u2019nin benimseyen ve \u201cT\u00fcr\u00adk\u00fcm\u201d diyen herkes T\u00fcrk\u2019t\u00fcr.<\/p>\n<p>5.Milli birlik ve beraberlik esast\u0131r.<\/p>\n<p>6.Benimsedi\u011fi e\u015fitlik ilkesi ile Fa\u015fizm ve Nazizm\u2019\u00adden ayr\u0131l\u0131r.<\/p>\n<p>7.TBMM\u2019nin a\u00e7\u0131lmas\u0131, Saltanat\u0131n kald\u0131r\u0131lmas\u0131, Cumhuriyet y\u00f6netiminin kurulmas\u0131, Halifeli\u011fin kald\u0131r\u0131lmas\u0131, Tevhid-i Tedrisat Kanununun \u00e7\u0131kar\u0131l\u00admas\u0131, T\u00fcrk Harflerinin kabul\u00fc, TTK ve TDK\u2019n\u0131n kurulmas\u0131 bu ilke ile ilgilidir.<\/p>\n","protected":false},"excerpt":{"rendered":"<p>Milliyet\u00e7ilik 1.Kurtulu\u015f Sava\u015f\u0131n\u0131n yap\u0131lmas\u0131nda ve T\u00fcrk Devle-ti\u00adnin kurulmas\u0131nda temel ilke oldu. 2.Bu ilke fedak\u00e2rl\u0131k ve dayan\u0131\u015fmay\u0131 gerektirir. 3.Irk\u00e7\u0131l\u0131k ve \u00fcmmet\u00e7ili\u011fi ret eder. 4.T\u00fcrkiye Cumhuriyeti\u2019nin benimseyen ve \u201cT\u00fcr\u00adk\u00fcm\u201d diyen herkes T\u00fcrk\u2019t\u00fcr. 5.Milli birlik ve beraberlik esast\u0131r. 6.Benimsedi\u011fi e\u015fitlik ilkesi ile Fa\u015fizm ve Nazizm\u2019\u00adden ayr\u0131l\u0131r. 7.TBMM\u2019nin a\u00e7\u0131lmas\u0131, Saltanat\u0131n kald\u0131r\u0131lmas\u0131, Cumhuriyet y\u00f6netiminin kurulmas\u0131, Halifeli\u011fin kald\u0131r\u0131lmas\u0131, Tevhid-i Tedrisat Kanununun &#8230; <a title=\"Milliyet\u00e7ilik ilkesinin \u00f6zellikleri\" class=\"read-more\" href=\"https:\/\/www.sorubak.com\/blog\/milliyetcilik-ilkesinin-ozellikleri.html\" aria-label=\"More on Milliyet\u00e7ilik ilkesinin \u00f6zellikleri\">Devam\u0131n\u0131 oku&#8230;<\/a><\/p>\n","protected":false},"author":1,"featured_media":0,"comment_status":"open","ping_status":"open","sticky":false,"template":"","format":"standard","meta":{"footnotes":""},"categories":[14,20],"tags":[],"class_list":["post-47045","post","type-post","status-publish","format-standard","hentry","category-sosyal-bilgiler","category-tc-ink-tarihi-ve-ataturkculuk"],"_links":{"self":[{"href":"https:\/\/www.sorubak.com\/blog\/wp-json\/wp\/v2\/posts\/47045","targetHints":{"allow":["GET"]}}],"collection":[{"href":"https:\/\/www.sorubak.com\/blog\/wp-json\/wp\/v2\/posts"}],"about":[{"href":"https:\/\/www.sorubak.com\/blog\/wp-json\/wp\/v2\/types\/post"}],"author":[{"embeddable":true,"href":"https:\/\/www.sorubak.com\/blog\/wp-json\/wp\/v2\/users\/1"}],"replies":[{"embeddable":true,"href":"https:\/\/www.sorubak.com\/blog\/wp-json\/wp\/v2\/comments?post=47045"}],"version-history":[{"count":0,"href":"https:\/\/www.sorubak.com\/blog\/wp-json\/wp\/v2\/posts\/47045\/revisions"}],"wp:attachment":[{"href":"https:\/\/www.sorubak.com\/blog\/wp-json\/wp\/v2\/media?parent=47045"}],"wp:term":[{"taxonomy":"category","embeddable":true,"href":"https:\/\/www.sorubak.com\/blog\/wp-json\/wp\/v2\/categories?post=47045"},{"taxonomy":"post_tag","embeddable":true,"href":"https:\/\/www.sorubak.com\/blog\/wp-json\/wp\/v2\/tags?post=47045"}],"curies":[{"name":"wp","href":"https:\/\/api.w.org\/{rel}","templated":true}]}}