{"id":47009,"date":"2013-11-03T23:36:19","date_gmt":"2013-11-03T21:36:19","guid":{"rendered":"http:\/\/www.sorubak.com\/blog\/?p=47009"},"modified":"2013-11-03T23:36:19","modified_gmt":"2013-11-03T21:36:19","slug":"ataturkun-ardindan-soylenen-sozler","status":"publish","type":"post","link":"https:\/\/www.sorubak.com\/blog\/ataturkun-ardindan-soylenen-sozler.html","title":{"rendered":"Atat\u00fcrk&#8217;\u00fcn Ard\u0131ndan S\u00f6ylenen S\u00f6zler"},"content":{"rendered":"<p><b>Atat\u00fcrk&#8217;\u00fcn Ard\u0131ndan S\u00f6ylenenler<\/b><\/p>\n<p>\u201cAtat\u00fcrk bu y\u00fczy\u0131l\u0131n b\u00fcy\u00fck insanlar\u0131ndan birinin tarihi ba\u015far\u0131lar\u0131n\u0131, T\u00fcrk halk\u0131na ilham veren liderli\u011fini, modern d\u00fcnyan\u0131n ileri g\u00f6r\u00fc\u015fl\u00fc anlay\u0131\u015f\u0131n\u0131 ve bir askeri lider olarak kudret ve y\u00fcksek cesaretini hat\u0131rlatmaktad\u0131r. \u00c7\u00f6k\u00fcnt\u00fc halinde bulunan bir imparatorluktan \u00f6zg\u00fcr T\u00fcrkiye&#8217; nin do\u011f<a href=\"https:\/\/www.sorubak.com\/blog\/wp-content\/uploads\/2013\/11\/untitled.png\"><img loading=\"lazy\" decoding=\"async\" class=\"alignleft size-full wp-image-47010\" alt=\"untitled\" src=\"https:\/\/www.sorubak.com\/blog\/wp-content\/uploads\/2013\/11\/untitled.png\" width=\"298\" height=\"115\" \/><\/a>mas\u0131, yeni T\u00fcrkiye&#8217; nin \u00f6zg\u00fcrl\u00fck ve ba\u011f\u0131ms\u0131zl\u0131\u011f\u0131n\u0131 \u015ferefli bir \u015fekilde ilan etmesi ve o zamandan beri korumas\u0131, Atat\u00fcrk&#8217; \u00fcn T\u00fcrk halk\u0131n\u0131n i\u015fidir. \u015e\u00fcphesiz ki, T\u00fcrkiye&#8217; de giri\u015fti\u011fi derin ve geni\u015f ink\u0131laplar kadar bir kitlenin kendisine olan g\u00fcvenini daha ba\u015far\u0131 ile g\u00f6steren bir \u00f6rnek yoktur.\u201d<\/p>\n<p>John F. KENNEDY (A.B.D. Ba\u015fkan\u0131, 10 Kas\u0131m 1963)<br \/>\n\u201cAsker-devlet adam\u0131, \u00e7a\u011f\u0131m\u0131z\u0131n en b\u00fcy\u00fck liderlerinden biri idi. Kendisi, T\u00fcrkiye&#8217; nin, d\u00fcnyan\u0131n en ileri memleketleri aras\u0131nda hak etti\u011fi yeri almas\u0131n\u0131 sa\u011flam\u0131\u015ft\u0131r. Keza O, T\u00fcrklere, bir milletin b\u00fcy\u00fckl\u00fc\u011f\u00fcn\u00fcn temel ta\u015f\u0131n\u0131 te\u015fkil eden, kendine g\u00fcvenme ve dayanma duygusunu vermi\u015ftir.\u201d<\/p>\n<p>General Mc ARTHUR<\/p>\n<p>&nbsp;<\/p>\n<p>\u201cAtat\u00fcrk T\u00fcrkiye&#8217;yi tek d\u00fc\u015fman kalmaks\u0131z\u0131n b\u0131rakm\u0131\u015ft\u0131r. Bu zaman\u0131m\u0131z\u0131n hi\u00e7bir devlet \u015fefinin ba\u015faramad\u0131\u011f\u0131d\u0131r.\u201d<\/p>\n<p>Alman Volkischer Beobachter Gazetesi<br \/>\n\u201cAlmanya, ATAT\u00dcRK&#8217; \u00fcn eserine ve m\u00fccadelesine hayrand\u0131r. Onda, tarihi eseri, \u00f6zg\u00fcrl\u00fc\u011f\u00fc seven b\u00fct\u00fcn milletler i\u00e7in bir sembol olarak kalacak kudretli bir ki\u015filik g\u00f6rmektedir.\u201d<\/p>\n<p>Berlin, Alman Ajans\u0131<br \/>\n\u201cAtat\u00fcrk \u00f6ld\u00fc. Bar\u0131\u015f kubbesinin Do\u011fu s\u00fctunu y\u0131k\u0131ld\u0131. Art\u0131k evrende bar\u0131\u015f\u0131 kimse garanti edemez. Nitekim Avrupal\u0131 devlet adamlar\u0131; O&#8217; nun 1930&#8217;da yapt\u0131\u011f\u0131 uyar\u0131 ve tavsiyeleri dinlememi\u015f ve d\u00fcnyay\u0131 1939 y\u0131l\u0131nda ikinci b\u00fcy\u00fck sava\u015f felaketinin i\u00e7ine s\u00fcr\u00fcklemi\u015flerdir.\u201d<\/p>\n<p>Sanerw\u0131n Gazetesi<\/p>\n<p>&nbsp;<\/p>\n<p>\u201cAvrupa, sava\u015ftan sonra belirmi\u015f az say\u0131daki yap\u0131c\u0131 devlet adamlar\u0131ndan birini kaybetti.\u201d<\/p>\n<p>Spectator<\/p>\n<p>Sava\u015f T\u00fcrkiye&#8217; yi kurtaran, Sava\u015ftan sonra da T\u00fcrk Milletini yeniden dirilten Atat\u00fcrk&#8217; \u00fcn \u00f6l\u00fcm\u00fc, yaln\u0131z yurdu i\u00e7in de\u011fil, Avrupa i\u00e7in de b\u00fcy\u00fck kay\u0131pt\u0131r. Her s\u0131n\u0131f halk\u0131n O&#8217; nun ard\u0131ndan d\u00f6kt\u00fckleri i\u00e7ten g\u00f6zya\u015flar\u0131 bu b\u00fcy\u00fck kahraman ve modern T\u00fcrkiye&#8217;nin Ata&#8217; s\u0131na de\u011fer bir g\u00f6r\u00fcn\u00fcmden ba\u015fka bir \u015fey de\u011fildir.<\/p>\n<p>Winston Churchill \u0130ngiltere Ba\u015fbakan\u0131<br \/>\n\u201cO b\u00fcy\u00fck insan yaln\u0131z T\u00fcrkiye i\u00e7in de\u011fil, b\u00fct\u00fcn do\u011fu milletleri i\u00e7in de en b\u00fcy\u00fck \u00f6nderdi.\u201d<\/p>\n<p>Emanullah HAN Afgan Kral\u0131<br \/>\n\u201cAtat\u00fcrk yaln\u0131z kahraman milletinin b\u00fcy\u00fck bir \u015eef&#8217;i olmakla kalmam\u0131\u015ft\u0131r. O, ayn\u0131 zamanda insanl\u0131\u011f\u0131n da en b\u00fcy\u00fck evlad\u0131 olmu\u015ftur.\u201d<\/p>\n<p>Iran Gazetesi<\/p>\n","protected":false},"excerpt":{"rendered":"<p>Atat\u00fcrk&#8217;\u00fcn Ard\u0131ndan S\u00f6ylenenler \u201cAtat\u00fcrk bu y\u00fczy\u0131l\u0131n b\u00fcy\u00fck insanlar\u0131ndan birinin tarihi ba\u015far\u0131lar\u0131n\u0131, T\u00fcrk halk\u0131na ilham veren liderli\u011fini, modern d\u00fcnyan\u0131n ileri g\u00f6r\u00fc\u015fl\u00fc anlay\u0131\u015f\u0131n\u0131 ve bir askeri lider olarak kudret ve y\u00fcksek cesaretini hat\u0131rlatmaktad\u0131r. \u00c7\u00f6k\u00fcnt\u00fc halinde bulunan bir imparatorluktan \u00f6zg\u00fcr T\u00fcrkiye&#8217; nin do\u011fmas\u0131, yeni T\u00fcrkiye&#8217; nin \u00f6zg\u00fcrl\u00fck ve ba\u011f\u0131ms\u0131zl\u0131\u011f\u0131n\u0131 \u015ferefli bir \u015fekilde ilan etmesi ve o zamandan beri &#8230; <a title=\"Atat\u00fcrk&#8217;\u00fcn Ard\u0131ndan S\u00f6ylenen S\u00f6zler\" class=\"read-more\" href=\"https:\/\/www.sorubak.com\/blog\/ataturkun-ardindan-soylenen-sozler.html\" aria-label=\"More on Atat\u00fcrk&#8217;\u00fcn Ard\u0131ndan S\u00f6ylenen S\u00f6zler\">Devam\u0131n\u0131 oku&#8230;<\/a><\/p>\n","protected":false},"author":1,"featured_media":0,"comment_status":"open","ping_status":"open","sticky":false,"template":"","format":"standard","meta":{"footnotes":""},"categories":[14,20],"tags":[],"class_list":["post-47009","post","type-post","status-publish","format-standard","hentry","category-sosyal-bilgiler","category-tc-ink-tarihi-ve-ataturkculuk"],"_links":{"self":[{"href":"https:\/\/www.sorubak.com\/blog\/wp-json\/wp\/v2\/posts\/47009","targetHints":{"allow":["GET"]}}],"collection":[{"href":"https:\/\/www.sorubak.com\/blog\/wp-json\/wp\/v2\/posts"}],"about":[{"href":"https:\/\/www.sorubak.com\/blog\/wp-json\/wp\/v2\/types\/post"}],"author":[{"embeddable":true,"href":"https:\/\/www.sorubak.com\/blog\/wp-json\/wp\/v2\/users\/1"}],"replies":[{"embeddable":true,"href":"https:\/\/www.sorubak.com\/blog\/wp-json\/wp\/v2\/comments?post=47009"}],"version-history":[{"count":0,"href":"https:\/\/www.sorubak.com\/blog\/wp-json\/wp\/v2\/posts\/47009\/revisions"}],"wp:attachment":[{"href":"https:\/\/www.sorubak.com\/blog\/wp-json\/wp\/v2\/media?parent=47009"}],"wp:term":[{"taxonomy":"category","embeddable":true,"href":"https:\/\/www.sorubak.com\/blog\/wp-json\/wp\/v2\/categories?post=47009"},{"taxonomy":"post_tag","embeddable":true,"href":"https:\/\/www.sorubak.com\/blog\/wp-json\/wp\/v2\/tags?post=47009"}],"curies":[{"name":"wp","href":"https:\/\/api.w.org\/{rel}","templated":true}]}}