{"id":46995,"date":"2013-11-03T23:13:38","date_gmt":"2013-11-03T21:13:38","guid":{"rendered":"http:\/\/www.sorubak.com\/blog\/?p=46995"},"modified":"2020-04-20T16:48:54","modified_gmt":"2020-04-20T13:48:54","slug":"sakarya-meydan-savasi-ve-zaferin-onemi","status":"publish","type":"post","link":"https:\/\/www.sorubak.com\/blog\/sakarya-meydan-savasi-ve-zaferin-onemi.html","title":{"rendered":"Sakarya Meydan Sava\u015f\u0131 ve Zaferin \u00d6nemi"},"content":{"rendered":"<h1><span style=\"text-decoration: underline;\"><strong>Sakarya Meydan Sava\u015f\u0131<\/strong> (23 A\u011fustos-12 Eyl\u00fcl 1921)<\/span><\/h1>\n<p>Yunanl\u0131lar, Ankara\u2019ya kadar ilerleyerek sava\u015f\u0131 kesin olarak sonu\u00e7land\u0131rmak i\u00e7in harekete ge\u00e7mi\u015f\u00adtir.<\/p>\n<p>Y\u00fcz kilometrelik bir alana yay\u0131lm\u0131\u015f olan T\u00fcrk ordusu d\u00fc\u015fman kar\u015f\u0131s\u0131nda da\u011f\u0131lma emareleri g\u00f6s\u00adterdiyse de; Mustafa Kemal\u2019in \u201cHatt\u0131 m\u00fcdafaa yok\u00adtur. Sath\u0131 m\u00fcdafaa vard\u0131r. O sat\u0131h t\u00fcm vatand\u0131r. Vatan\u0131n her kar\u0131\u015f topra\u011f\u0131 vatanda\u015f\u0131n kan\u0131 ile \u0131slanma\u00add\u0131k\u00e7a terk olunamaz\u201d s\u00f6z\u00fc T\u00fcrk askerinin savunma azmini art\u0131rm\u0131\u015ft\u0131r.<\/p>\n<p>10 Eyl\u00fcl\u2019den itibaren kendisini toparlayan T\u00fcrk ordusu, Yunanl\u0131lar\u0131, durdurdu\u011fu gibi; Sakarya Nehri\u2019nin bat\u0131s\u0131na atmay\u0131 da ba\u015far\u00adm\u0131\u015ft\u0131r. Ordunun taarruz g\u00fcc\u00fc olmad\u0131\u011f\u0131 i\u00e7in sava\u015fa devam etmemi\u015ftir.<\/p>\n<p>\u0130ngilizler, Yunanl\u0131lara zaman kazand\u0131rmak i\u00e7in <b>ate\u015fkes teklifi<\/b>nde bulundular:<\/p>\n<ul class=\"bs-shortcode-list list-style-check\">\n<li>Sava\u015f durdurulacak.<\/li>\n<li>\u0130ki taraf\u0131n kuvvetleri denetlenecek.<\/li>\n<li>Kuvvetler art\u0131r\u0131lmayacak.<\/li>\n<li>Askersiz ara b\u00f6lge olu\u015fturulacak.<\/li>\n<li>\u0130tilaflar her iki taraf\u0131n askeri g\u00fcc\u00fcn\u00fc denetleyebi\u00adlecek.<\/li>\n<\/ul>\n<p>Ba\u011f\u0131ms\u0131zl\u0131k olgusu ile ba\u011fda\u015fmayan bu ate\u015fkes \u00f6nerisi ilke olarak kabul edildiyse de; TBMM bu ate\u015fkesin \u015fartlar\u0131n\u0131 b\u00fct\u00fcn olarak kabul etmedi.<\/p>\n<p>TBMM ate\u015fkesin tam olarak kabul edilebilmesi i\u00e7in Yunanl\u0131lar\u0131n Anadolu\u2019yu terk etmesini iste\u00admi\u015ftir. Fakat as\u0131l ama\u00e7lar\u0131 Yunanl\u0131lara zaman ka\u00adzand\u0131rmak olan i\u015fgal devletleri bu \u00f6neriyi kabul etmemi\u015ftir.<\/p>\n<h1><b>A\u00e7\u0131klamalar<\/b><\/h1>\n<ul class=\"bs-shortcode-list list-style-asterisk\">\n<li>T\u00fcrk ordusu, Kurtulu\u015f Sava\u015f\u0131\u2019nda, en fazla Sa\u00adkarya Sava\u015f\u0131\u2019nda \u015fehit vermi\u015ftir.<\/li>\n<li>T\u00fcrkler ve Yunanl\u0131lar, Sakarya Sava\u015f\u0131\u2019nda u\u00e7ak kullanm\u0131\u015ft\u0131r.<\/li>\n<\/ul>\n<h1><strong><span style=\"text-decoration: underline;\">Sakarya Zaferi\u2019nin \u00d6nemi:<\/span><\/strong><\/h1>\n<ul class=\"bs-shortcode-list list-style-star\">\n<li>T\u00fcrk ordusunun II. Viyana Bozgunu\u2019ndan beri devam eden geri \u00e7ekili\u015fi ve savunmas\u0131 sona erip; taarruz d\u00f6nemi ba\u015flad\u0131.<\/li>\n<li>\u0130tilaf blo\u011fu da\u011f\u0131ld\u0131.<\/li>\n<li>.\u0130talyanlar, Anadolu\u2019yu terk etti.<\/li>\n<li>Fransa ile TBMM aras\u0131nda Ankara Antla\u015fmas\u0131 imzaland\u0131<\/li>\n<li>\u0130ngiltere ile 22 Ekim 1921\u2019de TBMM esir m\u00fcba\u00addelesi antla\u015fmas\u0131 imzalad\u0131<\/li>\n<li>Azerbaycan, G\u00fcrcistan, Ermenistan ile TBMM aras\u0131nda Kars Antla\u015fmas\u0131 imzaland\u0131.<\/li>\n<li>2 Ocak 1922\u2019de TBMM ile Ukrayna aras\u0131nda dostluk antla\u015fmas\u0131 imzaland\u0131<\/li>\n<li>\u0130ngilizler, TBMM\u2019ye ate\u015fkes teklifinde bulundu.<\/li>\n<li>Yunanl\u0131lar\u0131n taarruz g\u00fcc\u00fc k\u0131r\u0131ld\u0131.<\/li>\n<li>Mustafa Kemal\u2019e gazilik unvan\u0131 ve mare\u015fallik r\u00fctbesi verildi (19 Eyl\u00fcl 1921).<\/li>\n<li>Yunanl\u0131lar Do\u011fu Trakya \u00fczerinden \u0130stanbul\u2019a yapmak istedikleri sald\u0131r\u0131dan vazge\u00e7tiler.<\/li>\n<\/ul>\n","protected":false},"excerpt":{"rendered":"<p>Sakarya Meydan Sava\u015f\u0131 (23 A\u011fustos-12 Eyl\u00fcl 1921) Yunanl\u0131lar, Ankara\u2019ya kadar ilerleyerek sava\u015f\u0131 kesin olarak sonu\u00e7land\u0131rmak i\u00e7in harekete ge\u00e7mi\u015f\u00adtir. Y\u00fcz kilometrelik bir alana yay\u0131lm\u0131\u015f olan T\u00fcrk ordusu d\u00fc\u015fman kar\u015f\u0131s\u0131nda da\u011f\u0131lma emareleri g\u00f6s\u00adterdiyse de; Mustafa Kemal\u2019in \u201cHatt\u0131 m\u00fcdafaa yok\u00adtur. Sath\u0131 m\u00fcdafaa vard\u0131r. O sat\u0131h t\u00fcm vatand\u0131r. Vatan\u0131n her kar\u0131\u015f topra\u011f\u0131 vatanda\u015f\u0131n kan\u0131 ile \u0131slanma\u00add\u0131k\u00e7a terk olunamaz\u201d s\u00f6z\u00fc &#8230; <a title=\"Sakarya Meydan Sava\u015f\u0131 ve Zaferin \u00d6nemi\" class=\"read-more\" href=\"https:\/\/www.sorubak.com\/blog\/sakarya-meydan-savasi-ve-zaferin-onemi.html\" aria-label=\"More on Sakarya Meydan Sava\u015f\u0131 ve Zaferin \u00d6nemi\">Devam\u0131n\u0131 oku&#8230;<\/a><\/p>\n","protected":false},"author":1,"featured_media":0,"comment_status":"open","ping_status":"open","sticky":false,"template":"","format":"standard","meta":{"footnotes":""},"categories":[14,20],"tags":[],"class_list":["post-46995","post","type-post","status-publish","format-standard","hentry","category-sosyal-bilgiler","category-tc-ink-tarihi-ve-ataturkculuk"],"_links":{"self":[{"href":"https:\/\/www.sorubak.com\/blog\/wp-json\/wp\/v2\/posts\/46995","targetHints":{"allow":["GET"]}}],"collection":[{"href":"https:\/\/www.sorubak.com\/blog\/wp-json\/wp\/v2\/posts"}],"about":[{"href":"https:\/\/www.sorubak.com\/blog\/wp-json\/wp\/v2\/types\/post"}],"author":[{"embeddable":true,"href":"https:\/\/www.sorubak.com\/blog\/wp-json\/wp\/v2\/users\/1"}],"replies":[{"embeddable":true,"href":"https:\/\/www.sorubak.com\/blog\/wp-json\/wp\/v2\/comments?post=46995"}],"version-history":[{"count":0,"href":"https:\/\/www.sorubak.com\/blog\/wp-json\/wp\/v2\/posts\/46995\/revisions"}],"wp:attachment":[{"href":"https:\/\/www.sorubak.com\/blog\/wp-json\/wp\/v2\/media?parent=46995"}],"wp:term":[{"taxonomy":"category","embeddable":true,"href":"https:\/\/www.sorubak.com\/blog\/wp-json\/wp\/v2\/categories?post=46995"},{"taxonomy":"post_tag","embeddable":true,"href":"https:\/\/www.sorubak.com\/blog\/wp-json\/wp\/v2\/tags?post=46995"}],"curies":[{"name":"wp","href":"https:\/\/api.w.org\/{rel}","templated":true}]}}