{"id":46833,"date":"2013-10-30T19:43:25","date_gmt":"2013-10-30T17:43:25","guid":{"rendered":"http:\/\/www.sorubak.com\/blog\/?p=46833"},"modified":"2013-10-30T19:43:25","modified_gmt":"2013-10-30T17:43:25","slug":"tarihte-cerkez-ethem-olayi","status":"publish","type":"post","link":"https:\/\/www.sorubak.com\/blog\/tarihte-cerkez-ethem-olayi.html","title":{"rendered":"Tarihte \u00c7erkez Ethem Olay\u0131"},"content":{"rendered":"<p><strong><span style=\"text-decoration: underline;\">\u00c7erkez Ethem Olay\u0131<\/span><\/strong><\/p>\n<p>\u00b7\u00a0 Birinci D\u00fcnya Sava\u015f\u0131\u2019ndan sonra ordudan ayr\u0131lan Ethem Bey, Yunanl\u0131lar\u0131n \u0130zmir\u2019i i\u015fgal etmesi \u00fczerine silahl\u0131 m\u00fccadeleye ba\u015flad\u0131.<\/p>\n<p>\u00b7\u00a0 Kendisini Salihli Cephesi Komutan\u0131 ilan etti.<\/p>\n<p>\u00b7\u00a0 Emri alt\u0131ndaki insanlara maa\u015f ba\u011flad\u0131.<\/p>\n<p>\u00b7\u00a0 Milli M\u00fccadeleye ve TBMM\u2019ye kar\u015f\u0131 \u00e7\u0131kan isyanlarda b\u00fcy\u00fck \u00f6l\u00e7\u00fcde Ethem Bey\u2019in birliklerinden faydalan\u0131ld\u0131.<\/p>\n<p>\u00b7\u00a0 Fakat zamanla kendine duydu\u011fu a\u015f\u0131r\u0131 g\u00fcven ve d\u00fczenli orduya kat\u0131lmama tavr\u0131 bir soruna d\u00f6n\u00fc\u015ft\u00fc.<\/p>\n<p>\u00b7\u00a0 Ba\u011f\u0131ms\u0131z hareket etmeye ba\u015flayan Ethem Bey, d\u00fczenli ordunun emrine girmedi.<\/p>\n<p>\u00b7\u00a0 Bat\u0131 Cephesi komutan\u0131 olan \u0130smet Bey, askeri bir harek\u00e2tla Ethem Bey\u2019i ve birliklerini kontrol alt\u0131na almaya \u00e7al\u0131\u015ft\u0131.<\/p>\n<p>\u00b7\u00a0 Taraflar aras\u0131nda \u00e7at\u0131\u015fmalar ya\u015fand\u0131.<\/p>\n<p>\u00b7\u00a0 Bir s\u00fcre sonra Ethem Bey can g\u00fcvenli\u011fi sebebiyle yurdu terk ederken, birlikleri de d\u00fczenli orduya kat\u0131ld\u0131.<\/p>\n","protected":false},"excerpt":{"rendered":"<p>\u00c7erkez Ethem Olay\u0131 \u00b7\u00a0 Birinci D\u00fcnya Sava\u015f\u0131\u2019ndan sonra ordudan ayr\u0131lan Ethem Bey, Yunanl\u0131lar\u0131n \u0130zmir\u2019i i\u015fgal etmesi \u00fczerine silahl\u0131 m\u00fccadeleye ba\u015flad\u0131. \u00b7\u00a0 Kendisini Salihli Cephesi Komutan\u0131 ilan etti. \u00b7\u00a0 Emri alt\u0131ndaki insanlara maa\u015f ba\u011flad\u0131. \u00b7\u00a0 Milli M\u00fccadeleye ve TBMM\u2019ye kar\u015f\u0131 \u00e7\u0131kan isyanlarda b\u00fcy\u00fck \u00f6l\u00e7\u00fcde Ethem Bey\u2019in birliklerinden faydalan\u0131ld\u0131. \u00b7\u00a0 Fakat zamanla kendine duydu\u011fu a\u015f\u0131r\u0131 g\u00fcven ve &#8230; <a title=\"Tarihte \u00c7erkez Ethem Olay\u0131\" class=\"read-more\" href=\"https:\/\/www.sorubak.com\/blog\/tarihte-cerkez-ethem-olayi.html\" aria-label=\"More on Tarihte \u00c7erkez Ethem Olay\u0131\">Devam\u0131n\u0131 oku&#8230;<\/a><\/p>\n","protected":false},"author":1,"featured_media":0,"comment_status":"open","ping_status":"open","sticky":false,"template":"","format":"standard","meta":{"footnotes":""},"categories":[14,20],"tags":[],"class_list":["post-46833","post","type-post","status-publish","format-standard","hentry","category-sosyal-bilgiler","category-tc-ink-tarihi-ve-ataturkculuk"],"_links":{"self":[{"href":"https:\/\/www.sorubak.com\/blog\/wp-json\/wp\/v2\/posts\/46833","targetHints":{"allow":["GET"]}}],"collection":[{"href":"https:\/\/www.sorubak.com\/blog\/wp-json\/wp\/v2\/posts"}],"about":[{"href":"https:\/\/www.sorubak.com\/blog\/wp-json\/wp\/v2\/types\/post"}],"author":[{"embeddable":true,"href":"https:\/\/www.sorubak.com\/blog\/wp-json\/wp\/v2\/users\/1"}],"replies":[{"embeddable":true,"href":"https:\/\/www.sorubak.com\/blog\/wp-json\/wp\/v2\/comments?post=46833"}],"version-history":[{"count":0,"href":"https:\/\/www.sorubak.com\/blog\/wp-json\/wp\/v2\/posts\/46833\/revisions"}],"wp:attachment":[{"href":"https:\/\/www.sorubak.com\/blog\/wp-json\/wp\/v2\/media?parent=46833"}],"wp:term":[{"taxonomy":"category","embeddable":true,"href":"https:\/\/www.sorubak.com\/blog\/wp-json\/wp\/v2\/categories?post=46833"},{"taxonomy":"post_tag","embeddable":true,"href":"https:\/\/www.sorubak.com\/blog\/wp-json\/wp\/v2\/tags?post=46833"}],"curies":[{"name":"wp","href":"https:\/\/api.w.org\/{rel}","templated":true}]}}