{"id":46831,"date":"2013-10-30T19:42:42","date_gmt":"2013-10-30T17:42:42","guid":{"rendered":"http:\/\/www.sorubak.com\/blog\/?p=46831"},"modified":"2013-10-30T19:42:42","modified_gmt":"2013-10-30T17:42:42","slug":"bati-cephesi-muharebeleri","status":"publish","type":"post","link":"https:\/\/www.sorubak.com\/blog\/bati-cephesi-muharebeleri.html","title":{"rendered":"Bat\u0131 Cephesi Muharebeleri"},"content":{"rendered":"<p><strong><span style=\"text-decoration: underline;\">Bat\u0131 Cephesi Muharebeleri<\/span><\/strong><\/p>\n<p>\u00b7\u00a0 Kurtulu\u015f Sava\u015f\u0131\u2019nda Do\u011fu ve G\u00fcney cephelerinin d\u0131\u015f\u0131nda as\u0131l ve uzun sava\u015flar Yunanl\u0131lara kar\u015f\u0131 Bat\u0131 Cephesi\u2019nde yap\u0131ld\u0131.<\/p>\n<p>\u00b7\u00a0 \u00a0 \u00a0 \u00a0 \u00a0 \u00a0 \u00a0 \u00a0 \u00a0 \u00a0 \u00a0 \u00a0 \u00a0 \u0130zmir\u2019i i\u015fgal eden Yunanl\u0131lara kar\u015f\u0131 Bat\u0131 Anadolu\u2019da cepheler olu\u015fturuldu.<\/p>\n<p>\u00b7\u00a0 D\u00fczenli ordunun kurulmas\u0131ndan sonra Yunan ordusuna kar\u015f\u0131 daha yo\u011fun bir m\u00fccadele verildi.<\/p>\n","protected":false},"excerpt":{"rendered":"<p>Bat\u0131 Cephesi Muharebeleri \u00b7\u00a0 Kurtulu\u015f Sava\u015f\u0131\u2019nda Do\u011fu ve G\u00fcney cephelerinin d\u0131\u015f\u0131nda as\u0131l ve uzun sava\u015flar Yunanl\u0131lara kar\u015f\u0131 Bat\u0131 Cephesi\u2019nde yap\u0131ld\u0131. \u00b7\u00a0 \u00a0 \u00a0 \u00a0 \u00a0 \u00a0 \u00a0 \u00a0 \u00a0 \u00a0 \u00a0 \u00a0 \u00a0 \u0130zmir\u2019i i\u015fgal eden Yunanl\u0131lara kar\u015f\u0131 Bat\u0131 Anadolu\u2019da cepheler olu\u015fturuldu. \u00b7\u00a0 D\u00fczenli ordunun kurulmas\u0131ndan sonra Yunan ordusuna kar\u015f\u0131 daha yo\u011fun bir m\u00fccadele verildi.<\/p>\n","protected":false},"author":1,"featured_media":0,"comment_status":"open","ping_status":"open","sticky":false,"template":"","format":"standard","meta":{"footnotes":""},"categories":[14,20],"tags":[],"class_list":["post-46831","post","type-post","status-publish","format-standard","hentry","category-sosyal-bilgiler","category-tc-ink-tarihi-ve-ataturkculuk"],"_links":{"self":[{"href":"https:\/\/www.sorubak.com\/blog\/wp-json\/wp\/v2\/posts\/46831","targetHints":{"allow":["GET"]}}],"collection":[{"href":"https:\/\/www.sorubak.com\/blog\/wp-json\/wp\/v2\/posts"}],"about":[{"href":"https:\/\/www.sorubak.com\/blog\/wp-json\/wp\/v2\/types\/post"}],"author":[{"embeddable":true,"href":"https:\/\/www.sorubak.com\/blog\/wp-json\/wp\/v2\/users\/1"}],"replies":[{"embeddable":true,"href":"https:\/\/www.sorubak.com\/blog\/wp-json\/wp\/v2\/comments?post=46831"}],"version-history":[{"count":0,"href":"https:\/\/www.sorubak.com\/blog\/wp-json\/wp\/v2\/posts\/46831\/revisions"}],"wp:attachment":[{"href":"https:\/\/www.sorubak.com\/blog\/wp-json\/wp\/v2\/media?parent=46831"}],"wp:term":[{"taxonomy":"category","embeddable":true,"href":"https:\/\/www.sorubak.com\/blog\/wp-json\/wp\/v2\/categories?post=46831"},{"taxonomy":"post_tag","embeddable":true,"href":"https:\/\/www.sorubak.com\/blog\/wp-json\/wp\/v2\/tags?post=46831"}],"curies":[{"name":"wp","href":"https:\/\/api.w.org\/{rel}","templated":true}]}}