{"id":46827,"date":"2013-10-30T19:41:53","date_gmt":"2013-10-30T17:41:53","guid":{"rendered":"http:\/\/www.sorubak.com\/blog\/?p=46827"},"modified":"2013-10-30T19:41:53","modified_gmt":"2013-10-30T17:41:53","slug":"ermenilerle-gumru-antlasmasi-ve-onemi","status":"publish","type":"post","link":"https:\/\/www.sorubak.com\/blog\/ermenilerle-gumru-antlasmasi-ve-onemi.html","title":{"rendered":"Ermenilerle G\u00fcmr\u00fc Antla\u015fmas\u0131 ve \u00d6nemi"},"content":{"rendered":"<p><strong><span style=\"text-decoration: underline;\">G\u00fcmr\u00fc Antla\u015fmas\u0131 (3 Aral\u0131k 1920)<\/span><\/strong><\/p>\n<p>1.Ermeniler, Kars, G\u00fcmr\u00fc ve Sar\u0131kam\u0131\u015f\u2019\u0131 terk ede\u00adcek.<\/p>\n<p>2.Aras Nehri ile \u00c7\u0131ld\u0131r G\u00f6l\u00fc aras\u0131 T\u00fcrk-Ermeni s\u0131n\u0131r\u0131 olacak.<\/p>\n<p>3.Ermeniler TBMM aleyhine olan antla\u015fmalar\u0131 tan\u0131mayacakt\u0131r.<\/p>\n<p>4.G\u00f6\u00e7 ettirilmi\u015f olan Ermeniler alt\u0131 ay i\u00e7inde T\u00fcr\u00adkiye\u2019ye geri d\u00f6nebilecektir.<\/p>\n<p>Ermeniler Kars civar\u0131ndan \u00e7ekilince; T\u00fcrkiye, G\u00fcrc\u00fclerle s\u0131n\u0131r kom\u015fusu oldu. Arda\u00adhan\u2019\u0131n bir k\u0131sm\u0131, Artvin ve Batum G\u00fcrc\u00fclerin elin\u00addeydi. TBMM\u2019nin verdi\u011fi \u00fcltimatom (kesin uyar\u0131) sonucunda 23 \u015eubat 1921\u2019de G\u00fcrc\u00fcler, Artvin, Ardahan ve Batum\u2019u terk etti (Batum Antla\u015fmas\u0131).<\/p>\n<p><span style=\"text-decoration: underline;\"><strong>G\u00fcmr\u00fc Antla\u015fmas\u0131\u2019n\u0131n \u00d6nemi:<\/strong> <\/span><\/p>\n<p>1.Mondros M\u00fctarekesi ile belirlenen s\u0131n\u0131rlar ilk defa a\u015f\u0131lm\u0131\u015ft\u0131r.<\/p>\n<p>2.TBMM\u2019nin ilk askeri ve siyasi ba\u015far\u0131s\u0131 g\u00f6r\u00fcld\u00fc.<\/p>\n<p>3.Ermenistan TBMM\u2019yi antla\u015fma imzalayarak tan\u0131\u00adyan ilk devlet oldu.<\/p>\n<p>4.Misak-\u0131 Milli y\u00f6n\u00fcnde ilk ad\u0131m at\u0131ld\u0131.<\/p>\n<p>5.Sevr Antla\u015fmas\u0131\u2019na ilk darbe vuruldu.<\/p>\n<p>6.Do\u011fu s\u0131n\u0131r\u0131n\u0131n belirlenmesi y\u00f6n\u00fcnde ilk ad\u0131m at\u0131ld\u0131.<\/p>\n<p>7.Do\u011fudaki g\u00fc\u00e7leri bat\u0131ya kayd\u0131rma imk\u00e2n\u0131 olu\u015ftu.<\/p>\n","protected":false},"excerpt":{"rendered":"<p>G\u00fcmr\u00fc Antla\u015fmas\u0131 (3 Aral\u0131k 1920) 1.Ermeniler, Kars, G\u00fcmr\u00fc ve Sar\u0131kam\u0131\u015f\u2019\u0131 terk ede\u00adcek. 2.Aras Nehri ile \u00c7\u0131ld\u0131r G\u00f6l\u00fc aras\u0131 T\u00fcrk-Ermeni s\u0131n\u0131r\u0131 olacak. 3.Ermeniler TBMM aleyhine olan antla\u015fmalar\u0131 tan\u0131mayacakt\u0131r. 4.G\u00f6\u00e7 ettirilmi\u015f olan Ermeniler alt\u0131 ay i\u00e7inde T\u00fcr\u00adkiye\u2019ye geri d\u00f6nebilecektir. Ermeniler Kars civar\u0131ndan \u00e7ekilince; T\u00fcrkiye, G\u00fcrc\u00fclerle s\u0131n\u0131r kom\u015fusu oldu. Arda\u00adhan\u2019\u0131n bir k\u0131sm\u0131, Artvin ve Batum G\u00fcrc\u00fclerin elin\u00addeydi. TBMM\u2019nin &#8230; <a title=\"Ermenilerle G\u00fcmr\u00fc Antla\u015fmas\u0131 ve \u00d6nemi\" class=\"read-more\" href=\"https:\/\/www.sorubak.com\/blog\/ermenilerle-gumru-antlasmasi-ve-onemi.html\" aria-label=\"More on Ermenilerle G\u00fcmr\u00fc Antla\u015fmas\u0131 ve \u00d6nemi\">Devam\u0131n\u0131 oku&#8230;<\/a><\/p>\n","protected":false},"author":1,"featured_media":0,"comment_status":"open","ping_status":"open","sticky":false,"template":"","format":"standard","meta":{"footnotes":""},"categories":[14,20],"tags":[],"class_list":["post-46827","post","type-post","status-publish","format-standard","hentry","category-sosyal-bilgiler","category-tc-ink-tarihi-ve-ataturkculuk"],"_links":{"self":[{"href":"https:\/\/www.sorubak.com\/blog\/wp-json\/wp\/v2\/posts\/46827","targetHints":{"allow":["GET"]}}],"collection":[{"href":"https:\/\/www.sorubak.com\/blog\/wp-json\/wp\/v2\/posts"}],"about":[{"href":"https:\/\/www.sorubak.com\/blog\/wp-json\/wp\/v2\/types\/post"}],"author":[{"embeddable":true,"href":"https:\/\/www.sorubak.com\/blog\/wp-json\/wp\/v2\/users\/1"}],"replies":[{"embeddable":true,"href":"https:\/\/www.sorubak.com\/blog\/wp-json\/wp\/v2\/comments?post=46827"}],"version-history":[{"count":0,"href":"https:\/\/www.sorubak.com\/blog\/wp-json\/wp\/v2\/posts\/46827\/revisions"}],"wp:attachment":[{"href":"https:\/\/www.sorubak.com\/blog\/wp-json\/wp\/v2\/media?parent=46827"}],"wp:term":[{"taxonomy":"category","embeddable":true,"href":"https:\/\/www.sorubak.com\/blog\/wp-json\/wp\/v2\/categories?post=46827"},{"taxonomy":"post_tag","embeddable":true,"href":"https:\/\/www.sorubak.com\/blog\/wp-json\/wp\/v2\/tags?post=46827"}],"curies":[{"name":"wp","href":"https:\/\/api.w.org\/{rel}","templated":true}]}}