{"id":46825,"date":"2013-10-30T19:40:40","date_gmt":"2013-10-30T17:40:40","guid":{"rendered":"http:\/\/www.sorubak.com\/blog\/?p=46825"},"modified":"2013-10-30T19:40:40","modified_gmt":"2013-10-30T17:40:40","slug":"kurtulus-savasinda-ermeni-meselesi","status":"publish","type":"post","link":"https:\/\/www.sorubak.com\/blog\/kurtulus-savasinda-ermeni-meselesi.html","title":{"rendered":"Kurtulu\u015f Sava\u015f\u0131nda Ermeni Meselesi"},"content":{"rendered":"<p><strong><span style=\"text-decoration: underline;\">Kurtulu\u015f Sava\u015f\u0131\u2019nda Ermeni Meselesi<\/span><\/strong><\/p>\n<p>Do\u011fu Anadolu\u2019daki Ermeni olaylar\u0131ndan dolay\u0131 K\u00e2z\u0131m Karabekir komutan\u0131 oldu\u011fu XV. Kolordu\u2019yu da\u011f\u0131tmam\u0131\u015ft\u0131. Bu kolordunun varl\u0131\u011f\u0131 Ermeniler i\u00e7in k\u0131smen de olsa cayd\u0131r\u0131c\u0131 bir unsurdu. B\u00f6lge, Do\u011fu Anadolu M\u00fcdafaa-i Hukuk Cemiyeti\u2019nin \u00e7al\u0131\u015fmalar\u0131 sonucu \u00f6rg\u00fctlenmi\u015fti.<\/p>\n<p>\u00b7\u00a0 9 Haziran 1920\u2019de K\u00e2z\u0131m Karabekir\u2019in, TBMM taraf\u0131ndan, do\u011fu cephesi komutanl\u0131\u011f\u0131na atanmas\u0131 sonucunda devletin ilk cephesi olu\u015fmu\u015f oldu.<\/p>\n<p>\u00b7\u00a0 28 Ekim 1920\u2019de harekete ge\u00e7en T\u00fcrk ordusu kar\u015f\u0131s\u0131nda tutunamayaca\u011f\u0131n\u0131 anlayan Ermeniler, bar\u0131\u015f isteyince, 3 Aral\u0131k 1920\u2019de K\u00e2z\u0131m Karabekir, TBMM ad\u0131na Ermenilerle G\u00fcmr\u00fc Antla\u015fmas\u0131\u2019n\u0131 imzalad\u0131.<\/p>\n<p><b>Not:<\/b> 5 Aral\u0131k 1920\u2019de Ermenistan, Sov\u00adyet Rusya y\u00f6netimine girdi\u011fi i\u00e7in G\u00fcmr\u00fc Antla\u015f\u00admas\u0131, Ermeni meclisinden ge\u00e7ememi\u015ftir.<\/p>\n","protected":false},"excerpt":{"rendered":"<p>Kurtulu\u015f Sava\u015f\u0131\u2019nda Ermeni Meselesi Do\u011fu Anadolu\u2019daki Ermeni olaylar\u0131ndan dolay\u0131 K\u00e2z\u0131m Karabekir komutan\u0131 oldu\u011fu XV. Kolordu\u2019yu da\u011f\u0131tmam\u0131\u015ft\u0131. Bu kolordunun varl\u0131\u011f\u0131 Ermeniler i\u00e7in k\u0131smen de olsa cayd\u0131r\u0131c\u0131 bir unsurdu. B\u00f6lge, Do\u011fu Anadolu M\u00fcdafaa-i Hukuk Cemiyeti\u2019nin \u00e7al\u0131\u015fmalar\u0131 sonucu \u00f6rg\u00fctlenmi\u015fti. \u00b7\u00a0 9 Haziran 1920\u2019de K\u00e2z\u0131m Karabekir\u2019in, TBMM taraf\u0131ndan, do\u011fu cephesi komutanl\u0131\u011f\u0131na atanmas\u0131 sonucunda devletin ilk cephesi olu\u015fmu\u015f oldu. \u00b7\u00a0 &#8230; <a title=\"Kurtulu\u015f Sava\u015f\u0131nda Ermeni Meselesi\" class=\"read-more\" href=\"https:\/\/www.sorubak.com\/blog\/kurtulus-savasinda-ermeni-meselesi.html\" aria-label=\"More on Kurtulu\u015f Sava\u015f\u0131nda Ermeni Meselesi\">Devam\u0131n\u0131 oku&#8230;<\/a><\/p>\n","protected":false},"author":1,"featured_media":0,"comment_status":"open","ping_status":"open","sticky":false,"template":"","format":"standard","meta":{"footnotes":""},"categories":[14,20],"tags":[],"class_list":["post-46825","post","type-post","status-publish","format-standard","hentry","category-sosyal-bilgiler","category-tc-ink-tarihi-ve-ataturkculuk"],"_links":{"self":[{"href":"https:\/\/www.sorubak.com\/blog\/wp-json\/wp\/v2\/posts\/46825","targetHints":{"allow":["GET"]}}],"collection":[{"href":"https:\/\/www.sorubak.com\/blog\/wp-json\/wp\/v2\/posts"}],"about":[{"href":"https:\/\/www.sorubak.com\/blog\/wp-json\/wp\/v2\/types\/post"}],"author":[{"embeddable":true,"href":"https:\/\/www.sorubak.com\/blog\/wp-json\/wp\/v2\/users\/1"}],"replies":[{"embeddable":true,"href":"https:\/\/www.sorubak.com\/blog\/wp-json\/wp\/v2\/comments?post=46825"}],"version-history":[{"count":0,"href":"https:\/\/www.sorubak.com\/blog\/wp-json\/wp\/v2\/posts\/46825\/revisions"}],"wp:attachment":[{"href":"https:\/\/www.sorubak.com\/blog\/wp-json\/wp\/v2\/media?parent=46825"}],"wp:term":[{"taxonomy":"category","embeddable":true,"href":"https:\/\/www.sorubak.com\/blog\/wp-json\/wp\/v2\/categories?post=46825"},{"taxonomy":"post_tag","embeddable":true,"href":"https:\/\/www.sorubak.com\/blog\/wp-json\/wp\/v2\/tags?post=46825"}],"curies":[{"name":"wp","href":"https:\/\/api.w.org\/{rel}","templated":true}]}}