{"id":46821,"date":"2013-10-30T19:39:36","date_gmt":"2013-10-30T17:39:36","guid":{"rendered":"http:\/\/www.sorubak.com\/blog\/?p=46821"},"modified":"2013-10-30T19:39:36","modified_gmt":"2013-10-30T17:39:36","slug":"birinci-dunya-savasina-kadar-ermeni-meselesi","status":"publish","type":"post","link":"https:\/\/www.sorubak.com\/blog\/birinci-dunya-savasina-kadar-ermeni-meselesi.html","title":{"rendered":"Birinci D\u00fcnya Sava\u015f\u0131\u2019na Kadar Ermeni Meselesi"},"content":{"rendered":"<p><strong><span style=\"text-decoration: underline;\">Birinci D\u00fcnya Sava\u015f\u0131\u2019na Kadar Ermeni Meselesi<\/span><\/strong><\/p>\n<p>\u00b7\u00a0 Ermeniler Osmanl\u0131 \u00fclkesinde rahat bir \u015fekilde ya\u015f\u0131yordu. Osmanl\u0131 Devletinde bakanl\u0131k ve yarg\u0131\u00e7\u00adl\u0131k yapan Ermeniler dahi vard\u0131. Van, Bitlis, Diyar\u00adbak\u0131r, Tokat ve \u0130stanbul yo\u011fun olarak yerle\u015ftikleri yerlerdi. Osmanl\u0131 \u00fclkesinin her yerine istedikleri gibi yay\u0131lm\u0131\u015flard\u0131.<\/p>\n<p>\u00b7\u00a0 Fatih zaman\u0131nda \u0130stanbul\u2019da Ermeni patrikhanesi kurulmu\u015ftur. Tanzimat d\u00f6neminde Frans\u0131zlar Katoliklerin; \u0130ngilizler Protestanlar\u0131n koruyuculu\u011funu yaparken; Ruslar da Ortodokslar\u0131n ve Ermenilerin koruyucu\u00adlu\u011funu yap\u0131yordu.<\/p>\n<p>\u00b7\u00a0 Osmanl\u0131lar, Ermenilere, devlete ba\u011fl\u0131l\u0131klar\u0131ndan dolay\u0131 <b>millet-i s\u00e2d\u0131ka<\/b> diyordu. XIX. y\u00fczy\u0131lda bir\u00e7ok ayaklanma olurken; Ermeniler bu ayaklanma\u00adlardan pek etkilenmemi\u015ftir. Do\u011fu Anadolu\u2019da kar\u0131\u00ad\u015f\u0131kl\u0131klar \u00e7\u0131kararak, bu b\u00f6lgeden g\u00fcneye inmeyi planlayan Rusya, Ayestefanos Antla\u015fmas\u0131\u2019ndan itibaren Ermeni meselesini g\u00fcndeme getirmi\u015ftir. Do\u011fu Anadolu\u2019da bir Ermeni devleti kurdurarak Rusya\u2019n\u0131n g\u00fcneye inmesini \u00f6nlemek isteyen \u0130ngil\u00adtere ise Berlin Konferans\u0131\u2019nda Ermeni meselesini g\u00fcndeme getirdi. B\u00f6ylece Ermeni meselesi \u0130ngiltere ile Rusya\u2019n\u0131n meselesi olarak ortaya \u00e7\u0131kt\u0131.<\/p>\n<p>\u00b7\u00a0 Rusya ve \u0130ngiltere\u2019nin k\u0131\u015fk\u0131rtmalar\u0131 sonucunda XIX. y\u00fczy\u0131l\u0131n sonlar\u0131nda Ermeniler aras\u0131nda da milliyet\u00e7ilik \u00e7al\u0131\u015fmalar\u0131 g\u00f6r\u00fclmeye ba\u015flad\u0131. Ermeniler te\u015fkilatlanmak i\u00e7in H\u0131n\u00e7ak (1887) ve Ta\u015fnak-S\u00fctyun (1890) cemiyetlerini kurdular.<\/p>\n<p>\u00b7\u00a0 Osmanl\u0131 \u00fclkesinde en son isyan eden az\u0131nl\u0131k olan ve hi\u00e7 bir b\u00f6lgede yeterli \u00e7o\u011funlu\u011fu olmayan Er\u00admenilerin, Osmanl\u0131 \u00fclkesinde isyanlar \u00e7\u0131kararak ba\u015far\u0131ya ula\u015fmalar\u0131 m\u00fcmk\u00fcn de\u011fildi.<\/p>\n<p>\u00b7\u00a0 Ermeniler 20. y\u00fczy\u0131l\u0131n ba\u015flar\u0131nda Osmanl\u0131 Ban\u00adkas\u0131\u2019n\u0131 bast\u0131lar,<\/p>\n<p>\u00b7\u00a0 1904\u2019de Sason \u0130syan\u0131\u2019n\u0131;<\/p>\n<p>\u00b7\u00a0 1914\u2019de Zeytun \u0130syan\u0131\u2019n\u0131 \u00e7\u0131kard\u0131lar.<\/p>\n<p>\u00b7\u00a0 II. Abd\u00fclhamit\u2019e suikast d\u00fczenlediler.<\/p>\n","protected":false},"excerpt":{"rendered":"<p>Birinci D\u00fcnya Sava\u015f\u0131\u2019na Kadar Ermeni Meselesi \u00b7\u00a0 Ermeniler Osmanl\u0131 \u00fclkesinde rahat bir \u015fekilde ya\u015f\u0131yordu. Osmanl\u0131 Devletinde bakanl\u0131k ve yarg\u0131\u00e7\u00adl\u0131k yapan Ermeniler dahi vard\u0131. Van, Bitlis, Diyar\u00adbak\u0131r, Tokat ve \u0130stanbul yo\u011fun olarak yerle\u015ftikleri yerlerdi. Osmanl\u0131 \u00fclkesinin her yerine istedikleri gibi yay\u0131lm\u0131\u015flard\u0131. \u00b7\u00a0 Fatih zaman\u0131nda \u0130stanbul\u2019da Ermeni patrikhanesi kurulmu\u015ftur. Tanzimat d\u00f6neminde Frans\u0131zlar Katoliklerin; \u0130ngilizler Protestanlar\u0131n koruyuculu\u011funu yaparken; &#8230; <a title=\"Birinci D\u00fcnya Sava\u015f\u0131\u2019na Kadar Ermeni Meselesi\" class=\"read-more\" href=\"https:\/\/www.sorubak.com\/blog\/birinci-dunya-savasina-kadar-ermeni-meselesi.html\" aria-label=\"More on Birinci D\u00fcnya Sava\u015f\u0131\u2019na Kadar Ermeni Meselesi\">Devam\u0131n\u0131 oku&#8230;<\/a><\/p>\n","protected":false},"author":1,"featured_media":0,"comment_status":"open","ping_status":"open","sticky":false,"template":"","format":"standard","meta":{"footnotes":""},"categories":[14,20],"tags":[],"class_list":["post-46821","post","type-post","status-publish","format-standard","hentry","category-sosyal-bilgiler","category-tc-ink-tarihi-ve-ataturkculuk"],"_links":{"self":[{"href":"https:\/\/www.sorubak.com\/blog\/wp-json\/wp\/v2\/posts\/46821","targetHints":{"allow":["GET"]}}],"collection":[{"href":"https:\/\/www.sorubak.com\/blog\/wp-json\/wp\/v2\/posts"}],"about":[{"href":"https:\/\/www.sorubak.com\/blog\/wp-json\/wp\/v2\/types\/post"}],"author":[{"embeddable":true,"href":"https:\/\/www.sorubak.com\/blog\/wp-json\/wp\/v2\/users\/1"}],"replies":[{"embeddable":true,"href":"https:\/\/www.sorubak.com\/blog\/wp-json\/wp\/v2\/comments?post=46821"}],"version-history":[{"count":0,"href":"https:\/\/www.sorubak.com\/blog\/wp-json\/wp\/v2\/posts\/46821\/revisions"}],"wp:attachment":[{"href":"https:\/\/www.sorubak.com\/blog\/wp-json\/wp\/v2\/media?parent=46821"}],"wp:term":[{"taxonomy":"category","embeddable":true,"href":"https:\/\/www.sorubak.com\/blog\/wp-json\/wp\/v2\/categories?post=46821"},{"taxonomy":"post_tag","embeddable":true,"href":"https:\/\/www.sorubak.com\/blog\/wp-json\/wp\/v2\/tags?post=46821"}],"curies":[{"name":"wp","href":"https:\/\/api.w.org\/{rel}","templated":true}]}}