{"id":46029,"date":"2013-10-12T00:21:24","date_gmt":"2013-10-11T21:21:24","guid":{"rendered":"http:\/\/www.sorubak.com\/blog\/?p=46029"},"modified":"2020-04-24T23:44:48","modified_gmt":"2020-04-24T20:44:48","slug":"1-dunya-savasi-sonucunda-imzalanan-antlasmalar-2","status":"publish","type":"post","link":"https:\/\/www.sorubak.com\/blog\/1-dunya-savasi-sonucunda-imzalanan-antlasmalar-2.html","title":{"rendered":"1.d\u00fcnya sava\u015f\u0131 sonucunda imzalanan antla\u015fmalar"},"content":{"rendered":"<h1>1. D\u00fcnya Sava\u015f\u0131 Sonucunda \u0130mzalanan antla\u015fmalar<\/h1>\n<h2><strong>a) Versay Antla<\/strong><strong>\u015f<\/strong><strong>mas<\/strong><strong>\u0131<\/strong><strong>\u00a0(28 Haziran 1919):<\/strong><\/h2>\n<ul class=\"bs-shortcode-list list-style-check\">\n<li>\u0130tilaf devletleri ile Almanya aras\u0131nda imzalanm\u0131\u015ft\u0131r.<\/li>\n<li>Almanya\u2019ya askeri ve ekonomik k\u0131s\u0131tlamalar getirildi.<\/li>\n<li>Bu antla\u015fma ile Almanya, Avrupadaki topraklar\u0131n\u0131n bir k\u0131s\u00adm\u0131yla b\u00fct\u00fcn s\u00f6m\u00fcrgelerini kaybetmi\u015ftir.<\/li>\n<li>Alsace-Loren b\u00f6lgesi Fransa\u2019ya b\u0131rak\u0131ld\u0131.<\/li>\n<li>Bu durum Almanya\u2019da rejim de\u011fi\u015fmesine, silahlanman\u0131n ba\u015flamas\u0131na ve II. D\u00fcnya sava\u015f\u0131na zemin haz\u0131rlam\u0131\u015ft\u0131r.<\/li>\n<\/ul>\n<h2><strong>b) Saint Germain Antla<\/strong><strong>\u015f<\/strong><strong>mas<\/strong><strong>\u0131<\/strong><strong>\u00a0(10 Eyl<\/strong><strong>\u00fc<\/strong><strong>l 1919)<\/strong><\/h2>\n<p>\u0130til\u00e2f devlet\u00adleri ile Avusturya aras\u0131nda imzaland\u0131. Bu antla\u015fma ile Avusturya-Macaristan imparatorlu\u011fu par\u00e7alanm\u0131\u015f Avusturya bir cum\u00adhuriyet haline getirilmi\u015ftir.<\/p>\n<h2><strong>c)\u00a0 Triyanon Antla<\/strong><strong>\u015f<\/strong><strong>mas<\/strong><strong>\u0131<\/strong><strong>\u00a0(6 Haziran 1920<\/strong><strong>)<\/strong><\/h2>\n<p>\u0130tilaf devletleri ile Macaristan aras\u0131nda imzalanm\u0131\u015ft\u0131r.<\/p>\n<h2><strong>d) N<\/strong><strong>\u00f6<\/strong><strong>yyi Antla<\/strong><strong>\u015f<\/strong><strong>mas<\/strong><strong>\u0131<\/strong><strong>\u00a0(27 Kas<\/strong><strong>\u0131<\/strong><strong>m 1919)<\/strong><\/h2>\n<p><strong>\u00a0<\/strong>Bulgaristan\u2019\u0131n Ege Denizi ile olan ba\u011flant\u0131s\u0131 kesildi. Balkan Sava\u015flar\u0131 s\u0131ras\u0131nda el\u00adde etti\u011fi topraklar\u0131 kaybetti.<\/p>\n<h2><strong>e) Sevr Antla<\/strong><strong>\u015f<\/strong><strong>mas<\/strong><strong>\u0131<\/strong><strong>\u00a0(10 A<\/strong><strong>\u011f<\/strong><strong>ustos 1920)<\/strong><\/h2>\n<p><strong>\u00a0<\/strong>\u0130tilaf devletleri Os\u00admanl\u0131 devleti ile yapacaklar\u0131 antla\u015fman\u0131n esaslar\u0131n\u0131 San Remo G\u00f6r\u00fc\u015fmesi ile belirleyerek 10 A\u011fustos 1920\u2032de Osmanl\u0131 Devle\u00adtine kabul ettirdiler.<\/p>\n<p>+ Bu antla\u015fman\u0131n ge\u00e7 yap\u0131lmas\u0131n\u0131n sebebi, itilaf devletlerinin Osmanl\u0131 topraklar\u0131n\u0131n payla\u015f\u0131lmas\u0131 konusunda anla\u015fmazl\u0131\u011fa d\u00fc\u015fmeleridir.<\/p>\n","protected":false},"excerpt":{"rendered":"<p>1. D\u00fcnya Sava\u015f\u0131 Sonucunda \u0130mzalanan antla\u015fmalar a) Versay Antla\u015fmas\u0131\u00a0(28 Haziran 1919): \u0130tilaf devletleri ile Almanya aras\u0131nda imzalanm\u0131\u015ft\u0131r. Almanya\u2019ya askeri ve ekonomik k\u0131s\u0131tlamalar getirildi. Bu antla\u015fma ile Almanya, Avrupadaki topraklar\u0131n\u0131n bir k\u0131s\u00adm\u0131yla b\u00fct\u00fcn s\u00f6m\u00fcrgelerini kaybetmi\u015ftir. Alsace-Loren b\u00f6lgesi Fransa\u2019ya b\u0131rak\u0131ld\u0131. Bu durum Almanya\u2019da rejim de\u011fi\u015fmesine, silahlanman\u0131n ba\u015flamas\u0131na ve II. D\u00fcnya sava\u015f\u0131na zemin haz\u0131rlam\u0131\u015ft\u0131r. b) Saint Germain Antla\u015fmas\u0131\u00a0(10 &#8230; <a title=\"1.d\u00fcnya sava\u015f\u0131 sonucunda imzalanan antla\u015fmalar\" class=\"read-more\" href=\"https:\/\/www.sorubak.com\/blog\/1-dunya-savasi-sonucunda-imzalanan-antlasmalar-2.html\" aria-label=\"More on 1.d\u00fcnya sava\u015f\u0131 sonucunda imzalanan antla\u015fmalar\">Devam\u0131n\u0131 oku&#8230;<\/a><\/p>\n","protected":false},"author":1,"featured_media":0,"comment_status":"open","ping_status":"open","sticky":false,"template":"","format":"standard","meta":{"footnotes":""},"categories":[20],"tags":[],"class_list":["post-46029","post","type-post","status-publish","format-standard","hentry","category-tc-ink-tarihi-ve-ataturkculuk"],"_links":{"self":[{"href":"https:\/\/www.sorubak.com\/blog\/wp-json\/wp\/v2\/posts\/46029","targetHints":{"allow":["GET"]}}],"collection":[{"href":"https:\/\/www.sorubak.com\/blog\/wp-json\/wp\/v2\/posts"}],"about":[{"href":"https:\/\/www.sorubak.com\/blog\/wp-json\/wp\/v2\/types\/post"}],"author":[{"embeddable":true,"href":"https:\/\/www.sorubak.com\/blog\/wp-json\/wp\/v2\/users\/1"}],"replies":[{"embeddable":true,"href":"https:\/\/www.sorubak.com\/blog\/wp-json\/wp\/v2\/comments?post=46029"}],"version-history":[{"count":0,"href":"https:\/\/www.sorubak.com\/blog\/wp-json\/wp\/v2\/posts\/46029\/revisions"}],"wp:attachment":[{"href":"https:\/\/www.sorubak.com\/blog\/wp-json\/wp\/v2\/media?parent=46029"}],"wp:term":[{"taxonomy":"category","embeddable":true,"href":"https:\/\/www.sorubak.com\/blog\/wp-json\/wp\/v2\/categories?post=46029"},{"taxonomy":"post_tag","embeddable":true,"href":"https:\/\/www.sorubak.com\/blog\/wp-json\/wp\/v2\/tags?post=46029"}],"curies":[{"name":"wp","href":"https:\/\/api.w.org\/{rel}","templated":true}]}}