{"id":46007,"date":"2013-10-11T21:28:04","date_gmt":"2013-10-11T18:28:04","guid":{"rendered":"http:\/\/www.sorubak.com\/blog\/?p=46007"},"modified":"2013-10-11T21:28:04","modified_gmt":"2013-10-11T18:28:04","slug":"birinci-dunya-savasinda-osmanli-devleti","status":"publish","type":"post","link":"https:\/\/www.sorubak.com\/blog\/birinci-dunya-savasinda-osmanli-devleti.html","title":{"rendered":"Birinci D\u00fcnya Sava\u015f\u0131nda Osmanl\u0131 Devleti"},"content":{"rendered":"<p><span style=\"text-decoration: underline;\">Birinci D\u00fcnya Sava\u015f\u0131\u2019nda Osmanl\u0131 Devleti<\/span><\/p>\n<p>\u00b7\u00a0 Trablusgarp ve Balkan sava\u015flar\u0131ndan y\u0131pranm\u0131\u015f olarak \u00e7\u0131kan Osmanl\u0131 Devleti, sava\u015f\u0131n ba\u015f\u0131nda taraf\u00ads\u0131zl\u0131\u011f\u0131n\u0131 ilan etmi\u015f, bo\u011fazlar\u0131 kapatm\u0131\u015f, seferberlik ilan etmi\u015f (seferberlik ilan\u0131; devletin sava\u015fa girece\u00ad\u011finin bir habercisidir) ve kapit\u00fclasyonlar\u0131 da tek tarafl\u0131 olarak kald\u0131rarak meclisi de tatil etmi\u015ftir.<\/p>\n<p>\u00b7\u00a0 Kapit\u00fclasyonlar\u0131n kald\u0131r\u0131lmas\u0131na en b\u00fcy\u00fck tepki Almanya ve Avusturya-Macaristan\u2019dan gelmi\u015ftir. \u0130tilaf Devletleri Osmanl\u0131 Devleti\u2019nin ittifak teklifle\u00adrini kabul etmedikleri gibi kapit\u00fclasyonlar\u0131n kald\u0131\u00adr\u0131lmas\u0131na da \u00f6nemli bir tepkide bulunmam\u0131\u015ft\u0131r.<\/p>\n<p>\u00b7\u00a0 \u0130ttifak teklifi \u0130ngiltere ve Fransa taraf\u0131ndan redde\u00addilen Osmanl\u0131 Devleti, Almanya\u2019ya daha fazla ya\u00adk\u0131nla\u015fm\u0131\u015ft\u0131r. Almanya da bu durumu de\u011ferlendire\u00adrek Osmanl\u0131\u2019y\u0131 kendi yan\u0131na \u00e7ekme gayretini art\u0131r\u00adm\u0131\u015ft\u0131r.<\/p>\n<p>\u00b7\u00a0 Sava\u015f ba\u015flad\u0131ktan sonra \u0130ngilizlerin \u00f6n\u00fcnden ka\u00ad\u00e7an Goeben ve Breslav isimli Alman gemilerini Osmanl\u0131; uluslararas\u0131 hukuka ayk\u0131r\u0131 olmas\u0131na ra\u011f\u00admen, Marmara\u2019ya ald\u0131. Bu gemilerin \u0130ngilizlerin Osmanl\u0131\u2019dan paras\u0131n\u0131 ald\u0131\u011f\u0131 halde, Osmanl\u0131 sipari\u015fi olan Sultan Osman ve Re\u015fadiye gemilerine kar\u015f\u0131l\u0131k sat\u0131n al\u0131nd\u0131\u011f\u0131 bildirildi. 11 A\u011fustos 1914\u2019de mey\u00addana gelen bu olay halka da kabul ettirildi. Fakat halk devletin sava\u015fa girece\u011finden habersizdi.<\/p>\n<p>\u00b7\u00a0 Yavuz ve Midilli adlar\u0131 veri\u00adlerek T\u00fcrk bayra\u011f\u0131 \u00e7ekilmi\u015f olan Alman gemileri, Enver Pa\u015fan\u0131n emri ile Alman komutan Amiral Souchon komutas\u0131nda Karadeniz\u2019e \u00e7\u0131kar\u0131ld\u0131. Bu gemiler, 28-29 Ekim 1914 gecesi Rusya\u2019n\u0131n Odesa ve Sivastopol liman\u00adlar\u0131n\u0131 bombalad\u0131lar. Rusya bunun \u00fczerine Os\u00admanl\u0131\u2019ya 1 Kas\u0131m 1914\u2019de sava\u015f ilan etti.<\/p>\n<p>\u00b7\u00a0 Tarafs\u0131zl\u0131\u011f\u0131n\u0131 12 Kas\u0131m 1914\u2019e kadar koruyan Os\u00admanl\u0131; bu tarihte Rusya\u2019ya sava\u015f ilan etti.<\/p>\n","protected":false},"excerpt":{"rendered":"<p>Birinci D\u00fcnya Sava\u015f\u0131\u2019nda Osmanl\u0131 Devleti \u00b7\u00a0 Trablusgarp ve Balkan sava\u015flar\u0131ndan y\u0131pranm\u0131\u015f olarak \u00e7\u0131kan Osmanl\u0131 Devleti, sava\u015f\u0131n ba\u015f\u0131nda taraf\u00ads\u0131zl\u0131\u011f\u0131n\u0131 ilan etmi\u015f, bo\u011fazlar\u0131 kapatm\u0131\u015f, seferberlik ilan etmi\u015f (seferberlik ilan\u0131; devletin sava\u015fa girece\u00ad\u011finin bir habercisidir) ve kapit\u00fclasyonlar\u0131 da tek tarafl\u0131 olarak kald\u0131rarak meclisi de tatil etmi\u015ftir. \u00b7\u00a0 Kapit\u00fclasyonlar\u0131n kald\u0131r\u0131lmas\u0131na en b\u00fcy\u00fck tepki Almanya ve Avusturya-Macaristan\u2019dan gelmi\u015ftir. \u0130tilaf Devletleri &#8230; <a title=\"Birinci D\u00fcnya Sava\u015f\u0131nda Osmanl\u0131 Devleti\" class=\"read-more\" href=\"https:\/\/www.sorubak.com\/blog\/birinci-dunya-savasinda-osmanli-devleti.html\" aria-label=\"More on Birinci D\u00fcnya Sava\u015f\u0131nda Osmanl\u0131 Devleti\">Devam\u0131n\u0131 oku&#8230;<\/a><\/p>\n","protected":false},"author":1,"featured_media":0,"comment_status":"open","ping_status":"open","sticky":false,"template":"","format":"standard","meta":{"footnotes":""},"categories":[14,20],"tags":[],"class_list":["post-46007","post","type-post","status-publish","format-standard","hentry","category-sosyal-bilgiler","category-tc-ink-tarihi-ve-ataturkculuk"],"_links":{"self":[{"href":"https:\/\/www.sorubak.com\/blog\/wp-json\/wp\/v2\/posts\/46007","targetHints":{"allow":["GET"]}}],"collection":[{"href":"https:\/\/www.sorubak.com\/blog\/wp-json\/wp\/v2\/posts"}],"about":[{"href":"https:\/\/www.sorubak.com\/blog\/wp-json\/wp\/v2\/types\/post"}],"author":[{"embeddable":true,"href":"https:\/\/www.sorubak.com\/blog\/wp-json\/wp\/v2\/users\/1"}],"replies":[{"embeddable":true,"href":"https:\/\/www.sorubak.com\/blog\/wp-json\/wp\/v2\/comments?post=46007"}],"version-history":[{"count":0,"href":"https:\/\/www.sorubak.com\/blog\/wp-json\/wp\/v2\/posts\/46007\/revisions"}],"wp:attachment":[{"href":"https:\/\/www.sorubak.com\/blog\/wp-json\/wp\/v2\/media?parent=46007"}],"wp:term":[{"taxonomy":"category","embeddable":true,"href":"https:\/\/www.sorubak.com\/blog\/wp-json\/wp\/v2\/categories?post=46007"},{"taxonomy":"post_tag","embeddable":true,"href":"https:\/\/www.sorubak.com\/blog\/wp-json\/wp\/v2\/tags?post=46007"}],"curies":[{"name":"wp","href":"https:\/\/api.w.org\/{rel}","templated":true}]}}