{"id":46005,"date":"2013-10-11T21:27:39","date_gmt":"2013-10-11T18:27:39","guid":{"rendered":"http:\/\/www.sorubak.com\/blog\/?p=46005"},"modified":"2013-10-11T21:27:39","modified_gmt":"2013-10-11T18:27:39","slug":"itilaf-devletleri-osmanlinin-savasa-girme%c2%adsini-istememe-nedenleri","status":"publish","type":"post","link":"https:\/\/www.sorubak.com\/blog\/itilaf-devletleri-osmanlinin-savasa-girme%c2%adsini-istememe-nedenleri.html","title":{"rendered":"\u0130tilaf Devletleri Osmanl\u0131n\u0131n Sava\u015fa Girme\u00adsini \u0130stememe Nedenleri"},"content":{"rendered":"<p><span style=\"text-decoration: underline;\">\u0130tilaf Grubu\u2019nun Osmanl\u0131\u2019n\u0131n Sava\u015fa Girme\u00adsini \u0130stememe Nedenleri<\/span><\/p>\n<p>1.Sava\u015f\u0131n alan\u0131n\u0131n geni\u015fleyecek olmas\u0131.<\/p>\n<p>2.\u0130ngiliz s\u00f6m\u00fcrge yollar\u0131n\u0131n tehlikeye girecek ol\u00admas\u0131.<\/p>\n<p>3.Rusya ile \u0130tilaf devletlerinin ba\u011flant\u0131lar\u0131n\u0131n kesi\u00adlecek olmas\u0131<\/p>\n<p>4.\u015eark meselesinin kar\u0131\u015f\u0131k bir ortama gelecek ol\u00admas\u0131<\/p>\n<p>5.S\u00f6m\u00fcrgelerdeki M\u00fcsl\u00fcmanlar\u0131n \u0130ngiltere ve Fransa\u2019ya isyan etme ihtimalinin olmas\u0131.<\/p>\n","protected":false},"excerpt":{"rendered":"<p>\u0130tilaf Grubu\u2019nun Osmanl\u0131\u2019n\u0131n Sava\u015fa Girme\u00adsini \u0130stememe Nedenleri 1.Sava\u015f\u0131n alan\u0131n\u0131n geni\u015fleyecek olmas\u0131. 2.\u0130ngiliz s\u00f6m\u00fcrge yollar\u0131n\u0131n tehlikeye girecek ol\u00admas\u0131. 3.Rusya ile \u0130tilaf devletlerinin ba\u011flant\u0131lar\u0131n\u0131n kesi\u00adlecek olmas\u0131 4.\u015eark meselesinin kar\u0131\u015f\u0131k bir ortama gelecek ol\u00admas\u0131 5.S\u00f6m\u00fcrgelerdeki M\u00fcsl\u00fcmanlar\u0131n \u0130ngiltere ve Fransa\u2019ya isyan etme ihtimalinin olmas\u0131.<\/p>\n","protected":false},"author":1,"featured_media":0,"comment_status":"open","ping_status":"open","sticky":false,"template":"","format":"standard","meta":{"footnotes":""},"categories":[14,20],"tags":[],"class_list":["post-46005","post","type-post","status-publish","format-standard","hentry","category-sosyal-bilgiler","category-tc-ink-tarihi-ve-ataturkculuk"],"_links":{"self":[{"href":"https:\/\/www.sorubak.com\/blog\/wp-json\/wp\/v2\/posts\/46005","targetHints":{"allow":["GET"]}}],"collection":[{"href":"https:\/\/www.sorubak.com\/blog\/wp-json\/wp\/v2\/posts"}],"about":[{"href":"https:\/\/www.sorubak.com\/blog\/wp-json\/wp\/v2\/types\/post"}],"author":[{"embeddable":true,"href":"https:\/\/www.sorubak.com\/blog\/wp-json\/wp\/v2\/users\/1"}],"replies":[{"embeddable":true,"href":"https:\/\/www.sorubak.com\/blog\/wp-json\/wp\/v2\/comments?post=46005"}],"version-history":[{"count":0,"href":"https:\/\/www.sorubak.com\/blog\/wp-json\/wp\/v2\/posts\/46005\/revisions"}],"wp:attachment":[{"href":"https:\/\/www.sorubak.com\/blog\/wp-json\/wp\/v2\/media?parent=46005"}],"wp:term":[{"taxonomy":"category","embeddable":true,"href":"https:\/\/www.sorubak.com\/blog\/wp-json\/wp\/v2\/categories?post=46005"},{"taxonomy":"post_tag","embeddable":true,"href":"https:\/\/www.sorubak.com\/blog\/wp-json\/wp\/v2\/tags?post=46005"}],"curies":[{"name":"wp","href":"https:\/\/api.w.org\/{rel}","templated":true}]}}