{"id":46003,"date":"2013-10-11T21:26:20","date_gmt":"2013-10-11T18:26:20","guid":{"rendered":"http:\/\/www.sorubak.com\/blog\/?p=46003"},"modified":"2013-10-11T21:26:20","modified_gmt":"2013-10-11T18:26:20","slug":"osmanlinin-1-dunya-savasi-oncesi-durumu","status":"publish","type":"post","link":"https:\/\/www.sorubak.com\/blog\/osmanlinin-1-dunya-savasi-oncesi-durumu.html","title":{"rendered":"Osmanl\u0131n\u0131n 1.D\u00fcnya Sava\u015f\u0131 \u00d6ncesi Durumu"},"content":{"rendered":"<p><span style=\"text-decoration: underline;\">Osmanl\u0131\u2019n\u0131n Sava\u015f \u00d6ncesi Durumu<\/span><\/p>\n<p>1.Osmanl\u0131 Devleti \u0130ttihat ve Terakki Partisi tara\u00adf\u0131ndan y\u00f6netilmektedir.<\/p>\n<p>2.Ordu Almanya\u2019n\u0131n deste\u011fi ile modernize edil\u00admeye \u00e7al\u0131\u015f\u0131lmaktad\u0131r.<\/p>\n<p>3.Suriye, Filistin, Irak, L\u00fcbnan ve Hicaz Os\u00admanl\u0131\u2019n\u0131n elindedir.<\/p>\n<p>4.Ege adalar\u0131n\u0131n durumu belirsizdir.<\/p>\n<p>5.Oniki Ada h\u00e2l\u00e2 \u0130talya\u2019n\u0131n elindedir.<\/p>\n<p>6.K\u0131br\u0131s \u0130ngiltere\u2019nin elindedir.<\/p>\n<p>7.Balkan Sava\u015flar\u0131ndan \u00e7\u0131kan Osmanl\u0131 Devleti sava\u015fa haz\u0131r de\u011fildir.<\/p>\n","protected":false},"excerpt":{"rendered":"<p>Osmanl\u0131\u2019n\u0131n Sava\u015f \u00d6ncesi Durumu 1.Osmanl\u0131 Devleti \u0130ttihat ve Terakki Partisi tara\u00adf\u0131ndan y\u00f6netilmektedir. 2.Ordu Almanya\u2019n\u0131n deste\u011fi ile modernize edil\u00admeye \u00e7al\u0131\u015f\u0131lmaktad\u0131r. 3.Suriye, Filistin, Irak, L\u00fcbnan ve Hicaz Os\u00admanl\u0131\u2019n\u0131n elindedir. 4.Ege adalar\u0131n\u0131n durumu belirsizdir. 5.Oniki Ada h\u00e2l\u00e2 \u0130talya\u2019n\u0131n elindedir. 6.K\u0131br\u0131s \u0130ngiltere\u2019nin elindedir. 7.Balkan Sava\u015flar\u0131ndan \u00e7\u0131kan Osmanl\u0131 Devleti sava\u015fa haz\u0131r de\u011fildir.<\/p>\n","protected":false},"author":1,"featured_media":0,"comment_status":"open","ping_status":"open","sticky":false,"template":"","format":"standard","meta":{"footnotes":""},"categories":[14,20],"tags":[],"class_list":["post-46003","post","type-post","status-publish","format-standard","hentry","category-sosyal-bilgiler","category-tc-ink-tarihi-ve-ataturkculuk"],"_links":{"self":[{"href":"https:\/\/www.sorubak.com\/blog\/wp-json\/wp\/v2\/posts\/46003","targetHints":{"allow":["GET"]}}],"collection":[{"href":"https:\/\/www.sorubak.com\/blog\/wp-json\/wp\/v2\/posts"}],"about":[{"href":"https:\/\/www.sorubak.com\/blog\/wp-json\/wp\/v2\/types\/post"}],"author":[{"embeddable":true,"href":"https:\/\/www.sorubak.com\/blog\/wp-json\/wp\/v2\/users\/1"}],"replies":[{"embeddable":true,"href":"https:\/\/www.sorubak.com\/blog\/wp-json\/wp\/v2\/comments?post=46003"}],"version-history":[{"count":0,"href":"https:\/\/www.sorubak.com\/blog\/wp-json\/wp\/v2\/posts\/46003\/revisions"}],"wp:attachment":[{"href":"https:\/\/www.sorubak.com\/blog\/wp-json\/wp\/v2\/media?parent=46003"}],"wp:term":[{"taxonomy":"category","embeddable":true,"href":"https:\/\/www.sorubak.com\/blog\/wp-json\/wp\/v2\/categories?post=46003"},{"taxonomy":"post_tag","embeddable":true,"href":"https:\/\/www.sorubak.com\/blog\/wp-json\/wp\/v2\/tags?post=46003"}],"curies":[{"name":"wp","href":"https:\/\/api.w.org\/{rel}","templated":true}]}}